{"id":2159,"date":"2023-11-29T20:20:00","date_gmt":"2023-11-29T19:20:00","guid":{"rendered":"https:\/\/www.cci.corsica\/?p=2159"},"modified":"2024-05-20T20:23:25","modified_gmt":"2024-05-20T18:23:25","slug":"assemblee-generale-ordinaire-du-29-11-2023","status":"publish","type":"post","link":"https:\/\/www.cci.corsica\/co\/assemblee-generale-ordinaire-du-29-11-2023\/","title":{"rendered":"Assembl\u00e9e G\u00e9n\u00e9rale Ordinaire du 29\/11\/2023"},"content":{"rendered":"<p>Ce mercredi 29 novembre 2023 en pr\u00e9sence de M.PATROU, Secr\u00e9taire G\u00e9n\u00e9ral pour les Affaires de Corse, M. Vincinguerra, Pr\u00e9sident de l\u2019Agence de D\u00e9veloppement \u00c9conomique de la Corse (ADEC), M. &nbsp;MARCAGGI, 1er Vice-Pr\u00e9sident de la&nbsp;Chambre de M\u00e9tiers et de l\u2019Artisanat de Corse, Mme BESSOU-NICAISE, Directrice R\u00e9gionale des Finances Publiques, Mme Di Menza et M. Orsini respectivement 1\u00e8re Vice-Pr\u00e9sidente et Vice-Pr\u00e9sident de la CCI de Corse et de l\u2019ensemble de nos collaborateurs, le Pr\u00e9sident Jean Dominici, a partag\u00e9 les r\u00e9alisations et les enjeux de notre institution dans un discours percutant :<\/p>\n\n\n\n<ul class=\"wp-block-list\">\n<li>Situation financi\u00e8re solide : Nos r\u00e9sultats sont au rendez-vous, avec des investissements importants pour soutenir notre \u00e9conomie.<\/li>\n\n\n\n<li>Projets en cours : Modernisation du Palais des Congr\u00e8s, refonte de la formation, et bien plus encore.<\/li>\n\n\n\n<li>&nbsp;Face aux d\u00e9fis financiers : Nous cherchons constamment des solutions pour pr\u00e9server notre r\u00f4le central dans l\u2019\u00e9conomie corse.<\/li>\n\n\n\n<li>Formation : D\u00e9veloppement de nouvelles sections et projet de l\u2019\u00c9cole Tourisme-\u00c9v\u00e9nementiel-Hospitalit\u00e9 avec la&nbsp;CCI Formation Corsica<\/li>\n\n\n\n<li>R\u00e9forme sp\u00e9cifique : La transition de la tutelle de l\u2019\u00c9tat vers la Collectivit\u00e9 de Corse est en cours, un tournant majeur pour notre institution.<\/li>\n<\/ul>\n\n\n\n<p>Nous vous invitons \u00e0 rester connect\u00e9s pour suivre nos avanc\u00e9es et engagements pour l\u2019\u00e9conomie de la Corse !&nbsp;<\/p>\n\n\n\n<p>Lire le discours dans son int\u00e9gralit\u00e9\u00a0:\u00a0<a href=\"https:\/\/www.cci.corsica\/wp-content\/uploads\/2024\/05\/ago-ccic-29.11.2023_discours-pdt.pdf\" target=\"_blank\" rel=\"noreferrer noopener\">AGO 23 Novembre 2023 \u2013 Pr\u00e9sident J.<\/a><a href=\"http:\/\/www.ccihc.fr\/wp-content\/uploads\/2023\/11\/ago-ccic-29.11.2023_discours-pdt.pdf\" target=\"_blank\" rel=\"noreferrer noopener\"> Dominici<\/a>\u00a0<\/p>","protected":false},"excerpt":{"rendered":"<p>Ce mercredi 29 novembre 2023 en pr\u00e9sence de M.PATROU, Secr\u00e9taire G\u00e9n\u00e9ral pour les Affaires de Corse, M. Vincinguerra, Pr\u00e9sident de l\u2019Agence de D\u00e9veloppement \u00c9conomique de la Corse (ADEC), M. &nbsp;MARCAGGI, 1er Vice-Pr\u00e9sident de la&nbsp;Chambre de M\u00e9tiers et de l\u2019Artisanat de Corse, Mme BESSOU-NICAISE, Directrice R\u00e9gionale des Finances Publiques, Mme Di Menza et M. Orsini respectivement [&hellip;]<\/p>\n","protected":false},"author":4,"featured_media":0,"comment_status":"open","ping_status":"open","sticky":false,"template":"","format":"standard","meta":{"_acf_changed":false,"_seopress_robots_primary_cat":"none","_seopress_titles_title":"","_seopress_titles_desc":"","_seopress_robots_index":"","footnotes":""},"categories":[25],"tags":[],"class_list":["post-2159","post","type-post","status-publish","format-standard","hentry","category-actualite"],"acf":[],"_links":{"self":[{"href":"https:\/\/www.cci.corsica\/co\/wp-json\/wp\/v2\/posts\/2159","targetHints":{"allow":["GET"]}}],"collection":[{"href":"https:\/\/www.cci.corsica\/co\/wp-json\/wp\/v2\/posts"}],"about":[{"href":"https:\/\/www.cci.corsica\/co\/wp-json\/wp\/v2\/types\/post"}],"author":[{"embeddable":true,"href":"https:\/\/www.cci.corsica\/co\/wp-json\/wp\/v2\/users\/4"}],"replies":[{"embeddable":true,"href":"https:\/\/www.cci.corsica\/co\/wp-json\/wp\/v2\/comments?post=2159"}],"version-history":[{"count":2,"href":"https:\/\/www.cci.corsica\/co\/wp-json\/wp\/v2\/posts\/2159\/revisions"}],"predecessor-version":[{"id":2164,"href":"https:\/\/www.cci.corsica\/co\/wp-json\/wp\/v2\/posts\/2159\/revisions\/2164"}],"wp:attachment":[{"href":"https:\/\/www.cci.corsica\/co\/wp-json\/wp\/v2\/media?parent=2159"}],"wp:term":[{"taxonomy":"category","embeddable":true,"href":"https:\/\/www.cci.corsica\/co\/wp-json\/wp\/v2\/categories?post=2159"},{"taxonomy":"post_tag","embeddable":true,"href":"https:\/\/www.cci.corsica\/co\/wp-json\/wp\/v2\/tags?post=2159"}],"curies":[{"name":"wp","href":"https:\/\/api.w.org\/{rel}","templated":true}]}}