{"id":2165,"date":"2023-10-10T20:23:00","date_gmt":"2023-10-10T18:23:00","guid":{"rendered":"https:\/\/www.cci.corsica\/?p=2165"},"modified":"2024-05-20T20:25:37","modified_gmt":"2024-05-20T18:25:37","slug":"ago-de-la-cci-corse-mardi-10-octobre-2023","status":"publish","type":"post","link":"https:\/\/www.cci.corsica\/co\/ago-de-la-cci-corse-mardi-10-octobre-2023\/","title":{"rendered":"AGO DE LA CCI CORSE \u2013 Mardi 10 octobre 2023"},"content":{"rendered":"<p><strong>ASSEMBLEE GENERALE ORDINAIRE\u00a0<\/strong><strong>DE LA CCI CORSE \u2013 Mardi 10 octobre 2023 \u2013 H\u00f4tel Consulaire de Bastia<\/strong><\/p>\n\n\n\n<p>Aujourd\u2019hui, lors de l\u2019Assembl\u00e9e G\u00e9n\u00e9rale Ordinaire du 10 octobre 2023, le Pr\u00e9sident de la CCI de Corse, Jean Dominici, a soulign\u00e9 les nombreux d\u00e9fis auxquels notre r\u00e9gion est confront\u00e9e. Malgr\u00e9 un contexte international marqu\u00e9 par des tensions et des incertitudes, ainsi que des probl\u00e8mes nationaux et locaux, la CCI de Corse demeure r\u00e9solument orient\u00e9e vers l\u2019avenir.<\/p>\n\n\n\n<p>En pr\u00e9sence de M. Le Pr\u00e9fet de Haute-Corse Michel Prozic, M. Herv\u00e9 Barra pour la SGAC et la DREETS, Mme C. Bessou-Nicaise pour la DRFIP, M. I. Audon commissaire aux comptes, Mme D. Pianelli pour la Collectivit\u00e9 de Corse et M. A. Vinciguerra Pr\u00e9sident de l\u2019ADEC, M. J.-C. Martinelli Pr\u00e9sident de la Chambre des M\u00e9tiers et de l\u2019Artisanat de Corse, M. L. Fustec Directeur d\u00e9partemental 2B de la @Banque de France,&nbsp;<\/p>\n\n\n\n<p>Le discours a mis en lumi\u00e8re plusieurs points essentiels :<\/p>\n\n\n\n<ul class=\"wp-block-list\">\n<li>Les enjeux internationaux, avec des conflits et des tensions en Ukraine, au Proche-Orient et en Afrique, ainsi que des cons\u00e9quences telles que les flux migratoires et l\u2019instabilit\u00e9 \u00e9conomique mondiale.<\/li>\n\n\n\n<li>Les difficult\u00e9s \u00e9conomiques nationales et locales, notamment la crise de financement du r\u00e9seau consulaire, la saison touristique mitig\u00e9e en 2023 et la r\u00e9surgence de la violence en Corse.<\/li>\n\n\n\n<li>L\u2019importance de surmonter ces obstacles pour soutenir les entreprises locales, en particulier celles du secteur touristique, qui ne peuvent pas se permettre de subir une autre crise apr\u00e8s la pand\u00e9mie.<\/li>\n\n\n\n<li>Les atouts de la CCI de Corse, notamment sa capacit\u00e9 de travail, ses opportunit\u00e9s favorables et sa coh\u00e9sion avec d\u2019autres acteurs \u00e9conomiques et partenaires.<\/li>\n\n\n\n<li>Les actions futures, notamment la Convention d\u2019Objectifs et de Moyens, le financement des investissements dans les concessions et la pr\u00e9paration de la saison 2024.<\/li>\n\n\n\n<li>L\u2019importance de travailler ensemble pour relever les d\u00e9fis et saisir les opportunit\u00e9s, avec la coh\u00e9sion du monde \u00e9conomique en Corse et les relations avec les partenaires cl\u00e9s.<\/li>\n<\/ul>\n\n\n\n<p>C\u2019est avec conviction que le Pr\u00e9sident J. Dominici a soulign\u00e9 que la CCI de Corse est sur la bonne voie pour p\u00e9renniser son r\u00f4le et contribuer \u00e0 la construction d\u2019un nouveau mod\u00e8le \u00e9conomique pour la Corse.<\/p>\n\n\n\n<div class=\"wp-block-buttons is-layout-flex wp-block-buttons-is-layout-flex\">\n<div class=\"wp-block-button\"><a class=\"wp-block-button__link wp-element-button\" href=\"https:\/\/www.cci.corsica\/wp-content\/uploads\/2024\/05\/ago-ccic-10.10.2023_discours-president-diff.pdf\">Lire le discours du Pr\u00e9sident Jean Dominici<\/a><\/div>\n<\/div>","protected":false},"excerpt":{"rendered":"<p>ASSEMBLEE GENERALE ORDINAIRE\u00a0DE LA CCI CORSE \u2013 Mardi 10 octobre 2023 \u2013 H\u00f4tel Consulaire de Bastia Aujourd\u2019hui, lors de l\u2019Assembl\u00e9e G\u00e9n\u00e9rale Ordinaire du 10 octobre 2023, le Pr\u00e9sident de la CCI de Corse, Jean Dominici, a soulign\u00e9 les nombreux d\u00e9fis auxquels notre r\u00e9gion est confront\u00e9e. Malgr\u00e9 un contexte international marqu\u00e9 par des tensions et des [&hellip;]<\/p>\n","protected":false},"author":4,"featured_media":0,"comment_status":"open","ping_status":"open","sticky":false,"template":"","format":"standard","meta":{"_acf_changed":false,"_seopress_robots_primary_cat":"none","_seopress_titles_title":"","_seopress_titles_desc":"","_seopress_robots_index":"","footnotes":""},"categories":[1],"tags":[],"class_list":["post-2165","post","type-post","status-publish","format-standard","hentry","category-divers"],"acf":[],"_links":{"self":[{"href":"https:\/\/www.cci.corsica\/co\/wp-json\/wp\/v2\/posts\/2165","targetHints":{"allow":["GET"]}}],"collection":[{"href":"https:\/\/www.cci.corsica\/co\/wp-json\/wp\/v2\/posts"}],"about":[{"href":"https:\/\/www.cci.corsica\/co\/wp-json\/wp\/v2\/types\/post"}],"author":[{"embeddable":true,"href":"https:\/\/www.cci.corsica\/co\/wp-json\/wp\/v2\/users\/4"}],"replies":[{"embeddable":true,"href":"https:\/\/www.cci.corsica\/co\/wp-json\/wp\/v2\/comments?post=2165"}],"version-history":[{"count":1,"href":"https:\/\/www.cci.corsica\/co\/wp-json\/wp\/v2\/posts\/2165\/revisions"}],"predecessor-version":[{"id":2169,"href":"https:\/\/www.cci.corsica\/co\/wp-json\/wp\/v2\/posts\/2165\/revisions\/2169"}],"wp:attachment":[{"href":"https:\/\/www.cci.corsica\/co\/wp-json\/wp\/v2\/media?parent=2165"}],"wp:term":[{"taxonomy":"category","embeddable":true,"href":"https:\/\/www.cci.corsica\/co\/wp-json\/wp\/v2\/categories?post=2165"},{"taxonomy":"post_tag","embeddable":true,"href":"https:\/\/www.cci.corsica\/co\/wp-json\/wp\/v2\/tags?post=2165"}],"curies":[{"name":"wp","href":"https:\/\/api.w.org\/{rel}","templated":true}]}}