{"id":2315,"date":"2024-02-05T09:22:00","date_gmt":"2024-02-05T08:22:00","guid":{"rendered":"https:\/\/www.cci.corsica\/?p=2315"},"modified":"2024-05-31T16:15:41","modified_gmt":"2024-05-31T14:15:41","slug":"la-lettre-fevrier-2024","status":"publish","type":"post","link":"https:\/\/www.cci.corsica\/co\/la-lettre-fevrier-2024\/","title":{"rendered":"La Lettre n\u00b040 &#8211; f\u00e9vrier 2024"},"content":{"rendered":"<!--more-->\n\n\n\n<p>L\u2019ambition clairement affich\u00e9e est de connecter la ville moderne \u00e0 la ville historique et \u00e0 la mer pour en faire un ensemble paysager coh\u00e9rent. Tous les grands enjeux sont convoqu\u00e9s&nbsp;: l\u2019urbanisme, la mobilit\u00e9, l\u2019environnement, l\u2019\u00e9conomie locale.&nbsp;<\/p>\n\n\n\n<p>La CCI de Corse est partie prenante de cette grande aventure, sans pr\u00e9c\u00e9dent en Corse, d\u2019am\u00e9nagement du territoire, notamment \u00e0 travers le port de commerce destin\u00e9 \u00e0 devenir un site-phare du d\u00e9veloppement durable. Elle a sign\u00e9 un protocole aux c\u00f4t\u00e9s de l\u2019\u00c9tat, de la Collectivit\u00e9 de Corse, de la CAPA et de la Ville d\u2019Ajaccio.&nbsp;<\/p>\n\n\n\n<p>Pr\u00e9sident et maire de ces derniers, St\u00e9phane Sbraggia salue dans l\u2019entretien qu\u2019il accorde la volont\u00e9 des partenaires de faire bloc au-del\u00e0 des divergences, et souligne la qualit\u00e9 des rapports avec notre institution.<\/p>\n\n\n\n<p>La Lettre se fait encore l\u2019\u00e9cho du choix du travail \u00e0 l\u2019unisson mais dans tout autre domaine, celui de la valorisation des d\u00e9chets organiques pour laquelle les deux secteurs d\u2019activit\u00e9, l\u2019agriculture et l\u2019agroalimentaire, ont pris l\u2019engagement de r\u00e9fl\u00e9chir \u00e0 des projets communs.<\/p>\n\n\n\n<div class=\"wp-block-buttons is-content-justification-right is-layout-flex wp-container-core-buttons-is-layout-d445cf74 wp-block-buttons-is-layout-flex\">\n<div class=\"wp-block-button\"><a class=\"wp-block-button__link wp-element-button\" href=\"https:\/\/www.calameo.com\/read\/00634001873a7e14f9c42\" target=\"_blank\" rel=\"noreferrer noopener\">Lire La Lettre n\u00b040<\/a><\/div>\n<\/div>","protected":false},"excerpt":{"rendered":"<p>\u00ab\u00a0La Lettre\u00a0\u00bb de la CCI de Corse du mois de f\u00e9vrier consacre une large place au projet, in\u00e9dit par son ampleur, relatif au remodelage profond de la Baie d\u2019Ajaccio.<\/p>","protected":false},"author":4,"featured_media":2982,"comment_status":"closed","ping_status":"open","sticky":false,"template":"","format":"standard","meta":{"_acf_changed":false,"_seopress_robots_primary_cat":"17","_seopress_titles_title":"","_seopress_titles_desc":"","_seopress_robots_index":"","footnotes":""},"categories":[17],"tags":[],"class_list":["post-2315","post","type-post","status-publish","format-standard","has-post-thumbnail","hentry","category-la-lettre"],"acf":[],"_links":{"self":[{"href":"https:\/\/www.cci.corsica\/co\/wp-json\/wp\/v2\/posts\/2315","targetHints":{"allow":["GET"]}}],"collection":[{"href":"https:\/\/www.cci.corsica\/co\/wp-json\/wp\/v2\/posts"}],"about":[{"href":"https:\/\/www.cci.corsica\/co\/wp-json\/wp\/v2\/types\/post"}],"author":[{"embeddable":true,"href":"https:\/\/www.cci.corsica\/co\/wp-json\/wp\/v2\/users\/4"}],"replies":[{"embeddable":true,"href":"https:\/\/www.cci.corsica\/co\/wp-json\/wp\/v2\/comments?post=2315"}],"version-history":[{"count":2,"href":"https:\/\/www.cci.corsica\/co\/wp-json\/wp\/v2\/posts\/2315\/revisions"}],"predecessor-version":[{"id":2537,"href":"https:\/\/www.cci.corsica\/co\/wp-json\/wp\/v2\/posts\/2315\/revisions\/2537"}],"wp:featuredmedia":[{"embeddable":true,"href":"https:\/\/www.cci.corsica\/co\/wp-json\/wp\/v2\/media\/2982"}],"wp:attachment":[{"href":"https:\/\/www.cci.corsica\/co\/wp-json\/wp\/v2\/media?parent=2315"}],"wp:term":[{"taxonomy":"category","embeddable":true,"href":"https:\/\/www.cci.corsica\/co\/wp-json\/wp\/v2\/categories?post=2315"},{"taxonomy":"post_tag","embeddable":true,"href":"https:\/\/www.cci.corsica\/co\/wp-json\/wp\/v2\/tags?post=2315"}],"curies":[{"name":"wp","href":"https:\/\/api.w.org\/{rel}","templated":true}]}}