{"id":2319,"date":"2024-01-05T09:27:00","date_gmt":"2024-01-05T08:27:00","guid":{"rendered":"https:\/\/www.cci.corsica\/?p=2319"},"modified":"2024-05-31T16:17:00","modified_gmt":"2024-05-31T14:17:00","slug":"la-lettre-janvier-2024","status":"publish","type":"post","link":"https:\/\/www.cci.corsica\/co\/la-lettre-janvier-2024\/","title":{"rendered":"La Lettre n\u00b039 &#8211; janvier 2024"},"content":{"rendered":"<!--more-->\n\n\n\n<p>J\u2019ai le plaisir de vous adresser \u00ab&nbsp;La Lettre&nbsp;\u00bb de la CCI de Corse, la premi\u00e8re de l\u2019ann\u00e9e, que j\u2019accompagne de mes v\u0153ux de Pace \u00e8 Salute pour chacun d\u2019entre vous et vos proches.&nbsp;<\/p>\n\n\n\n<p>Des v\u0153ux d\u2019autant plus sinc\u00e8res et fond\u00e9s apr\u00e8s les ann\u00e9es difficiles que nous avons travers\u00e9es, surmont\u00e9es ensemble, gr\u00e2ce \u00e0 la confiance et au respect r\u00e9ciproques qui nous animent. Il faut croire que l\u2019annonce rassurante venue de Bercy lors de la visite au mois de d\u00e9cembre de la Ministre Olivia Gr\u00e9goire sur la confirmation de son plein soutien \u00e0 la r\u00e9forme statutaire de notre CCI \u00e9tait de bon augure pour amorcer l\u2019ann\u00e9e 2024.<\/p>\n\n\n\n<p>La ministre des PME, du Commerce et du Tourisme a effectu\u00e9 une longue escale \u00e0 l\u2019h\u00f4tel consulaire de Bastia pour se mettre \u00e0 l\u2019\u00e9coute du monde \u00e9conomique insulaire. La Lettre rend compte de ses \u00e9changes et de sa d\u00e9termination \u00e0 simplifier la vie des entreprises. Dans l\u2019entretien qu\u2019elle a accord\u00e9 \u00e0 notre publication, elle se dit convaincue que, compte-tenu de ses atouts et des \u00e9volutions institutionnelles attendues, la Corse est promise \u00e0 un bel avenir \u00e9conomique.&nbsp;<\/p>\n\n\n\n<p>Voil\u00e0 bien un v\u0153u que nous souhaitons de tout c\u0153ur voir exauc\u00e9\u2026<\/p>\n\n\n\n<p>C\u2019est sur cette note optimiste que je vous souhaite bonne lecture et, une fois encore, Pace \u00e8 Salute&nbsp;!<\/p>\n\n\n\n<p><strong>Jean DOMINICI<\/strong><\/p>\n\n\n\n<div class=\"wp-block-buttons is-content-justification-right is-layout-flex wp-container-core-buttons-is-layout-d445cf74 wp-block-buttons-is-layout-flex\">\n<div class=\"wp-block-button\"><a class=\"wp-block-button__link wp-element-button\" href=\"https:\/\/www.calameo.com\/read\/006340018efaa00f43023\" target=\"_blank\" rel=\"noreferrer noopener\">Lire La Lettre n\u00b039<\/a><\/div>\n<\/div>","protected":false},"excerpt":{"rendered":"<p>Le rendez-vous \u00e9ditorial mensuel de la CCI de Corse. Nouvelle \u00e9dition en ligne! <\/p>","protected":false},"author":4,"featured_media":2984,"comment_status":"closed","ping_status":"open","sticky":false,"template":"","format":"standard","meta":{"_acf_changed":false,"_seopress_robots_primary_cat":"17","_seopress_titles_title":"","_seopress_titles_desc":"","_seopress_robots_index":"","footnotes":""},"categories":[17],"tags":[],"class_list":["post-2319","post","type-post","status-publish","format-standard","has-post-thumbnail","hentry","category-la-lettre"],"acf":[],"_links":{"self":[{"href":"https:\/\/www.cci.corsica\/co\/wp-json\/wp\/v2\/posts\/2319","targetHints":{"allow":["GET"]}}],"collection":[{"href":"https:\/\/www.cci.corsica\/co\/wp-json\/wp\/v2\/posts"}],"about":[{"href":"https:\/\/www.cci.corsica\/co\/wp-json\/wp\/v2\/types\/post"}],"author":[{"embeddable":true,"href":"https:\/\/www.cci.corsica\/co\/wp-json\/wp\/v2\/users\/4"}],"replies":[{"embeddable":true,"href":"https:\/\/www.cci.corsica\/co\/wp-json\/wp\/v2\/comments?post=2319"}],"version-history":[{"count":3,"href":"https:\/\/www.cci.corsica\/co\/wp-json\/wp\/v2\/posts\/2319\/revisions"}],"predecessor-version":[{"id":2538,"href":"https:\/\/www.cci.corsica\/co\/wp-json\/wp\/v2\/posts\/2319\/revisions\/2538"}],"wp:featuredmedia":[{"embeddable":true,"href":"https:\/\/www.cci.corsica\/co\/wp-json\/wp\/v2\/media\/2984"}],"wp:attachment":[{"href":"https:\/\/www.cci.corsica\/co\/wp-json\/wp\/v2\/media?parent=2319"}],"wp:term":[{"taxonomy":"category","embeddable":true,"href":"https:\/\/www.cci.corsica\/co\/wp-json\/wp\/v2\/categories?post=2319"},{"taxonomy":"post_tag","embeddable":true,"href":"https:\/\/www.cci.corsica\/co\/wp-json\/wp\/v2\/tags?post=2319"}],"curies":[{"name":"wp","href":"https:\/\/api.w.org\/{rel}","templated":true}]}}