{"id":2322,"date":"2023-12-07T09:37:00","date_gmt":"2023-12-07T08:37:00","guid":{"rendered":"https:\/\/www.cci.corsica\/?p=2322"},"modified":"2024-05-31T16:18:04","modified_gmt":"2024-05-31T14:18:04","slug":"la-lettre-decembre-2023","status":"publish","type":"post","link":"https:\/\/www.cci.corsica\/co\/la-lettre-decembre-2023\/","title":{"rendered":"La Lettre n\u00b038 &#8211; d\u00e9cembre 2023"},"content":{"rendered":"<!--more-->\n\n\n\n<p>La garantie de la p\u00e9rennit\u00e9 de notre institution et un nouvel \u00e9lan pour l\u2019\u00e9conomie insulaire. Il a eu l\u2019occasion de l\u2019annoncer de vive voix au Pr\u00e9sident du Conseil Ex\u00e9cutif.<\/p>\n\n\n\n<p>C\u2019est dans ce contexte dynamique que notre CCI va cr\u00e9er, de concert avec la Chambre r\u00e9gionale de M\u00e9tiers et de l\u2019Artisanat, le groupe \u00ab&nbsp;Ampar\u00e0 M\u00e9diterran\u00e9e&nbsp;\u00bb qui mettra le cap sur la formation d\u2019excellence \u00e0 la mesure des attentes et des ambitions de notre jeunesse.&nbsp;<\/p>\n\n\n\n<p>L\u2019organisation de la \u00ab&nbsp;Nuit de l\u2019orientation&nbsp;\u00bb \u00e0 Ajaccio et Bastia et la premi\u00e8re \u00e9dition de la \u00ab&nbsp;Journ\u00e9e de l\u2019Agroalimentaire&nbsp;\u00bb \u00e0 Ghisonaccia s\u2019inscrivent dans le m\u00eame \u00e9tat d\u2019esprit.<\/p>\n\n\n\n<p>Enfin, cette derni\u00e8re \u00e9dition relate un long entretien avec Riyad Djaffar, haut fonctionnaire de l\u2019\u00c9tat en charge de la Mer et du Littoral et partenaire assidu de la CCI de Corse pour les activit\u00e9s \u00e9conomiques des plages et la gestion de nos ports.<\/p>\n\n\n\n<p>Vous en souhaitant bonne lecture et d\u2019excellentes f\u00eates personnelles et professionnelles<\/p>\n\n\n\n<div class=\"wp-block-buttons is-content-justification-right is-layout-flex wp-container-core-buttons-is-layout-d445cf74 wp-block-buttons-is-layout-flex\">\n<div class=\"wp-block-button\"><a class=\"wp-block-button__link wp-element-button\" href=\"https:\/\/www.calameo.com\/read\/006340018e9323db0bbab\" target=\"_blank\" rel=\"noreferrer noopener\">Lire La Lettre n\u00b038<\/a><\/div>\n<\/div>","protected":false},"excerpt":{"rendered":"<p>La derni\u00e8re de l\u2019ann\u00e9e fleure bon les f\u00eates de No\u00ebl puisqu\u2019elle est porteuse d\u2019une nouvelle importante\u00a0: Bruno Le Maire, le ministre de l\u2019\u00c9conomie et de Finances, est r\u00e9solu \u00e0 acc\u00e9l\u00e9rer le processus de transfert de tutelle de l\u2019Etat vers la Collectivit\u00e9 de Corse\u2026<\/p>","protected":false},"author":4,"featured_media":2985,"comment_status":"closed","ping_status":"open","sticky":false,"template":"","format":"standard","meta":{"_acf_changed":false,"_seopress_robots_primary_cat":"17","_seopress_titles_title":"","_seopress_titles_desc":"","_seopress_robots_index":"","footnotes":""},"categories":[17],"tags":[],"class_list":["post-2322","post","type-post","status-publish","format-standard","has-post-thumbnail","hentry","category-la-lettre"],"acf":[],"_links":{"self":[{"href":"https:\/\/www.cci.corsica\/co\/wp-json\/wp\/v2\/posts\/2322","targetHints":{"allow":["GET"]}}],"collection":[{"href":"https:\/\/www.cci.corsica\/co\/wp-json\/wp\/v2\/posts"}],"about":[{"href":"https:\/\/www.cci.corsica\/co\/wp-json\/wp\/v2\/types\/post"}],"author":[{"embeddable":true,"href":"https:\/\/www.cci.corsica\/co\/wp-json\/wp\/v2\/users\/4"}],"replies":[{"embeddable":true,"href":"https:\/\/www.cci.corsica\/co\/wp-json\/wp\/v2\/comments?post=2322"}],"version-history":[{"count":2,"href":"https:\/\/www.cci.corsica\/co\/wp-json\/wp\/v2\/posts\/2322\/revisions"}],"predecessor-version":[{"id":2535,"href":"https:\/\/www.cci.corsica\/co\/wp-json\/wp\/v2\/posts\/2322\/revisions\/2535"}],"wp:featuredmedia":[{"embeddable":true,"href":"https:\/\/www.cci.corsica\/co\/wp-json\/wp\/v2\/media\/2985"}],"wp:attachment":[{"href":"https:\/\/www.cci.corsica\/co\/wp-json\/wp\/v2\/media?parent=2322"}],"wp:term":[{"taxonomy":"category","embeddable":true,"href":"https:\/\/www.cci.corsica\/co\/wp-json\/wp\/v2\/categories?post=2322"},{"taxonomy":"post_tag","embeddable":true,"href":"https:\/\/www.cci.corsica\/co\/wp-json\/wp\/v2\/tags?post=2322"}],"curies":[{"name":"wp","href":"https:\/\/api.w.org\/{rel}","templated":true}]}}