{"id":2325,"date":"2023-11-08T09:41:00","date_gmt":"2023-11-08T08:41:00","guid":{"rendered":"https:\/\/www.cci.corsica\/?p=2325"},"modified":"2024-05-31T16:20:19","modified_gmt":"2024-05-31T14:20:19","slug":"la-lettre-novembre-2023","status":"publish","type":"post","link":"https:\/\/www.cci.corsica\/co\/la-lettre-novembre-2023\/","title":{"rendered":"La Lettre n\u00b037 &#8211; novembre 2023"},"content":{"rendered":"<!--more-->\n\n\n\n<p>Notre derni\u00e8re assembl\u00e9e g\u00e9n\u00e9rale t\u00e9moigne de cette union sacr\u00e9e autour de notre institution qui demeure plus que jamais un solide point d\u2019ancrage. En particulier pour les socioprofessionnels du tourisme, qui ne sont pas sortis indemnes d\u2019une saison loin d\u2019avoir tenu ses promesses, et pour le commerce de proximit\u00e9 soutenu, comme cela est rapport\u00e9, gr\u00e2ce aux efforts conjugu\u00e9s de la CCI et de la Collectivit\u00e9 de Corse.<\/p>\n\n\n\n<p>Le portrait du mois est consacr\u00e9 \u00e0 un \u00e9conomiste de renom, Fran\u00e7ois Lenglet, mari\u00e9 \u00e0 la Corse \u00e0 plus d\u2019un titre et le coup de projecteur port\u00e9 sur la fili\u00e8re des agrumes \u00e9claire parfaitement le r\u00f4le d\u00e9terminant de la chambre en faveur de l\u2019exportation. La s\u00e9quence internationale \u00e9tant avantageusement compl\u00e9t\u00e9e par la visite dans nos locaux de son Excellence l\u2019ambassadeur du Vietnam qui esp\u00e8re int\u00e9grer la Corse dans ses futurs accords de libre-\u00e9change avec la France.<\/p>\n\n\n\n<p>Vous en souhaitant bonne lecture et d\u2019excellentes f\u00eates personnelles et professionnelles<\/p>\n\n\n\n<div class=\"wp-block-buttons is-content-justification-right is-layout-flex wp-container-core-buttons-is-layout-d445cf74 wp-block-buttons-is-layout-flex\">\n<div class=\"wp-block-button\"><a class=\"wp-block-button__link wp-element-button\" href=\"https:\/\/www.calameo.com\/read\/0063400186d5db1485373\" target=\"_blank\" rel=\"noreferrer noopener\">Lire La Lettre n\u00b037<\/a><\/div>\n<\/div>","protected":false},"excerpt":{"rendered":"<p>\u00ab\u00a0La Lettre\u00a0\u00bb de la CCI de Corse du mois de novembre\u00a0rend compte d\u2019un \u00e9tat d\u2019esprit offensif, celui du monde \u00e9conomique qui se f\u00e9d\u00e8re pour mieux surmonter les \u00e9preuves.<\/p>","protected":false},"author":4,"featured_media":2986,"comment_status":"closed","ping_status":"open","sticky":false,"template":"","format":"standard","meta":{"_acf_changed":false,"_seopress_robots_primary_cat":"none","_seopress_titles_title":"","_seopress_titles_desc":"","_seopress_robots_index":"","footnotes":""},"categories":[17],"tags":[],"class_list":["post-2325","post","type-post","status-publish","format-standard","has-post-thumbnail","hentry","category-la-lettre"],"acf":[],"_links":{"self":[{"href":"https:\/\/www.cci.corsica\/co\/wp-json\/wp\/v2\/posts\/2325","targetHints":{"allow":["GET"]}}],"collection":[{"href":"https:\/\/www.cci.corsica\/co\/wp-json\/wp\/v2\/posts"}],"about":[{"href":"https:\/\/www.cci.corsica\/co\/wp-json\/wp\/v2\/types\/post"}],"author":[{"embeddable":true,"href":"https:\/\/www.cci.corsica\/co\/wp-json\/wp\/v2\/users\/4"}],"replies":[{"embeddable":true,"href":"https:\/\/www.cci.corsica\/co\/wp-json\/wp\/v2\/comments?post=2325"}],"version-history":[{"count":2,"href":"https:\/\/www.cci.corsica\/co\/wp-json\/wp\/v2\/posts\/2325\/revisions"}],"predecessor-version":[{"id":2534,"href":"https:\/\/www.cci.corsica\/co\/wp-json\/wp\/v2\/posts\/2325\/revisions\/2534"}],"wp:featuredmedia":[{"embeddable":true,"href":"https:\/\/www.cci.corsica\/co\/wp-json\/wp\/v2\/media\/2986"}],"wp:attachment":[{"href":"https:\/\/www.cci.corsica\/co\/wp-json\/wp\/v2\/media?parent=2325"}],"wp:term":[{"taxonomy":"category","embeddable":true,"href":"https:\/\/www.cci.corsica\/co\/wp-json\/wp\/v2\/categories?post=2325"},{"taxonomy":"post_tag","embeddable":true,"href":"https:\/\/www.cci.corsica\/co\/wp-json\/wp\/v2\/tags?post=2325"}],"curies":[{"name":"wp","href":"https:\/\/api.w.org\/{rel}","templated":true}]}}