{"id":2329,"date":"2023-10-05T09:47:00","date_gmt":"2023-10-05T07:47:00","guid":{"rendered":"https:\/\/www.cci.corsica\/?p=2329"},"modified":"2024-05-31T16:21:15","modified_gmt":"2024-05-31T14:21:15","slug":"la-lettre-octobre-2023","status":"publish","type":"post","link":"https:\/\/www.cci.corsica\/co\/la-lettre-octobre-2023\/","title":{"rendered":"La Lettre n\u00b036 &#8211; Sp\u00e9ciale Visite Pr\u00e9sidentielle"},"content":{"rendered":"<!--more-->\n\n\n\n<p>Au-del\u00e0 de la dimension m\u00e9morielle du 80eme anniversaire de la lib\u00e9ration de la Corse, le Chef de l\u2019\u00c9tat a ouvert la voie \u00e0 un statut d\u2019autonomie. Son passage \u00e0 Bastia nous a permis de lui remettre un dossier sur les besoins et les attentes de l\u2019\u00e9conomie de l\u2019\u00eele.<\/p>\n\n\n\n<p>La pr\u00e9sente Lettre rend compte de ce d\u00e9placement pr\u00e9sidentiel en Corse et des perspectives qu\u2019il ouvre.<\/p>\n\n\n\n<div class=\"wp-block-buttons is-content-justification-right is-layout-flex wp-container-core-buttons-is-layout-d445cf74 wp-block-buttons-is-layout-flex\">\n<div class=\"wp-block-button\"><a class=\"wp-block-button__link wp-element-button\" href=\"https:\/\/www.calameo.com\/read\/006340018a274e1cb1b6a\" target=\"_blank\" rel=\"noreferrer noopener\">Lire La Lettre n\u00b036<\/a><\/div>\n<\/div>","protected":false},"excerpt":{"rendered":"<p>Nouvelle \u00e9dition de La Lettre de la CCI de Corse enti\u00e8rement consacr\u00e9 \u00e0 la visite du Pr\u00e9sident de la R\u00e9publique.<\/p>","protected":false},"author":4,"featured_media":2987,"comment_status":"closed","ping_status":"open","sticky":false,"template":"","format":"standard","meta":{"_acf_changed":false,"_seopress_robots_primary_cat":"17","_seopress_titles_title":"","_seopress_titles_desc":"","_seopress_robots_index":"","footnotes":""},"categories":[17],"tags":[],"class_list":["post-2329","post","type-post","status-publish","format-standard","has-post-thumbnail","hentry","category-la-lettre"],"acf":[],"_links":{"self":[{"href":"https:\/\/www.cci.corsica\/co\/wp-json\/wp\/v2\/posts\/2329","targetHints":{"allow":["GET"]}}],"collection":[{"href":"https:\/\/www.cci.corsica\/co\/wp-json\/wp\/v2\/posts"}],"about":[{"href":"https:\/\/www.cci.corsica\/co\/wp-json\/wp\/v2\/types\/post"}],"author":[{"embeddable":true,"href":"https:\/\/www.cci.corsica\/co\/wp-json\/wp\/v2\/users\/4"}],"replies":[{"embeddable":true,"href":"https:\/\/www.cci.corsica\/co\/wp-json\/wp\/v2\/comments?post=2329"}],"version-history":[{"count":2,"href":"https:\/\/www.cci.corsica\/co\/wp-json\/wp\/v2\/posts\/2329\/revisions"}],"predecessor-version":[{"id":2532,"href":"https:\/\/www.cci.corsica\/co\/wp-json\/wp\/v2\/posts\/2329\/revisions\/2532"}],"wp:featuredmedia":[{"embeddable":true,"href":"https:\/\/www.cci.corsica\/co\/wp-json\/wp\/v2\/media\/2987"}],"wp:attachment":[{"href":"https:\/\/www.cci.corsica\/co\/wp-json\/wp\/v2\/media?parent=2329"}],"wp:term":[{"taxonomy":"category","embeddable":true,"href":"https:\/\/www.cci.corsica\/co\/wp-json\/wp\/v2\/categories?post=2329"},{"taxonomy":"post_tag","embeddable":true,"href":"https:\/\/www.cci.corsica\/co\/wp-json\/wp\/v2\/tags?post=2329"}],"curies":[{"name":"wp","href":"https:\/\/api.w.org\/{rel}","templated":true}]}}