{"id":2332,"date":"2023-09-11T09:53:00","date_gmt":"2023-09-11T07:53:00","guid":{"rendered":"https:\/\/www.cci.corsica\/?p=2332"},"modified":"2024-05-31T16:21:58","modified_gmt":"2024-05-31T14:21:58","slug":"la-lettre-septembre-2023","status":"publish","type":"post","link":"https:\/\/www.cci.corsica\/co\/la-lettre-septembre-2023\/","title":{"rendered":"La Lettre n\u00b035 &#8211; septembre 2023"},"content":{"rendered":"<!--more-->\n\n\n\n<p>Elle est le reflet des inqui\u00e9tudes et des attentes apr\u00e8s une saison touristique rat\u00e9e. Pourtant,&nbsp;le Collectif des socioprofessionnels&nbsp;mise beaucoup sur les engagements pris par le Conseil ex\u00e9cutif de Corse au cours de la table ronde de juillet pour soutenir les entreprises en difficult\u00e9 et remettre l\u2019\u00e9conomie sur de bons rails.&nbsp;<\/p>\n\n\n\n<p>\u00c0 la t\u00eate de notre commission \u00ab&nbsp;Tourisme&nbsp;\u00bb et pr\u00e9sidente de l\u2019UMIH,&nbsp;Karina Goffi&nbsp;stigmatise l\u2019absence de r\u00e9action des pouvoirs publics contre le paracommercialisme comme j\u2019ai eu l\u2019occasion de le faire \u00e0 maintes reprises.&nbsp;<\/p>\n\n\n\n<p>Un coup de projecteur est \u00e9galement port\u00e9 sur&nbsp;les transporteurs routiers de marchandises&nbsp;qui ne sont toujours pas sur un pied d\u2019\u00e9galit\u00e9 avec leurs coll\u00e8gues continentaux.<\/p>\n\n\n\n<p>Loin de baisser les bras, notre chambre prend des d\u00e9cisions utiles comme la cr\u00e9ation in\u00e9dite d\u2019un&nbsp;<a href=\"https:\/\/www.cci.corsica\/co\/fonds-dingenierie-de-projet-iaa\/\" data-type=\"page\" data-id=\"2081\" target=\"_blank\" rel=\"noreferrer noopener\">Fonds d\u2019ing\u00e9nierie<\/a>&nbsp;pour gagner en efficacit\u00e9 dans les appels \u00e0 projets europ\u00e9ens et nationaux.<\/p>\n\n\n\n<p>Cette efficience dans l\u2019action et la gestion, une d\u00e9l\u00e9gation de la M\u00e9tropole de Tokyo&nbsp;a pu l\u2019appr\u00e9cier lors de sa visite de nos infrastructures \u00e0 Ajaccio.<\/p>\n\n\n\n<div class=\"wp-block-buttons is-content-justification-right is-layout-flex wp-container-core-buttons-is-layout-d445cf74 wp-block-buttons-is-layout-flex\">\n<div class=\"wp-block-button\"><a class=\"wp-block-button__link wp-element-button\" href=\"https:\/\/www.calameo.com\/read\/006340018087ae3138a9c\" target=\"_blank\" rel=\"noreferrer noopener\">Lire La Lettre n\u00b035<\/a><\/div>\n<\/div>","protected":false},"excerpt":{"rendered":"<p>Cette \u00e9dition de \u00ab\u00a0La Lettre\u00a0\u00bb de la CCI de Corse du mois de septembre \u00a0marque la rentr\u00e9e des classes.\u00a0<\/p>","protected":false},"author":4,"featured_media":2988,"comment_status":"closed","ping_status":"open","sticky":false,"template":"","format":"standard","meta":{"_acf_changed":false,"_seopress_robots_primary_cat":"17","_seopress_titles_title":"","_seopress_titles_desc":"","_seopress_robots_index":"","footnotes":""},"categories":[17],"tags":[],"class_list":["post-2332","post","type-post","status-publish","format-standard","has-post-thumbnail","hentry","category-la-lettre"],"acf":[],"_links":{"self":[{"href":"https:\/\/www.cci.corsica\/co\/wp-json\/wp\/v2\/posts\/2332","targetHints":{"allow":["GET"]}}],"collection":[{"href":"https:\/\/www.cci.corsica\/co\/wp-json\/wp\/v2\/posts"}],"about":[{"href":"https:\/\/www.cci.corsica\/co\/wp-json\/wp\/v2\/types\/post"}],"author":[{"embeddable":true,"href":"https:\/\/www.cci.corsica\/co\/wp-json\/wp\/v2\/users\/4"}],"replies":[{"embeddable":true,"href":"https:\/\/www.cci.corsica\/co\/wp-json\/wp\/v2\/comments?post=2332"}],"version-history":[{"count":4,"href":"https:\/\/www.cci.corsica\/co\/wp-json\/wp\/v2\/posts\/2332\/revisions"}],"predecessor-version":[{"id":2531,"href":"https:\/\/www.cci.corsica\/co\/wp-json\/wp\/v2\/posts\/2332\/revisions\/2531"}],"wp:featuredmedia":[{"embeddable":true,"href":"https:\/\/www.cci.corsica\/co\/wp-json\/wp\/v2\/media\/2988"}],"wp:attachment":[{"href":"https:\/\/www.cci.corsica\/co\/wp-json\/wp\/v2\/media?parent=2332"}],"wp:term":[{"taxonomy":"category","embeddable":true,"href":"https:\/\/www.cci.corsica\/co\/wp-json\/wp\/v2\/categories?post=2332"},{"taxonomy":"post_tag","embeddable":true,"href":"https:\/\/www.cci.corsica\/co\/wp-json\/wp\/v2\/tags?post=2332"}],"curies":[{"name":"wp","href":"https:\/\/api.w.org\/{rel}","templated":true}]}}