{"id":2335,"date":"2023-07-10T10:01:00","date_gmt":"2023-07-10T08:01:00","guid":{"rendered":"https:\/\/www.cci.corsica\/?p=2335"},"modified":"2024-05-31T16:23:17","modified_gmt":"2024-05-31T14:23:17","slug":"la-lettre-ete-2023","status":"publish","type":"post","link":"https:\/\/www.cci.corsica\/co\/la-lettre-ete-2023\/","title":{"rendered":"La Lettre n\u00b034 &#8211; Et\u00e9 2023"},"content":{"rendered":"<!--more-->\n\n\n\n<p>La conjonction de deux actualit\u00e9s, le constat de premiers indicateurs pessimistes pour la saison et l\u2019\u00e9volution du processus de n\u00e9gociation entre l\u2019\u00c9tat et les \u00e9lus de la Corse, a favoris\u00e9 la mobilisation du Collectif des acteurs \u00e9conomiques. Sa d\u00e9termination \u00e0 se faire entendre de la puissance publique ici et \u00e0 Paris ne faiblit pas, au contraire.<\/p>\n\n\n\n<p>Dans ce contexte rempli d\u2019incertitudes, on ne peut que se r\u00e9jouir de voir les nouveaux dipl\u00f4m\u00e9s de nos \u00e9coles de formation, la rel\u00e8ve, incarner l\u2019avenir en tenue d\u2019apparat en renvoyant la double image de l\u2019intelligence et de la confiance. Un autre \u00ab&nbsp;ballon&nbsp;\u00bb d\u2019oxyg\u00e8ne, celui qu\u2019apporte dans l\u2019\u00e9conomie locale notre jeune \u00e9lu consulaire, Gilles Cioni, qui a repris le flambeau de l\u2019entreprise familiale tout en entamant une deuxi\u00e8me carri\u00e8re au sein du Sporting dont il a \u00e9t\u00e9 le capitaine.<\/p>\n\n\n\n<p>Un focus sur le <a href=\"https:\/\/ilerousse-port.cci.corsica\" data-type=\"link\" data-id=\"https:\/\/ilerousse-port.cci.corsica\" target=\"_blank\" rel=\"noreferrer noopener\">Port de l\u2019Ile Rousse<\/a> ouvre un cycle o\u00f9 chacune des six plateformes portuaires que nous g\u00e9rons seront pr\u00e9sent\u00e9es \u00e0 tour de r\u00f4le dans chaque num\u00e9ro \u00e0 venir.&nbsp;&nbsp;<\/p>\n\n\n\n<p>Enfin, le bien-\u00eatre au travail et le b\u00e9n\u00e9fice des entreprises \u00e0 conserver leurs salari\u00e9s les plus exp\u00e9riment\u00e9s ont \u00e9t\u00e9 au c\u0153ur d\u2019un s\u00e9minaire tr\u00e8s instructif organis\u00e9 au Campus de Borgo.<\/p>\n\n\n\n<div class=\"wp-block-buttons is-content-justification-right is-layout-flex wp-container-core-buttons-is-layout-d445cf74 wp-block-buttons-is-layout-flex\">\n<div class=\"wp-block-button\"><a class=\"wp-block-button__link wp-element-button\" href=\"https:\/\/www.calameo.com\/read\/006340018c203799a2137\" target=\"_blank\" rel=\"noreferrer noopener\">Lire La Lettre n\u00b034<\/a><\/div>\n<\/div>","protected":false},"excerpt":{"rendered":"<p>Le rendez-vous \u00e9ditorial mensuel de la CCI de Corse.<\/p>","protected":false},"author":4,"featured_media":2989,"comment_status":"closed","ping_status":"open","sticky":false,"template":"","format":"standard","meta":{"_acf_changed":false,"_seopress_robots_primary_cat":"17","_seopress_titles_title":"","_seopress_titles_desc":"","_seopress_robots_index":"","footnotes":""},"categories":[17],"tags":[],"class_list":["post-2335","post","type-post","status-publish","format-standard","has-post-thumbnail","hentry","category-la-lettre"],"acf":[],"_links":{"self":[{"href":"https:\/\/www.cci.corsica\/co\/wp-json\/wp\/v2\/posts\/2335","targetHints":{"allow":["GET"]}}],"collection":[{"href":"https:\/\/www.cci.corsica\/co\/wp-json\/wp\/v2\/posts"}],"about":[{"href":"https:\/\/www.cci.corsica\/co\/wp-json\/wp\/v2\/types\/post"}],"author":[{"embeddable":true,"href":"https:\/\/www.cci.corsica\/co\/wp-json\/wp\/v2\/users\/4"}],"replies":[{"embeddable":true,"href":"https:\/\/www.cci.corsica\/co\/wp-json\/wp\/v2\/comments?post=2335"}],"version-history":[{"count":4,"href":"https:\/\/www.cci.corsica\/co\/wp-json\/wp\/v2\/posts\/2335\/revisions"}],"predecessor-version":[{"id":2533,"href":"https:\/\/www.cci.corsica\/co\/wp-json\/wp\/v2\/posts\/2335\/revisions\/2533"}],"wp:featuredmedia":[{"embeddable":true,"href":"https:\/\/www.cci.corsica\/co\/wp-json\/wp\/v2\/media\/2989"}],"wp:attachment":[{"href":"https:\/\/www.cci.corsica\/co\/wp-json\/wp\/v2\/media?parent=2335"}],"wp:term":[{"taxonomy":"category","embeddable":true,"href":"https:\/\/www.cci.corsica\/co\/wp-json\/wp\/v2\/categories?post=2335"},{"taxonomy":"post_tag","embeddable":true,"href":"https:\/\/www.cci.corsica\/co\/wp-json\/wp\/v2\/tags?post=2335"}],"curies":[{"name":"wp","href":"https:\/\/api.w.org\/{rel}","templated":true}]}}