{"id":2513,"date":"2024-02-12T17:29:00","date_gmt":"2024-02-12T16:29:00","guid":{"rendered":"https:\/\/www.cci.corsica\/?p=2513"},"modified":"2024-05-24T11:05:49","modified_gmt":"2024-05-24T09:05:49","slug":"corse-matin-les-chambres-consulaires-revoient-leur-catalogue-de-formations","status":"publish","type":"post","link":"https:\/\/www.cci.corsica\/co\/corse-matin-les-chambres-consulaires-revoient-leur-catalogue-de-formations\/","title":{"rendered":"[Corse-Matin]\u00a0Les chambres consulaires revoient leur catalogue de formations"},"content":{"rendered":"<!--more-->\n\n\n\n<p><strong>Dor\u00e9navant, l&rsquo;offre de formation consulaire change de nom pour devenir une marque : Ampar\u00e0 M\u00e9diterran\u00e9e.<\/strong><\/p>\n\n\n\n<p>C&rsquo;est d\u00e9sormais \u00e0 travers un catalogue commun r\u00e9gional et interconsulaire que les futurs apprentis, \u00e9tudiants ou salari\u00e9s pourront partir en qu\u00eate d&rsquo;une formation, du CAP jusqu&rsquo;\u00e0 bac +5.<\/p>\n\n\n\n<p>Apr\u00e8s la convention sign\u00e9e en 2022 entre la chambre de commerce et d&rsquo;industrie (CCI) et la chambre de m\u00e9tiers et de l&rsquo;artisanat (CMA) de Corse, les deux institutions consulaires franchissent un nouveau cap en se regroupant au sein d&rsquo;une association.<\/p>\n\n\n\n<p>Son pr\u00e9sident fra\u00eechement d\u00e9sign\u00e9, Jean-Charles Martinelli, \u00e9galement \u00e0 la t\u00eate de la CMA, y voit <em>\u00ab un grand moment qui ouvre des perspectives pour la jeunesse de l&rsquo;\u00eele \u00bb<\/em>.<\/p>\n\n\n\n<p>L&rsquo;annonce a \u00e9t\u00e9 faite mardi dernier dans les bureaux de l&rsquo;h\u00f4tel consulaire de la CCI \u00e0 Bastia, mais voil\u00e0 pr\u00e8s de deux ans que ce dossier \u00e9tait sur la table afin de d\u00e9velopper une offre de formation adapt\u00e9e aux besoins du territoire. Il restait \u00e0 lui garantir une meilleure visibilit\u00e9.<\/p>\n\n\n\n<h3 class=\"wp-block-heading\">Un guichet unique et de nouvelles fili\u00e8res<\/h3>\n\n\n\n<p>D&rsquo;aucuns l&rsquo;avouent, des fili\u00e8res existent d\u00e9j\u00e0, plus de 4 000 personnes sont m\u00eame form\u00e9es chaque ann\u00e9e \u00e0 travers les six campus dispatch\u00e9s sur l\u2019\u00eele et g\u00e9r\u00e9s par les deux institutions mais une confusion demeure. <em>\u00ab Les gens n&rsquo;acc\u00e8dent pas toujours aux formations et ont du mal \u00e0 les identifier \u00bb<\/em>, souligne Jean Dominici, le pr\u00e9sident de la CCI de Corse.<\/p>\n\n\n\n<p><strong>L&rsquo;ambition du groupe Ampar<a>\u00e0<\/a> M\u00e9diterran\u00e9e est donc de proposer un guichet unique.<\/strong><\/p>\n\n\n\n<p>L&rsquo;ensemble des offres du r\u00e9seau seront list\u00e9es et fl\u00e9ch\u00e9es. <em>\u00ab Il ne s&rsquo;agit pas de concurrencer des fili\u00e8res mais de les compl\u00e9ter en cr\u00e9ant notre propre offre et en d\u00e9finissant \u00e0 quel endroit on la d\u00e9veloppe et dans quelles conditions. Qui mieux que les r\u00e9seaux consulaires peuvent interfacer les fili\u00e8res de formation aux besoins des entreprises et des artisans ? \u00bb<\/em>, poursuit Jean Dominici.<\/p>\n\n\n\n<p>Dans cette perspective, des fili\u00e8res tourn\u00e9es vers les \u00e9nergies renouvelables, la r\u00e9novation des b\u00e2timents ou l&rsquo;automobile pourraient \u00eatre cr\u00e9\u00e9es. L&rsquo;argument avanc\u00e9 justement pour justifier ce \u00ab petit \u00bb bouleversement, c&rsquo;est la n\u00e9cessit\u00e9 de faire co\u00efncider offres et besoins des entreprises locales. Son illustration n&rsquo;est autre que la cr\u00e9ation d&rsquo;une \u00e9cole de tourisme r\u00e9gionale au palais des congr\u00e8s d&rsquo;Ajaccio. Longtemps serpent de mer des socioprofessionnels, ce projet devrait se concr\u00e9tiser d&rsquo;ici la rentr\u00e9e de septembre 2025.<\/p>\n\n\n\n<p>La CCI attendait le soutien de la Collectivit\u00e9 de Corse qui, rappelons-le, fixe la carte des formations, et elle vient de l&rsquo;obtenir. Les travaux pourraient \u00eatre engag\u00e9s tr\u00e8s prochainement pour recevoir pr\u00e8s de 300 \u00e9l\u00e8ves. Il s&rsquo;agit d&#8217;emplois qualifi\u00e9s qui font d\u00e9faut au secteur.<\/p>\n\n\n\n<div style=\"height:63px\" aria-hidden=\"true\" class=\"wp-block-spacer\"><\/div>\n\n\n\n<div class=\"wp-block-media-text is-stacked-on-mobile\"><figure class=\"wp-block-media-text__media\"><img fetchpriority=\"high\" decoding=\"async\" width=\"530\" height=\"261\" src=\"https:\/\/www.cci.corsica\/wp-content\/uploads\/2024\/05\/b664b379-83e5-4882-b5bc-7b45fef71eac.jpg\" alt=\"\" class=\"wp-image-2516 size-full\" srcset=\"https:\/\/www.cci.corsica\/wp-content\/uploads\/2024\/05\/b664b379-83e5-4882-b5bc-7b45fef71eac.jpg 530w, https:\/\/www.cci.corsica\/wp-content\/uploads\/2024\/05\/b664b379-83e5-4882-b5bc-7b45fef71eac-300x148.jpg 300w, https:\/\/www.cci.corsica\/wp-content\/uploads\/2024\/05\/b664b379-83e5-4882-b5bc-7b45fef71eac-18x9.jpg 18w\" sizes=\"(max-width: 530px) 100vw, 530px\" \/><\/figure><div class=\"wp-block-media-text__content\">\n<p>Plus de 4 000 personnes sont form\u00e9es chaque ann\u00e9e \u00e0 travers les six campus dispatch\u00e9s sur l\u2019\u00eele et g\u00e9r\u00e9s par les deux Institutions consulaires mais une confusion demeure.<\/p>\n<\/div><\/div>\n\n\n\n<div style=\"height:50px\" aria-hidden=\"true\" class=\"wp-block-spacer\"><\/div>\n\n\n\n<h3 class=\"wp-block-heading\">Une strat\u00e9gie marketing commune<\/h3>\n\n\n\n<div style=\"height:29px\" aria-hidden=\"true\" class=\"wp-block-spacer\"><\/div>\n\n\n\n<p>Le dernier avantage mis en exergue est la mutualisation des 300 collaborateurs &#8211; dont 120 permanents &#8211; et des plateaux techniques \u00e0 disposition afin de faire fonctionner ces gros r\u00e9seaux de formation qui repr\u00e9sentent, selon des donn\u00e9es de la CCI, pr\u00e8s de 35 % des apprentis de Corse.<\/p>\n\n\n\n<p>La marque Ampar\u00e0 M\u00e9diterran\u00e9e induit aussi une strat\u00e9gie marketing commune pour affronter les nouveaux d\u00e9fis du march\u00e9 de la formation et donc gagner de nouveaux \u00e9l\u00e8ves. <em>\u00ab En se regroupant, on cr\u00e9e les conditions d&rsquo;un positionnement fort sur ce march\u00e9 et c&rsquo;est ce qui manquait \u00bb<\/em>, assure Pascal Agostini, directeur de CCI Formation.<\/p>\n\n\n\n<p>Ce rapprochement, c&rsquo;est aussi une \u00e9tape logique en vue du transfert de tutelle des chambres consulaires d&rsquo;ici la fin de l&rsquo;ann\u00e9e. Au chapitre des comp\u00e9tences \u00e0 transf\u00e9rer, celui de la formation est \u00e0 prendre en compte et d&#8217;embl\u00e9e, il \u00e9tait question de synergies \u00e0 trouver pour faire tourner le centre de formation d&rsquo;apprentis sous l&rsquo;\u00e9gide de la CMA et le Campus Formation Corsica de la CCI. Le changement a donc d\u00e9but\u00e9.<\/p>\n\n\n\n<div style=\"height:50px\" aria-hidden=\"true\" class=\"wp-block-spacer\"><\/div>\n\n\n\n<p>JULIE QUILICI-ORLANDI<\/p>\n\n\n\n<p>PHOTO&nbsp;: DUME ALFONSI<\/p>","protected":false},"excerpt":{"rendered":"<p>Chambre de commerce et d&rsquo;industrie et chambre de m\u00e9tiers se sont regroup\u00e9es au sein d&rsquo;une association pour mutualiser leurs moyens et cr\u00e9er de nouvelles fili\u00e8res. Illustration avec l&rsquo;\u00e9cole de tourisme qui ouvrira en 2025 \u00e0 Ajaccio. <\/p>","protected":false},"author":6,"featured_media":2517,"comment_status":"closed","ping_status":"open","sticky":false,"template":"","format":"standard","meta":{"_acf_changed":false,"_seopress_robots_primary_cat":"none","_seopress_titles_title":"","_seopress_titles_desc":"","_seopress_robots_index":"","footnotes":""},"categories":[16],"tags":[32],"class_list":["post-2513","post","type-post","status-publish","format-standard","has-post-thumbnail","hentry","category-revue-de-presse","tag-formation"],"acf":[],"_links":{"self":[{"href":"https:\/\/www.cci.corsica\/co\/wp-json\/wp\/v2\/posts\/2513","targetHints":{"allow":["GET"]}}],"collection":[{"href":"https:\/\/www.cci.corsica\/co\/wp-json\/wp\/v2\/posts"}],"about":[{"href":"https:\/\/www.cci.corsica\/co\/wp-json\/wp\/v2\/types\/post"}],"author":[{"embeddable":true,"href":"https:\/\/www.cci.corsica\/co\/wp-json\/wp\/v2\/users\/6"}],"replies":[{"embeddable":true,"href":"https:\/\/www.cci.corsica\/co\/wp-json\/wp\/v2\/comments?post=2513"}],"version-history":[{"count":6,"href":"https:\/\/www.cci.corsica\/co\/wp-json\/wp\/v2\/posts\/2513\/revisions"}],"predecessor-version":[{"id":2527,"href":"https:\/\/www.cci.corsica\/co\/wp-json\/wp\/v2\/posts\/2513\/revisions\/2527"}],"wp:featuredmedia":[{"embeddable":true,"href":"https:\/\/www.cci.corsica\/co\/wp-json\/wp\/v2\/media\/2517"}],"wp:attachment":[{"href":"https:\/\/www.cci.corsica\/co\/wp-json\/wp\/v2\/media?parent=2513"}],"wp:term":[{"taxonomy":"category","embeddable":true,"href":"https:\/\/www.cci.corsica\/co\/wp-json\/wp\/v2\/categories?post=2513"},{"taxonomy":"post_tag","embeddable":true,"href":"https:\/\/www.cci.corsica\/co\/wp-json\/wp\/v2\/tags?post=2513"}],"curies":[{"name":"wp","href":"https:\/\/api.w.org\/{rel}","templated":true}]}}