{"id":2541,"date":"2023-06-07T16:02:00","date_gmt":"2023-06-07T14:02:00","guid":{"rendered":"https:\/\/www.cci.corsica\/?p=2541"},"modified":"2024-05-31T16:34:23","modified_gmt":"2024-05-31T14:34:23","slug":"la-lettre-juin-2023","status":"publish","type":"post","link":"https:\/\/www.cci.corsica\/co\/la-lettre-juin-2023\/","title":{"rendered":"La Lettre n\u00b033 &#8211; Juin 2023"},"content":{"rendered":"<!--more-->\n\n\n\n<p>Pour la troisi\u00e8me ann\u00e9e cons\u00e9cutive, une enqu\u00eate ind\u00e9pendante de performance r\u00e9alis\u00e9e par l\u2019institut de sondage Opinionway aupr\u00e8s des entreprises corses place notre chambre en t\u00eate du r\u00e9seau consulaire national.&nbsp;<\/p>\n\n\n\n<p>Cette marque de reconnaissance et le redressement budg\u00e9taire dans un contexte actuel \u00e9prouvant et charg\u00e9 d\u2019incertitudes pour l\u2019avenir ont constitu\u00e9 le plat de r\u00e9sistance de notre assembl\u00e9e g\u00e9n\u00e9rale dont nous rendons compte.<\/p>\n\n\n\n<p>Cette aptitude \u00e0 bien g\u00e9rer les choses a \u00e9t\u00e9 un atout pour recevoir dans d\u2019excellentes conditions les Rencontres organis\u00e9es par l\u2019Union des A\u00e9roports fran\u00e7ais et francophones au Palais des Congr\u00e8s d\u2019Ajaccio et ses 520 congressistes.&nbsp;<\/p>\n\n\n\n<p>La reprise fulgurante du trafic a\u00e9rien et la n\u00e9cessaire transition \u00e9conomique du secteur ont \u00e9t\u00e9 au c\u0153ur des d\u00e9bats et de l\u2019entretien avec Thomas Juin, pr\u00e9sident de l\u2019UAF, qui souligne la gestion performante de nos plateformes a\u00e9roportuaires.<\/p>\n\n\n\n<p>Enfin, on peut se r\u00e9jouir des \u00e9changes fructueux entre le minist\u00e8re des Arm\u00e9es en sa qualit\u00e9 d\u2019acheteur pour nombre de nos fili\u00e8res de production et de services.<\/p>\n\n\n\n<div class=\"wp-block-buttons is-content-justification-right is-layout-flex wp-container-core-buttons-is-layout-d445cf74 wp-block-buttons-is-layout-flex\">\n<div class=\"wp-block-button\"><a class=\"wp-block-button__link wp-element-button\" href=\"https:\/\/www.calameo.com\/read\/006340018d328086d8d36\" target=\"_blank\" rel=\"noreferrer noopener\">Lire La Lettre n\u00b033<\/a><\/div>\n<\/div>","protected":false},"excerpt":{"rendered":"<p>Le rendez-vous \u00e9ditorial de la CCI de Corse est en ligne. <\/p>","protected":false},"author":4,"featured_media":2990,"comment_status":"open","ping_status":"open","sticky":false,"template":"","format":"standard","meta":{"_acf_changed":false,"_seopress_robots_primary_cat":"17","_seopress_titles_title":"","_seopress_titles_desc":"","_seopress_robots_index":"","footnotes":""},"categories":[17],"tags":[],"class_list":["post-2541","post","type-post","status-publish","format-standard","has-post-thumbnail","hentry","category-la-lettre"],"acf":[],"_links":{"self":[{"href":"https:\/\/www.cci.corsica\/co\/wp-json\/wp\/v2\/posts\/2541","targetHints":{"allow":["GET"]}}],"collection":[{"href":"https:\/\/www.cci.corsica\/co\/wp-json\/wp\/v2\/posts"}],"about":[{"href":"https:\/\/www.cci.corsica\/co\/wp-json\/wp\/v2\/types\/post"}],"author":[{"embeddable":true,"href":"https:\/\/www.cci.corsica\/co\/wp-json\/wp\/v2\/users\/4"}],"replies":[{"embeddable":true,"href":"https:\/\/www.cci.corsica\/co\/wp-json\/wp\/v2\/comments?post=2541"}],"version-history":[{"count":4,"href":"https:\/\/www.cci.corsica\/co\/wp-json\/wp\/v2\/posts\/2541\/revisions"}],"predecessor-version":[{"id":2996,"href":"https:\/\/www.cci.corsica\/co\/wp-json\/wp\/v2\/posts\/2541\/revisions\/2996"}],"wp:featuredmedia":[{"embeddable":true,"href":"https:\/\/www.cci.corsica\/co\/wp-json\/wp\/v2\/media\/2990"}],"wp:attachment":[{"href":"https:\/\/www.cci.corsica\/co\/wp-json\/wp\/v2\/media?parent=2541"}],"wp:term":[{"taxonomy":"category","embeddable":true,"href":"https:\/\/www.cci.corsica\/co\/wp-json\/wp\/v2\/categories?post=2541"},{"taxonomy":"post_tag","embeddable":true,"href":"https:\/\/www.cci.corsica\/co\/wp-json\/wp\/v2\/tags?post=2541"}],"curies":[{"name":"wp","href":"https:\/\/api.w.org\/{rel}","templated":true}]}}