{"id":4715,"date":"2022-04-08T15:45:00","date_gmt":"2022-04-08T13:45:00","guid":{"rendered":"https:\/\/www.cci.corsica\/?p=4715"},"modified":"2024-07-16T15:55:28","modified_gmt":"2024-07-16T13:55:28","slug":"la-lettre-n20-avril-2022","status":"publish","type":"post","link":"https:\/\/www.cci.corsica\/co\/la-lettre-n20-avril-2022\/","title":{"rendered":"La Lettre n\u00b020 &#8211; Avril 2022"},"content":{"rendered":"<p> Par la volont\u00e9 du Pr\u00e9sident du Conseil ex\u00e9cutif de Corse, le Collectif des socioprofessionnels a \u00e9t\u00e9 plac\u00e9 au centre de l\u2019espace de dialogue et de concertation sur les enjeux \u00e9conomiques \u00e0 ouvrir avec l\u2019\u00c9tat.<\/p>\n\n\n\n<p>Dans l\u2019attente de ces r\u00e9formes, notre chambre s\u2019est attach\u00e9e \u00e0 renforcer la connexion a\u00e9rienne entre la Corse, l\u2019hexagone et l\u2019Europe. Une programmation historique qui franchit pour la premi\u00e8re fois, d\u2019avril \u00e0 octobre, le cap des cinq millions de si\u00e8ges.<\/p>\n\n\n\n<p>Retour sur la terre ferme avec le voyage d\u2019une d\u00e9l\u00e9gation de l\u2019AOP \u00ab&nbsp;Fruits de Corse&nbsp;\u00bb en Sicile pour un partage d\u2019exp\u00e9riences sur la valorisation des agrumes et l\u2019adaptation aux enjeux climatiques.<\/p>\n\n\n\n<p>Enfin, cette \u00e9dition de printemps confirme la tenue des Assises de l\u2019\u00e9conomie de la Corse les 5 et 6 mai prochains au Parc Galea \u00e0 Taglio-Isolaccio, avec des conf\u00e9rences et des travaux qui int\u00e8greront les \u00e9volutions que notre territoire serait amen\u00e9 \u00e0 conna\u00eetre.\u00a0<\/p>\n\n\n\n<div class=\"wp-block-buttons is-content-justification-right is-layout-flex wp-container-core-buttons-is-layout-d445cf74 wp-block-buttons-is-layout-flex\">\n<div class=\"wp-block-button\"><a class=\"wp-block-button__link wp-element-button\" href=\"https:\/\/www.calameo.com\/read\/00634001830b01cd1defa\" target=\"_blank\" rel=\"noreferrer noopener\">Lire La Lettre n\u00b020<\/a><\/div>\n<\/div>","protected":false},"excerpt":{"rendered":"<p>La visite dans nos locaux du Ministre G\u00e9rald Darmanin constitue le point d\u2019orgue de cette \u00e9dition.<\/p>","protected":false},"author":6,"featured_media":4720,"comment_status":"closed","ping_status":"open","sticky":false,"template":"","format":"standard","meta":{"_acf_changed":false,"_seopress_robots_primary_cat":"none","_seopress_titles_title":"","_seopress_titles_desc":"","_seopress_robots_index":"","footnotes":""},"categories":[17],"tags":[],"class_list":["post-4715","post","type-post","status-publish","format-standard","has-post-thumbnail","hentry","category-la-lettre"],"acf":[],"_links":{"self":[{"href":"https:\/\/www.cci.corsica\/co\/wp-json\/wp\/v2\/posts\/4715","targetHints":{"allow":["GET"]}}],"collection":[{"href":"https:\/\/www.cci.corsica\/co\/wp-json\/wp\/v2\/posts"}],"about":[{"href":"https:\/\/www.cci.corsica\/co\/wp-json\/wp\/v2\/types\/post"}],"author":[{"embeddable":true,"href":"https:\/\/www.cci.corsica\/co\/wp-json\/wp\/v2\/users\/6"}],"replies":[{"embeddable":true,"href":"https:\/\/www.cci.corsica\/co\/wp-json\/wp\/v2\/comments?post=4715"}],"version-history":[{"count":1,"href":"https:\/\/www.cci.corsica\/co\/wp-json\/wp\/v2\/posts\/4715\/revisions"}],"predecessor-version":[{"id":4721,"href":"https:\/\/www.cci.corsica\/co\/wp-json\/wp\/v2\/posts\/4715\/revisions\/4721"}],"wp:featuredmedia":[{"embeddable":true,"href":"https:\/\/www.cci.corsica\/co\/wp-json\/wp\/v2\/media\/4720"}],"wp:attachment":[{"href":"https:\/\/www.cci.corsica\/co\/wp-json\/wp\/v2\/media?parent=4715"}],"wp:term":[{"taxonomy":"category","embeddable":true,"href":"https:\/\/www.cci.corsica\/co\/wp-json\/wp\/v2\/categories?post=4715"},{"taxonomy":"post_tag","embeddable":true,"href":"https:\/\/www.cci.corsica\/co\/wp-json\/wp\/v2\/tags?post=4715"}],"curies":[{"name":"wp","href":"https:\/\/api.w.org\/{rel}","templated":true}]}}