{"id":4722,"date":"2022-03-07T16:07:00","date_gmt":"2022-03-07T15:07:00","guid":{"rendered":"https:\/\/www.cci.corsica\/?p=4722"},"modified":"2024-07-16T16:39:32","modified_gmt":"2024-07-16T14:39:32","slug":"la-lettre-mars-2022","status":"publish","type":"post","link":"https:\/\/www.cci.corsica\/co\/la-lettre-mars-2022\/","title":{"rendered":"La Lettre n\u00b019 &#8211; Mars 2022"},"content":{"rendered":"<p>Elle propose ensuite d\u2019aller \u00e0 la rencontre de deux personnalit\u00e9s avec lesquelles la CCI de Corse travaille en \u00e9troite collaboration\u00a0: Fran\u00e7ois Ravier, pr\u00e9fet de la Haute-Corse, et Flora Mattei, pr\u00e9sidente de l\u2019Office des transports.<\/p>\n\n\n\n<p>Elle rend compte, enfin, des derni\u00e8res actualit\u00e9s dont la triste nouvelle de la disparition de Monsieur Henri Bourdiec, doyen des chefs d\u2019entreprise en Corse.<\/p>\n\n\n\n<div class=\"wp-block-buttons is-content-justification-right is-layout-flex wp-container-core-buttons-is-layout-d445cf74 wp-block-buttons-is-layout-flex\">\n<div class=\"wp-block-button\"><a class=\"wp-block-button__link wp-element-button\" href=\"https:\/\/www.calameo.com\/read\/006340018bb3ce491046d\" target=\"_blank\" rel=\"noreferrer noopener\">Lire La Lettre n\u00b022<\/a><\/div>\n<\/div>","protected":false},"excerpt":{"rendered":"<p>Cette \u00e9dition fait le point des travaux de modernisation et de s\u00e9curisation des a\u00e9roports.<\/p>","protected":false},"author":6,"featured_media":4719,"comment_status":"closed","ping_status":"open","sticky":false,"template":"","format":"standard","meta":{"_acf_changed":false,"_seopress_robots_primary_cat":"none","_seopress_titles_title":"","_seopress_titles_desc":"","_seopress_robots_index":"","footnotes":""},"categories":[17],"tags":[],"class_list":["post-4722","post","type-post","status-publish","format-standard","has-post-thumbnail","hentry","category-la-lettre"],"acf":[],"_links":{"self":[{"href":"https:\/\/www.cci.corsica\/co\/wp-json\/wp\/v2\/posts\/4722","targetHints":{"allow":["GET"]}}],"collection":[{"href":"https:\/\/www.cci.corsica\/co\/wp-json\/wp\/v2\/posts"}],"about":[{"href":"https:\/\/www.cci.corsica\/co\/wp-json\/wp\/v2\/types\/post"}],"author":[{"embeddable":true,"href":"https:\/\/www.cci.corsica\/co\/wp-json\/wp\/v2\/users\/6"}],"replies":[{"embeddable":true,"href":"https:\/\/www.cci.corsica\/co\/wp-json\/wp\/v2\/comments?post=4722"}],"version-history":[{"count":1,"href":"https:\/\/www.cci.corsica\/co\/wp-json\/wp\/v2\/posts\/4722\/revisions"}],"predecessor-version":[{"id":4726,"href":"https:\/\/www.cci.corsica\/co\/wp-json\/wp\/v2\/posts\/4722\/revisions\/4726"}],"wp:featuredmedia":[{"embeddable":true,"href":"https:\/\/www.cci.corsica\/co\/wp-json\/wp\/v2\/media\/4719"}],"wp:attachment":[{"href":"https:\/\/www.cci.corsica\/co\/wp-json\/wp\/v2\/media?parent=4722"}],"wp:term":[{"taxonomy":"category","embeddable":true,"href":"https:\/\/www.cci.corsica\/co\/wp-json\/wp\/v2\/categories?post=4722"},{"taxonomy":"post_tag","embeddable":true,"href":"https:\/\/www.cci.corsica\/co\/wp-json\/wp\/v2\/tags?post=4722"}],"curies":[{"name":"wp","href":"https:\/\/api.w.org\/{rel}","templated":true}]}}