{"id":4727,"date":"2022-02-08T16:08:00","date_gmt":"2022-02-08T15:08:00","guid":{"rendered":"https:\/\/www.cci.corsica\/?p=4727"},"modified":"2024-07-16T16:22:33","modified_gmt":"2024-07-16T14:22:33","slug":"la-lettre-fevrier-2022","status":"publish","type":"post","link":"https:\/\/www.cci.corsica\/co\/la-lettre-fevrier-2022\/","title":{"rendered":"La Lettre n\u00b018 &#8211; F\u00e9vrier 2022"},"content":{"rendered":"<p>D\u00e9bats relatifs \u00e0 la d\u00e9finition d\u2019un nouveau r\u00e9gime consulaire connect\u00e9 \u00e0 la Collectivit\u00e9 de Corse \u00e0 l\u2019horizon 2024 avec, en exclusivit\u00e9, la r\u00e9action du Ministre de l\u2019Economie et des Finances. Un sujet largement \u00e9voqu\u00e9 \u00e0 la faveur de notre Assembl\u00e9e G\u00e9n\u00e9rale qui a \u00e9largi son bureau et constitu\u00e9 ses Commissions consultatives d\u00e9clin\u00e9es en derni\u00e8re page.<\/p>\n\n\n\n<p>Retrouvez \u00e9galement le portrait de Jean-Louis Albertini, nouveau membre titulaire de notre institution, r\u00e9cemment port\u00e9 \u00e0 la pr\u00e9sidence du Medef Corse.<\/p>\n\n\n\n<div class=\"wp-block-buttons is-content-justification-right is-layout-flex wp-container-core-buttons-is-layout-d445cf74 wp-block-buttons-is-layout-flex\">\n<div class=\"wp-block-button\"><a class=\"wp-block-button__link wp-element-button\" href=\"https:\/\/www.calameo.com\/read\/0063400189bb7a1681677\" target=\"_blank\" rel=\"noreferrer noopener\">Lire La Lettre n\u00b018<\/a><\/div>\n<\/div>","protected":false},"excerpt":{"rendered":"<p>Cette deuxi\u00e8me \u00e9dition de l\u2019ann\u00e9e fait la synth\u00e8se des d\u00e9bats de l\u2019Assembl\u00e9e de Corse.<\/p>","protected":false},"author":6,"featured_media":4730,"comment_status":"closed","ping_status":"open","sticky":false,"template":"","format":"standard","meta":{"_acf_changed":false,"_seopress_robots_primary_cat":"none","_seopress_titles_title":"","_seopress_titles_desc":"","_seopress_robots_index":"","footnotes":""},"categories":[17],"tags":[],"class_list":["post-4727","post","type-post","status-publish","format-standard","has-post-thumbnail","hentry","category-la-lettre"],"acf":[],"_links":{"self":[{"href":"https:\/\/www.cci.corsica\/co\/wp-json\/wp\/v2\/posts\/4727","targetHints":{"allow":["GET"]}}],"collection":[{"href":"https:\/\/www.cci.corsica\/co\/wp-json\/wp\/v2\/posts"}],"about":[{"href":"https:\/\/www.cci.corsica\/co\/wp-json\/wp\/v2\/types\/post"}],"author":[{"embeddable":true,"href":"https:\/\/www.cci.corsica\/co\/wp-json\/wp\/v2\/users\/6"}],"replies":[{"embeddable":true,"href":"https:\/\/www.cci.corsica\/co\/wp-json\/wp\/v2\/comments?post=4727"}],"version-history":[{"count":2,"href":"https:\/\/www.cci.corsica\/co\/wp-json\/wp\/v2\/posts\/4727\/revisions"}],"predecessor-version":[{"id":4747,"href":"https:\/\/www.cci.corsica\/co\/wp-json\/wp\/v2\/posts\/4727\/revisions\/4747"}],"wp:featuredmedia":[{"embeddable":true,"href":"https:\/\/www.cci.corsica\/co\/wp-json\/wp\/v2\/media\/4730"}],"wp:attachment":[{"href":"https:\/\/www.cci.corsica\/co\/wp-json\/wp\/v2\/media?parent=4727"}],"wp:term":[{"taxonomy":"category","embeddable":true,"href":"https:\/\/www.cci.corsica\/co\/wp-json\/wp\/v2\/categories?post=4727"},{"taxonomy":"post_tag","embeddable":true,"href":"https:\/\/www.cci.corsica\/co\/wp-json\/wp\/v2\/tags?post=4727"}],"curies":[{"name":"wp","href":"https:\/\/api.w.org\/{rel}","templated":true}]}}