{"id":6100,"date":"2024-09-28T17:51:00","date_gmt":"2024-09-28T15:51:00","guid":{"rendered":"https:\/\/www.cci.corsica\/?p=6100"},"modified":"2024-09-30T09:56:25","modified_gmt":"2024-09-30T07:56:25","slug":"cci-cdc-un-scenario-trans","status":"publish","type":"post","link":"https:\/\/www.cci.corsica\/co\/cci-cdc-un-scenario-trans\/","title":{"rendered":"CCI-CDC\u00a0: un sc\u00e9nario transitoire avant le changement de tutelle"},"content":{"rendered":"<p><strong>Corse-Matin \u00a0&#8211; Anne-C.Chabanon<\/strong><\/p>\n\n\n\n<p>Jean Dominici, le pr\u00e9sident de la CCI de Corse, avait fait le chemin depuis Bastia pour assister \u00e0 l&rsquo;examen du rapport \u00e9voquant le transfert de la tutelle de la chambre de commerce \u00e0 la CdC, en lieu et place de l&rsquo;\u00c9tat auquel la mission incombait jusqu&rsquo;\u00e0 pr\u00e9sent. Un chantier de taille &#8211; consacr\u00e9 par l&rsquo;article 46 de la loi Pacte &#8211; au regard des enjeux \u00e9conomiques et sociaux que repr\u00e9sente ce rattachement.<\/p>\n\n\n\n<p>Celui-ci ne pourra cependant pas intervenir, comme esp\u00e9r\u00e9, avant la fin de l&rsquo;ann\u00e9e, date \u00e0 laquelle le contrat de concession de la CCI de Corse, dans le cadre de la gestion des ports et a\u00e9roports insulaires, arrive \u00e0 \u00e9ch\u00e9ance.<\/p>\n\n\n\n<p>Il s&rsquo;agissait donc de trouver une solution transitoire. Elle prendra la forme d&rsquo;un syndicat mixte d&rsquo;ouverture (SMO).<\/p>\n\n\n\n<h3 class=\"wp-block-heading\">Raccorder en attendant<\/h3>\n\n\n\n<p>Un sc\u00e9nario dit \u00ab de jonction \u00bb &#8211; pr\u00e9vu pour une dur\u00e9e de sept ans si le changement ne devait pas \u00eatre imm\u00e9diat &#8211; afin de disposer d&rsquo;une option juridique <em>\u00ab permettant d&rsquo;assurer la continuit\u00e9 de gestion et la permanence du service public entre le 31 d\u00e9cembre 2024 et l&rsquo;entr\u00e9e en vigueur de la nouvelle institution consulaire \u00bb.<\/em><\/p>\n\n\n\n<p>Un syst\u00e8me de quasi-r\u00e9gie entre les deux institutions, sans proc\u00e9dure de mise en concurrence, devrait ensuite \u00eatre \u00e0 l\u2019\u0153uvre.<\/p>\n\n\n\n<p>Avant le vote pr\u00e9vu en octobre, le d\u00e9bat qui s&rsquo;est instaur\u00e9 sur les bancs a valid\u00e9 certains points pour mieux en recadrer d&rsquo;autres.<\/p>\n\n\n\n<p>Premier \u00e0 intervenir, Paul-F\u00e9lix Benedetti a demand\u00e9 de ne pas perdre de vue <em>\u00ab que la r\u00e9gie directe pouvait \u00eatre un bon outil \u00bb<\/em> sans compter, a-t-il martel\u00e9, que l&rsquo;on ne peut <em>\u00ab instaurer un syndicat mixte perp\u00e9tuel \u00bb<\/em>. Autre point d&rsquo;achoppement, <em>\u00ab les clauses de gouvernance \u00bb<\/em> sur lesquelles le chef de file de Core in Fronte interroge :<em> \u00ab J&rsquo;aimerais conna\u00eetre la part active de l&rsquo;organe politique par rapport \u00e0 l&rsquo;organe socio-\u00e9conomique. \u00bb<\/em><\/p>\n\n\n\n<p>En corollaire, l&rsquo;ind\u00e9pendantiste demande des statuts qui anticipent <em>\u00ab les conflits \u00bb<\/em> en tous genres.<\/p>\n\n\n\n<h3 class=\"wp-block-heading\">Climat anxiog\u00e8ne<\/h3>\n\n\n\n<p>\u00c0 droite, Christelle Combette d\u00e9plore une <em>\u00ab impr\u00e9paration \u00bb<\/em> qui n&rsquo;est pas sans cons\u00e9quence, soulignant par ailleurs <em>\u00ab le probl\u00e8me de concentration des pouvoirs que pose cette nouvelle absorption \u00bb<\/em> tandis que Val\u00e9rie Bozzi estime que l&rsquo;on <em>\u00ab aurait gagn\u00e9 un mois en votant ce syndicat maintenant \u00bb<\/em>.<\/p>\n\n\n\n<p>Pour le groupe Avanzemu, Jean-Christophe Angelini a fait part de sa <em>\u00ab vision tr\u00e8s diff\u00e9rente quant \u00e0 la gen\u00e8se et au d\u00e9veloppement du dossier \u00bb<\/em>. Tout en validant <em>\u00ab un int\u00e9r\u00eat commun \u00e0 s&rsquo;en sortir, une proposition heureuse, le SMO, des amendements \u00e0 venir, et un espoir teint\u00e9 d&rsquo;inqui\u00e9tude pour la suite des op\u00e9rations \u00bb.<\/em><\/p>\n\n\n\n<p>Du c\u00f4t\u00e9 des deux non-inscrits, Pierre Ghionga, <em>\u00ab d&rsquo;accord \u00bb<\/em> avec l&rsquo;installation d&rsquo;un syndicat mixte ouvert, interpelle \u00e0 son tour sur la <em>\u00ab constitution du conseil d&rsquo;administration \u00bb<\/em>.<\/p>\n\n\n\n<p>Pour sa part, Josepha Giacometti-Piredda appelle <em>\u00ab \u00e0 la prudence \u00bb<\/em> dans le cadre du volet juridique. <em>\u00ab Il faudra aller vite, nombre d&rsquo;\u00e9tapes restant \u00e0 acter jusqu&rsquo;\u00e0 la Commission europ\u00e9enne, afin que des forces ext\u00e9rieures ne viennent pas s&rsquo;approprier nos outils strat\u00e9giques. \u00bb<\/em> <\/p>\n\n\n\n<p>Enfin, pour la majorit\u00e9 territoriale, Louis Pozzo di Borgo s&rsquo;est dit <em>\u00ab conscient du climat anxiog\u00e8ne entourant le transfert. Nous voulons rassurer les agents.&nbsp;\u00bb<\/em><\/p>","protected":false},"excerpt":{"rendered":"<p>En attendant le rattachement de l&rsquo;organisme consulaire \u00e0 la Collectivit\u00e9, une solution   \u00ab de jonction \u00bb est propos\u00e9e avec la cr\u00e9ation d&rsquo;un syndicat mixte ouvert. \u00c0 l&rsquo;Assembl\u00e9e, le rapport a nourri un d\u00e9bat dense. <\/p>","protected":false},"author":6,"featured_media":6103,"comment_status":"open","ping_status":"open","sticky":false,"template":"","format":"standard","meta":{"_acf_changed":false,"_seopress_robots_primary_cat":"none","_seopress_titles_title":"","_seopress_titles_desc":"","_seopress_robots_index":"","footnotes":""},"categories":[16],"tags":[39,34,31,28],"class_list":["post-6100","post","type-post","status-publish","format-standard","has-post-thumbnail","hentry","category-revue-de-presse","tag-aerien-2","tag-institution","tag-maritime","tag-transports"],"acf":[],"_links":{"self":[{"href":"https:\/\/www.cci.corsica\/co\/wp-json\/wp\/v2\/posts\/6100","targetHints":{"allow":["GET"]}}],"collection":[{"href":"https:\/\/www.cci.corsica\/co\/wp-json\/wp\/v2\/posts"}],"about":[{"href":"https:\/\/www.cci.corsica\/co\/wp-json\/wp\/v2\/types\/post"}],"author":[{"embeddable":true,"href":"https:\/\/www.cci.corsica\/co\/wp-json\/wp\/v2\/users\/6"}],"replies":[{"embeddable":true,"href":"https:\/\/www.cci.corsica\/co\/wp-json\/wp\/v2\/comments?post=6100"}],"version-history":[{"count":2,"href":"https:\/\/www.cci.corsica\/co\/wp-json\/wp\/v2\/posts\/6100\/revisions"}],"predecessor-version":[{"id":6105,"href":"https:\/\/www.cci.corsica\/co\/wp-json\/wp\/v2\/posts\/6100\/revisions\/6105"}],"wp:featuredmedia":[{"embeddable":true,"href":"https:\/\/www.cci.corsica\/co\/wp-json\/wp\/v2\/media\/6103"}],"wp:attachment":[{"href":"https:\/\/www.cci.corsica\/co\/wp-json\/wp\/v2\/media?parent=6100"}],"wp:term":[{"taxonomy":"category","embeddable":true,"href":"https:\/\/www.cci.corsica\/co\/wp-json\/wp\/v2\/categories?post=6100"},{"taxonomy":"post_tag","embeddable":true,"href":"https:\/\/www.cci.corsica\/co\/wp-json\/wp\/v2\/tags?post=6100"}],"curies":[{"name":"wp","href":"https:\/\/api.w.org\/{rel}","templated":true}]}}