{"id":6152,"date":"2024-10-05T10:34:00","date_gmt":"2024-10-05T08:34:00","guid":{"rendered":"https:\/\/www.cci.corsica\/?p=6152"},"modified":"2024-10-07T20:45:54","modified_gmt":"2024-10-07T18:45:54","slug":"cp-5-10-2024","status":"publish","type":"post","link":"https:\/\/www.cci.corsica\/co\/cp-5-10-2024\/","title":{"rendered":"Communiqu\u00e9 du 5 octobre 2024"},"content":{"rendered":"<p>Le Pr\u00e9sident Jean Dominici et l\u2019ensemble des \u00e9lus consulaires saluent l\u2019esprit de responsabilit\u00e9 des partenaires sociaux, tant dans la conduite de leur mouvement que dans leur d\u00e9cision d\u2019y mettre fin, \u00e0 la veille du week-end, apr\u00e8s le communiqu\u00e9 officiel du Gouvernement. Les confirmations et garanties obtenues sont clairement de nature \u00e0 rassurer tant les salari\u00e9s que les partenaires, mais \u00e9galement les futurs usagers des ports et a\u00e9roports de Corse. Ils tiennent \u00e0 saluer l\u2019engagement ferme du Pr\u00e9sident Gilles Simeoni, la capacit\u00e9 d\u2019\u00e9coute et de dialogue des Ministres Catherine Vautrin et Fran\u00e7ois Durovray, ainsi que la rapidit\u00e9 avec laquelle le Gouvernement a apport\u00e9 les r\u00e9ponses attendues face aux inqui\u00e9tudes l\u00e9gitimes exprim\u00e9es tant par les salari\u00e9s que par les institutions de la Corse : la Collectivit\u00e9 de Corse, la CCI de Corse ainsi que l\u2019ensemble du monde consulaire et \u00e9conomique. Ils tiennent \u00e9galement \u00e0 assurer les usagers de leurs regrets et de leur solidarit\u00e9 pour la g\u00eane occasionn\u00e9e. Ils esp\u00e8rent que le dialogue renou\u00e9 sur des bases apais\u00e9es et clarifi\u00e9es permettra rapidement, avec le concours des partenaires sociaux, de construire le nouveau mod\u00e8le, associant la Collectivit\u00e9 de Corse et la CCI, garantissant le maintien dans la sph\u00e8re publique des ports et a\u00e9roports de l\u2019Ile, ainsi que les emplois des salari\u00e9s de la Chambre de Commerce et d\u2019Industrie de Corse. <\/p>\n\n\n\n<div class=\"wp-block-file\"><a id=\"wp-block-file--media-7269cb3f-7a42-4d23-b28a-ce22cf24d066\" href=\"https:\/\/www.cci.corsica\/wp-content\/uploads\/2024\/10\/communique-cci-de-corse-5-oct-2024.pdf\">Communiqu\u00e9 CCI de Corse 5 oct 2024<\/a><a href=\"https:\/\/www.cci.corsica\/wp-content\/uploads\/2024\/10\/communique-cci-de-corse-5-oct-2024.pdf\" class=\"wp-block-file__button wp-element-button\" download aria-describedby=\"wp-block-file--media-7269cb3f-7a42-4d23-b28a-ce22cf24d066\">T\u00e9l\u00e9charger<\/a><\/div>\n\n\n\n<p><\/p>","protected":false},"excerpt":{"rendered":"<p>Le Pr\u00e9sident Jean Dominici et l\u2019ensemble des \u00e9lus consulaires saluent l\u2019esprit de responsabilit\u00e9 des partenaires sociaux, tant dans la conduite de leur mouvement que dans leur d\u00e9cision d\u2019y mettre fin, \u00e0 la veille du week-end, apr\u00e8s le communiqu\u00e9 officiel du Gouvernement. Les confirmations et garanties obtenues sont clairement de nature \u00e0 rassurer tant les salari\u00e9s [&hellip;]<\/p>\n","protected":false},"author":4,"featured_media":0,"comment_status":"open","ping_status":"open","sticky":false,"template":"","format":"standard","meta":{"_acf_changed":false,"_seopress_robots_primary_cat":"25","_seopress_titles_title":"","_seopress_titles_desc":"","_seopress_robots_index":"","footnotes":""},"categories":[25],"tags":[64],"class_list":["post-6152","post","type-post","status-publish","format-standard","hentry","category-actualite","tag-communique-de-presse"],"acf":[],"_links":{"self":[{"href":"https:\/\/www.cci.corsica\/co\/wp-json\/wp\/v2\/posts\/6152","targetHints":{"allow":["GET"]}}],"collection":[{"href":"https:\/\/www.cci.corsica\/co\/wp-json\/wp\/v2\/posts"}],"about":[{"href":"https:\/\/www.cci.corsica\/co\/wp-json\/wp\/v2\/types\/post"}],"author":[{"embeddable":true,"href":"https:\/\/www.cci.corsica\/co\/wp-json\/wp\/v2\/users\/4"}],"replies":[{"embeddable":true,"href":"https:\/\/www.cci.corsica\/co\/wp-json\/wp\/v2\/comments?post=6152"}],"version-history":[{"count":1,"href":"https:\/\/www.cci.corsica\/co\/wp-json\/wp\/v2\/posts\/6152\/revisions"}],"predecessor-version":[{"id":6154,"href":"https:\/\/www.cci.corsica\/co\/wp-json\/wp\/v2\/posts\/6152\/revisions\/6154"}],"wp:attachment":[{"href":"https:\/\/www.cci.corsica\/co\/wp-json\/wp\/v2\/media?parent=6152"}],"wp:term":[{"taxonomy":"category","embeddable":true,"href":"https:\/\/www.cci.corsica\/co\/wp-json\/wp\/v2\/categories?post=6152"},{"taxonomy":"post_tag","embeddable":true,"href":"https:\/\/www.cci.corsica\/co\/wp-json\/wp\/v2\/tags?post=6152"}],"curies":[{"name":"wp","href":"https:\/\/api.w.org\/{rel}","templated":true}]}}