{"id":6265,"date":"2024-10-15T17:00:00","date_gmt":"2024-10-15T15:00:00","guid":{"rendered":"https:\/\/www.cci.corsica\/?p=6265"},"modified":"2024-11-06T14:25:01","modified_gmt":"2024-11-06T13:25:01","slug":"la-lettre-octobre-2024","status":"publish","type":"post","link":"https:\/\/www.cci.corsica\/co\/la-lettre-octobre-2024\/","title":{"rendered":"La Lettre n\u00b047 &#8211; Octobre 2024"},"content":{"rendered":"<p>La Lettre \u00bb d\u2019un mois d\u2019octobre mouvement\u00e9 mais d\u00e9terminant pour notre institution puisqu\u2019il s\u2019agit de l\u2019avenir des infrastructures de transport qui doivent rester dans la sph\u00e8re publique et consulaire pour garantir leur gestion et leur d\u00e9veloppement dans l\u2019int\u00e9r\u00eat de l\u2019\u00e9conomie de la Corse et de tous les insulaires.&nbsp;<\/p>\n\n\n\n<p>Notre Assembl\u00e9e G\u00e9n\u00e9rale du 3 Octobre et les jours qui ont suivi auront permis au gouvernement de se positionner aux cot\u00e9s des projets de la Collectivit\u00e9 de Corse et de notre CCI.<\/p>\n\n\n\n<p>L\u2019avenir, c\u2019est aussi celui qui est esquiss\u00e9 dans le rapport \u00ab Corse 2023 : pour un d\u00e9veloppement durable \u00bb, fruit d\u2019un travail collectif pilot\u00e9 par le Medef Corse et dont notre Lettre fait l\u2019\u00e9cho.<\/p>\n\n\n\n<p>L\u2019\u00e9claircie, en ce d\u00e9but d\u2019automne agit\u00e9, est venue de la validation officielle par le Pr\u00e9sident Gilles Simeoni du projet d\u2019\u00c9cole de Tourisme, de l\u2019Hospitalit\u00e9 et de l\u2019\u00c9v\u00e8nementiel \u00e0 Ajaccio. Un de nos pr\u00e9cieux alli\u00e9s, la CCI de Dorgogne, s\u2019exprime par la voix de son pr\u00e9sident et ami Christophe Fauvel.<\/p>\n\n\n\n<div class=\"wp-block-buttons is-layout-flex wp-block-buttons-is-layout-flex\">\n<div class=\"wp-block-button\"><a class=\"wp-block-button__link wp-element-button\" href=\"https:\/\/www.calameo.com\/read\/0063400188d8a3a577767\" target=\"_blank\" rel=\"noreferrer noopener\">Lire La Lettre n\u00b047<\/a><\/div>\n<\/div>\n\n\n\n<p><\/p>","protected":false},"excerpt":{"rendered":"<p>La Lettre \u00bb d\u2019un mois d\u2019octobre mouvement\u00e9 mais d\u00e9terminant pour notre institution.<\/p>","protected":false},"author":4,"featured_media":6293,"comment_status":"open","ping_status":"open","sticky":false,"template":"","format":"standard","meta":{"_acf_changed":false,"_seopress_robots_primary_cat":"17","_seopress_titles_title":"","_seopress_titles_desc":"","_seopress_robots_index":"","footnotes":""},"categories":[25,17],"tags":[39,58,57,32,34,31,28],"class_list":["post-6265","post","type-post","status-publish","format-standard","has-post-thumbnail","hentry","category-actualite","category-la-lettre","tag-aerien-2","tag-economie","tag-entreprise","tag-formation","tag-institution","tag-maritime","tag-transports"],"acf":[],"_links":{"self":[{"href":"https:\/\/www.cci.corsica\/co\/wp-json\/wp\/v2\/posts\/6265","targetHints":{"allow":["GET"]}}],"collection":[{"href":"https:\/\/www.cci.corsica\/co\/wp-json\/wp\/v2\/posts"}],"about":[{"href":"https:\/\/www.cci.corsica\/co\/wp-json\/wp\/v2\/types\/post"}],"author":[{"embeddable":true,"href":"https:\/\/www.cci.corsica\/co\/wp-json\/wp\/v2\/users\/4"}],"replies":[{"embeddable":true,"href":"https:\/\/www.cci.corsica\/co\/wp-json\/wp\/v2\/comments?post=6265"}],"version-history":[{"count":2,"href":"https:\/\/www.cci.corsica\/co\/wp-json\/wp\/v2\/posts\/6265\/revisions"}],"predecessor-version":[{"id":6271,"href":"https:\/\/www.cci.corsica\/co\/wp-json\/wp\/v2\/posts\/6265\/revisions\/6271"}],"wp:featuredmedia":[{"embeddable":true,"href":"https:\/\/www.cci.corsica\/co\/wp-json\/wp\/v2\/media\/6293"}],"wp:attachment":[{"href":"https:\/\/www.cci.corsica\/co\/wp-json\/wp\/v2\/media?parent=6265"}],"wp:term":[{"taxonomy":"category","embeddable":true,"href":"https:\/\/www.cci.corsica\/co\/wp-json\/wp\/v2\/categories?post=6265"},{"taxonomy":"post_tag","embeddable":true,"href":"https:\/\/www.cci.corsica\/co\/wp-json\/wp\/v2\/tags?post=6265"}],"curies":[{"name":"wp","href":"https:\/\/api.w.org\/{rel}","templated":true}]}}