{"id":6595,"date":"2024-11-08T16:29:00","date_gmt":"2024-11-08T15:29:00","guid":{"rendered":"https:\/\/www.cci.corsica\/?p=6595"},"modified":"2024-11-08T18:36:38","modified_gmt":"2024-11-08T17:36:38","slug":"a-lettera-catherine-vautrin-a-lascoltu","status":"publish","type":"post","link":"https:\/\/www.cci.corsica\/co\/a-lettera-catherine-vautrin-a-lascoltu\/","title":{"rendered":"A Lettera | Catherine Vautrin \u00e0 l\u2019ascoltu"},"content":{"rendered":"<p>\u00ab&nbsp;S\u00f2 venuta \u00e0 ascult\u00e0 \u00e8 \u00e0 vede cumu puderiamu, inseme, struttur\u00e0 megliu l\u2019ecunumia, ch\u00ec al di l\u00e0 di u prucedimentu istituziunale, aghju a primura di u cutidianu di i Corsi.&nbsp;\u00bb<\/p>\n\n\n\n<p><strong><em>Catherine Vautrin, ministra di u Partinariatu c\u00f9 i territorii \u00e8 di a Decentralisazione<\/em><\/strong><em>.<\/em><\/p>\n\n\n\n<div style=\"height:63px\" aria-hidden=\"true\" class=\"wp-block-spacer\"><\/div>\n\n\n\n<hr class=\"wp-block-separator has-alpha-channel-opacity\" \/>\n\n\n\n<div style=\"height:63px\" aria-hidden=\"true\" class=\"wp-block-spacer\"><\/div>\n\n\n\n<p>Di sicuru, mantene l\u2019evuluzione istituziunale di a Corsica u so statutu di scopu finale, ma a vita di ogni ghjornu di i Corsi \u00e8, in cunsiquenza, tutte e parte \u00e8 tutti l\u2019aspetti di l\u2019ecunumia voltanu \u00e0 l\u2019avanti scena. Eccu u spiritu c\u00f9 u quale h\u00e0 scambiatu Catherine Vautrin, ghjovi u 24 di ottobre, \u00e0 u palazzu cunsulariu di Bastia &#8211; per a prima di e tr\u00e8 ghjurnate di a so visita ufficiale inde l\u2019isula \u2013 c\u00f9 l\u2019attori sucio ecunomichi \u00e8 i sudditi di a CCI di Corsica. Parolle schjette, franche \u00e8 dirette, un ascoltu attentu, \u00e8 l\u2019ingagiamentu di fidighj\u00e0 di pi\u00f9 vicinu torna l\u2019attese forte \u00e8 precise ch\u00ec s\u00f2 state sprimate.<\/p>\n\n\n\n<h2 class=\"wp-block-heading\"><strong>Favurevule \u00e0 a maestria publica di i porti \u00e8 di l\u2019aeroporti<\/strong><\/h2>\n\n\n\n<p>Per u presidente Dominici, h\u00e8 una figura casana Catherine Vautrin, ch\u00ec \u00f9n h\u00e8 mancu appena spaisata quand\u2019ella franca u zogliu di una camera di cummerciu. A cunsidereghja ancu cum\u2019\u00e8 una sorte di cummare. Quindeci anni f\u00e0, inc\u00f9 a so qualit\u00e0 di rapurtadrice di a Cummissione di l\u2019affari ecunomichi, h\u00e0 avutu un rollu propiu decisivu per a mudernisazione di e stituzione cunsularie, un preludiu per a Corsica \u00e0 a creazione di una entit\u00e0 regiunale sola, dedicata sana sana \u00e0 l\u2019interessu generale&nbsp;: \u00ab&nbsp;H\u00e8 a CCI di Corsica una istituzione trasparente, unurevule \u00e8 perfurmante \u00e0 u serviziu di a Corsica \u00e8 di i Corsi. Vole cuntinu\u00e0 e so missione \u00e8 custruisce, c\u00f9 u vostru sustegnu, l\u2019avvene ecunomicu di l\u2019isula, c\u00f9 unepoche di evuluzione indispensevule in quantu \u00e0 a fiscalit\u00e0, in quantu \u00e0 e riforme \u00e8 in quantu \u00e0 i prugetti d\u2019investimenti strutturanti.&nbsp;A nostra misura maestra h\u00e8 quella di u Creditu d\u2019impositu Investimentu per a Corsica, ch\u00ec h\u00e0 fattu vede a so efficacit\u00e0 dapoi anni \u00e8 anni \u00e8 ch\u00ec dumanda solu \u00e0 esse megliuratu\u2026&nbsp;\u00bb<\/p>\n\n\n\n<p>Si h\u00e8 ralegratu in fine Jean Dominici ch\u2019ellu sia oramai integratu u mondu ecunomicu corsu inde a ripresa di e discussione nant\u2019\u00e0 u prugettu d\u2019autunumia inde u quale h\u00e8 achjusa a quistione priuritaria di u trasferimentu di a camera \u00e0 a Cullettivit\u00e0 di Corsica.&nbsp;\u00bb<\/p>\n\n\n\n<p>\u00ab&nbsp;\u00d9n s\u00f2 micca venuta \u00e0 d\u00e0 e lezzi\u00f2, s\u00f2 venuta \u00e0 ascult\u00e0 \u00e8 \u00e0 vede cumu puderiamu, inseme, struttur\u00e0 megliu l\u2019ecunumia, ch\u00ec al di l\u00e0 di u prucedimentu istituziunale, aghju a primura di u cutidianu di i Corsi.&nbsp;\u00bb Scrivendu si inde stu solcu, dice d\u2019av\u00e8 capitu propiu Catherine Vautrin l\u2019urgenza \u00e0 arregul\u00e0 a quistione di a maestria publica di i porti \u00e8 di l\u2019aeroporti, \u00e8 pare di fatti di ralleg\u00e0 si c\u00f9 a suluzione legislativa prevista dapoi u 2019, per via di l\u2019articulu 46 di a Lege PACTE, inde a matrice territuriale, puru s\u2019ellu ci vuler\u00e0 \u00e0 tramand\u00e0, per qualch\u00ec mese, e cuncessione oghjinche di a CCI. Averianu da seguit\u00e0 subbitu dopu e prime reunione di travagliu\u2026<\/p>\n\n\n\n<h2 class=\"wp-block-heading\"><strong>Travagli\u00e0 nant\u2019\u00e0 e pruposte di a CCI di Corsica<\/strong><\/h2>\n\n\n\n<p>Jean-Charles Martinelli, difendidore \u00e8 capimachja di l\u2019artisgiani, Karina Goffi, porta voce di i prufessiunali di u turisimu, Joseph Benzoni, \u00e0 nome di i traspurtadori stradali, Jean-Louis Albertini, presidente di u MEDEF, Dominique Antoniotti \u00e8 Corinne Bernardini, puntelli federali di u BTP, anu discrittu ci\u00f2 ch\u00ec \u00f9n andava micca inde i so settori proprii \u00e8 ci\u00f2 ch\u2019elli aspettavanu di i puteri publichi per sustene li. H\u00e0 pigliatu a ministra, attenta propiu \u00e0 ci\u00f2 ch\u2019elli avianu da sprime i so interlocutori in suffrenza, a resuluzione di studi\u00e0 e dumande c\u00f9 u sguardu di a so funzione, quellu di una partinaria \u00e0 l\u2019intuttu di i territorii.<\/p>\n\n\n\n<p>Nant\u2019\u00e0 a fiscalit\u00e0 in generale \u00e8 u Creditu d\u2019impositu Investimentu Corsica in particulare, indetta una valutazione, sullicitendu u so cullega di Bercy, Antoine Armand, nanzu di circ\u00e0 \u00e0 f\u00e0 una evuluzione. H\u00e0 da studi\u00e0, nondimenu, a pussibilit\u00e0 di stende lu \u00e0 a rinnuvazione \u00e8 \u00e0 a transizione energetica di i stabilimenti usteriaghji, malgradu e direttive europee. Trattendu si di a custruzzione di l\u2019alloghji \u00e8 di a liberazione di u fundariu, ch\u00ec v\u00e0 di paghju, avanta piuttostu un\u2019ammullita di i regulamenti, ch\u00ec s\u2019assumiglia \u00e0 qualch\u00ec labirintu in Corsica, inde u listessu filu ch\u00e8 ci\u00f2 ch\u2019ellu h\u00e0 dettu u Primu ministru \u00e0 a tribuna di l\u2019Assemblea naziunale mentre a so dischjarazione di pulitica generale. In fine, si h\u00e8 ingagiata \u00e0 esamin\u00e0 da vicinu vicinu e pruposte di a CCI di Corsica \u00ab&nbsp;per vede in ch\u00ec misura si puder\u00e0 travagli\u00e0 di manera benefica nant\u2019\u00e0 certe di ste misure\u2026&nbsp;\u00bb<\/p>\n\n\n\n<p>Catherine Vautrin, intusiasmata da u prugettu d\u2019apertura, per a rientrata di u 2025, di a Scola di u Turisimu, di l\u2019Ospidalit\u00e0 \u00e8 di l\u2019Evenimenziale \u00e0 u Palazzu di i Cungressi d\u2019Aiacciu \u2013 induv\u2019ella assistia u lindumane \u00e0 u cungressu di i merri \u00e8 di i presidenti d\u2019EPCI di u Pumonte \u2013 si h\u00e8 mustrata propiu cumprensiva ma, di sicuru, prudente \u00e8 prammatica.<\/p>\n\n\n\n<div style=\"height:63px\" aria-hidden=\"true\" class=\"wp-block-spacer\"><\/div>\n\n\n\n<div class=\"wp-block-media-text is-stacked-on-mobile\"><figure class=\"wp-block-media-text__media\"><img fetchpriority=\"high\" decoding=\"async\" width=\"680\" height=\"383\" src=\"https:\/\/www.cci.corsica\/wp-content\/uploads\/2024\/11\/visu-la-lettre-680x383-2.png\" alt=\"\" class=\"wp-image-6565 size-full\" srcset=\"https:\/\/www.cci.corsica\/wp-content\/uploads\/2024\/11\/visu-la-lettre-680x383-2.png 680w, https:\/\/www.cci.corsica\/wp-content\/uploads\/2024\/11\/visu-la-lettre-680x383-2-300x169.png 300w, https:\/\/www.cci.corsica\/wp-content\/uploads\/2024\/11\/visu-la-lettre-680x383-2-18x10.png 18w\" sizes=\"(max-width: 680px) 100vw, 680px\" \/><\/figure><div class=\"wp-block-media-text__content\">\n<p>Pour lire la version fran\u00e7aise, <a href=\"https:\/\/www.cci.corsica\/co\/la-lettre-i-catherine-vautrin\/\" data-type=\"link\" data-id=\"https:\/\/www.cci.corsica\/la-lettre-i-catherine-vautrin\/\">cliquez ici<\/a><\/p>\n\n\n\n<p>Article paru dans&nbsp;<a href=\"https:\/\/www.calameo.com\/read\/0063400184030e8b92396\" target=\"_blank\" rel=\"noreferrer noopener\"><strong>La Lettre n\u00b048<\/strong><\/a><\/p>\n<\/div><\/div>","protected":false},"excerpt":{"rendered":"<p>A ministra di u Partinariatu c\u00f9 i territorii \u00e8 di a Decentralisazione h\u00e0 tesu un\u2019arechja attenta \u00e0 l\u2019attori mai\u00f2 di l\u2019ecunumia corsa. H\u00e0 cunfirmatu u so sustegnu \u00e0 a necessit\u00e0 di una gestione publica di i porti \u00e8 di l\u2019aeroporti di l\u2019isula \u00e8 \u00e0 a messa in ballu di l\u2019avvicinamentu di a CCI di Corsica \u00e0 a Cullettivit\u00e0 di Corsica.<\/p>","protected":false},"author":4,"featured_media":6557,"comment_status":"open","ping_status":"open","sticky":false,"template":"","format":"standard","meta":{"_acf_changed":false,"_seopress_robots_primary_cat":"25","_seopress_titles_title":"","_seopress_titles_desc":"","_seopress_robots_index":"","footnotes":""},"categories":[25],"tags":[58,57,34],"class_list":["post-6595","post","type-post","status-publish","format-standard","has-post-thumbnail","hentry","category-actualite","tag-economie","tag-entreprise","tag-institution"],"acf":[],"_links":{"self":[{"href":"https:\/\/www.cci.corsica\/co\/wp-json\/wp\/v2\/posts\/6595","targetHints":{"allow":["GET"]}}],"collection":[{"href":"https:\/\/www.cci.corsica\/co\/wp-json\/wp\/v2\/posts"}],"about":[{"href":"https:\/\/www.cci.corsica\/co\/wp-json\/wp\/v2\/types\/post"}],"author":[{"embeddable":true,"href":"https:\/\/www.cci.corsica\/co\/wp-json\/wp\/v2\/users\/4"}],"replies":[{"embeddable":true,"href":"https:\/\/www.cci.corsica\/co\/wp-json\/wp\/v2\/comments?post=6595"}],"version-history":[{"count":3,"href":"https:\/\/www.cci.corsica\/co\/wp-json\/wp\/v2\/posts\/6595\/revisions"}],"predecessor-version":[{"id":6601,"href":"https:\/\/www.cci.corsica\/co\/wp-json\/wp\/v2\/posts\/6595\/revisions\/6601"}],"wp:featuredmedia":[{"embeddable":true,"href":"https:\/\/www.cci.corsica\/co\/wp-json\/wp\/v2\/media\/6557"}],"wp:attachment":[{"href":"https:\/\/www.cci.corsica\/co\/wp-json\/wp\/v2\/media?parent=6595"}],"wp:term":[{"taxonomy":"category","embeddable":true,"href":"https:\/\/www.cci.corsica\/co\/wp-json\/wp\/v2\/categories?post=6595"},{"taxonomy":"post_tag","embeddable":true,"href":"https:\/\/www.cci.corsica\/co\/wp-json\/wp\/v2\/tags?post=6595"}],"curies":[{"name":"wp","href":"https:\/\/api.w.org\/{rel}","templated":true}]}}