{"id":6602,"date":"2024-11-13T09:58:56","date_gmt":"2024-11-13T08:58:56","guid":{"rendered":"https:\/\/www.cci.corsica\/?p=6602"},"modified":"2024-11-13T09:58:56","modified_gmt":"2024-11-13T08:58:56","slug":"des-bons-dachat","status":"publish","type":"post","link":"https:\/\/www.cci.corsica\/co\/des-bons-dachat\/","title":{"rendered":"Des bons d\u2019achat pour dynamiser le commerce dans les quartiers sud"},"content":{"rendered":"<p><strong>2500 ch\u00e8ques avantages \u00ab&nbsp;Quartieri&nbsp;\u00bb vont \u00eatre distribu\u00e9s par la Communaut\u00e9 d\u2019agglom\u00e9ration de Bastia et la Chambre de commerce.<\/strong><\/p>\n\n\n\n<div style=\"height:33px\" aria-hidden=\"true\" class=\"wp-block-spacer\"><\/div>\n\n\n\n<hr class=\"wp-block-separator has-alpha-channel-opacity\" \/>\n\n\n\n<div style=\"height:33px\" aria-hidden=\"true\" class=\"wp-block-spacer\"><\/div>\n\n\n\n<p><strong>Corse-Matin&nbsp; &#8211; &nbsp;Francesca-Orsula ANGELINI<\/strong><\/p>\n\n\n\n<p><em>\u00ab&nbsp;Je voudrais dix ch\u00e8ques s&rsquo;il vous pla\u00eet&nbsp;\u00bb,<\/em> apr\u00e8s quelques minutes d&rsquo;attente, Magali<a>*<\/a>, tout sourire, sort du bureau de vente am\u00e9nag\u00e9 \u00e0 l&rsquo;int\u00e9rieur de la Maison des quartiers sud, \u00e0 Bastia. Dans sa main, ce matin, les pr\u00e9cieux coupons d\u00e9livr\u00e9s par la communaut\u00e9 d&rsquo;agglom\u00e9ration de Bastia et la chambre de commerce, dans le cadre de l&rsquo;op\u00e9ration ch\u00e8ques avantages \u00ab Quartieri \u00bb **.<\/p>\n\n\n\n<p>Un dispositif qui r\u00e9pond \u00e0 un double objectif : redynamiser les commerces de proximit\u00e9 dans les quartiers sud de la ville et renforcer le pouvoir d&rsquo;achat des Bastiais.<\/p>\n\n\n\n<p>Le m\u00e9canisme est simple. 2 500 bons d&rsquo;achat d&rsquo;une valeur de 20 euros sont propos\u00e9s \u00e0 moiti\u00e9 prix &#8211; soit 10 euros &#8211; aux particuliers, sans condition de revenus ni de domicile mais dans la limite de 10 par personne.<\/p>\n\n\n\n<p>Les acqu\u00e9reurs de ces \u00ab ch\u00e8ques avantage \u00bb ont jusqu&rsquo;au 15 mai prochain pour les d\u00e9penser dans les 48 boutiques participant \u00e0 l&rsquo;op\u00e9ration.<\/p>\n\n\n\n<p>Des commerces situ\u00e9s dans les quartiers de Lupino, Paese Novu et Montesoro, et positionn\u00e9s sur des secteurs tr\u00e8s vari\u00e9s : la beaut\u00e9, la mode, la gastronomie, le num\u00e9rique, l&rsquo;optique, la culture, les loisirs et les services&#8230;<\/p>\n\n\n\n<h3 class=\"wp-block-heading\"><strong>Plus de 1 000 ch\u00e8ques vendus en une matin\u00e9e<\/strong><\/h3>\n\n\n\n<p>Parmi la vingtaine de personnes qui attend en cette fin de matin\u00e9e, Pascal un employ\u00e9 administratif, \u00e2g\u00e9 de 33 ans.<\/p>\n\n\n\n<p>Lui aussi est tr\u00e8s content d&rsquo;avoir obtenu ces ch\u00e8ques avantages. <em>\u00ab Je trouve l&rsquo;initiative tr\u00e8s int\u00e9ressante<\/em>, confie cet habitant de Montesoru. <em>J&rsquo;ai achet\u00e9 le maximum de ch\u00e8ques pour un montant de 100 euros et au final, \u00e7a me donne 200 euros de pouvoir d&rsquo;achat. Je vais les utiliser pour des choses de tous les jours : chez le coiffeur par exemple, mais aussi pour faire les cadeaux de No\u00ebl. \u00bb<\/em><\/p>\n\n\n\n<p>L&rsquo;op\u00e9ration d\u00e9marre juste avant les f\u00eates de fin d&rsquo;ann\u00e9e. Raison pour laquelle elle est doublement bienvenue. Tout comme Pascal, Oph\u00e9lie ne passe pas \u00e0 c\u00f4t\u00e9 de l&rsquo;occasion : <em>\u00ab Je vais m&rsquo;en servir pour commencer \u00e0 acheter les cadeaux pour mes proches, j&rsquo;ai vu qu&rsquo;il y avait quelques boutiques de mode et d&rsquo;accessoires, c&rsquo;est une aide pr\u00e9cieuse pour moi qui suis en recherche d&#8217;emploi&nbsp;\u00bb.<\/em><\/p>\n\n\n\n<p>L&rsquo;engouement pour l&rsquo;op\u00e9ration est d&rsquo;ailleurs facile \u00e0 mesurer. Il suffisait de voir, ce mardi matin, la foule mass\u00e9e \u00e0 l&rsquo;ext\u00e9rieur de la Maison des services publics avant l&rsquo;ouverture du bureau de vente. Pendant trois heures, le b\u00e2timent n&rsquo;a pas d\u00e9sempli, le personnel \u00e9tant m\u00eame oblig\u00e9 d&rsquo;en fermer les portes pr\u00e9matur\u00e9ment. Selon les \u00e9quipes de la communaut\u00e9 d&rsquo;agglom\u00e9ration de Bastia pr\u00e9sentes sur place, l&rsquo;op\u00e9ration a obtenu un franc succ\u00e8s : plus de 1 000 ch\u00e8ques avantages \u00e9taient vendus \u00e0 midi. \u00ab&nbsp;<em>On est surpris par l&rsquo;ampleur de cette adh\u00e9sion<\/em>, se r\u00e9jouit Serge Linale, responsable du d\u00e9veloppement \u00e9conomique, de l&#8217;emploi, de l&rsquo;\u00e9conomie sociale et solidaire de la Cab. <em>Tant mieux puisque l&rsquo;objectif, c&rsquo;est de servir \u00e0 la fois les habitants et les commerces. \u00bb<\/em><\/p>\n\n\n\n<h3 class=\"wp-block-heading\"><strong>Op\u00e9ration ouverte jusqu&rsquo;\u00e0 vendredi<\/strong><\/h3>\n\n\n\n<p>\u00c0 proximit\u00e9 de la Maison des quartiers sud, les commerces participants attendent patiemment la venue des clients adh\u00e9rents \u00e0 l&rsquo;op\u00e9ration.<\/p>\n\n\n\n<p>Le responsable de l&rsquo;\u00e9picerie fine Jardin sal\u00e9 sucr\u00e9 et pr\u00e9sident de l&rsquo;association des commer\u00e7ants des quartiers sud, Christopher Paolini, souligne le m\u00e9rite de l&rsquo;initiative : <em>\u00ab C&rsquo;est une belle action pour relancer les entreprises de ces quartiers sud, les clients vont \u00eatre plus motiv\u00e9s \u00e0 acheter local plut\u00f4t que sur Internet. Pour ma part, je pense que les paniers gourmands de No\u00ebl vont bien s&rsquo;\u00e9couler. \u00bb<\/em><\/p>\n\n\n\n<p>Hassan El Hassoumi, g\u00e9rant de la Maison du t\u00e9l\u00e9phone, au centre commercial du Polygone, \u00e0 Montesoru, esp\u00e8re que ce dispositif va encourager les ventes : <em>\u00ab Nous avons mis des autocollants dans le magasin pour faire savoir que nous sommes partenaires de cette op\u00e9ration et puis nous essayons d&rsquo;en parler autour de nous. \u00bb <\/em>S&rsquo;ils restent optimistes, certains ne peuvent pas s&#8217;emp\u00eacher de faire part d&rsquo;un certain scepticisme. Sihame Krimi, g\u00e9rante de l&rsquo;institut Beaut\u00e9 Services, \u00e9galement \u00e9tabli au Polygone, se r\u00e9jouit de l&rsquo;op\u00e9ration mais elle ne semble pas en attendre beaucoup. <em>\u00ab Nous esp\u00e9rons toucher les habitants des quartiers sud pour les motiver \u00e0 prendre des rendez-vous, j&rsquo;esp\u00e8re juste que cela va marcher&#8230; \u00bb<\/em>, explique-t-elle. Les personnes int\u00e9ress\u00e9es ont jusqu&rsquo;\u00e0 vendredi pour faire l&rsquo;acquisition de leurs ch\u00e8ques avantage \u00ab Quartieri \u00bb.<\/p>\n\n\n\n<div style=\"height:37px\" aria-hidden=\"true\" class=\"wp-block-spacer\"><\/div>\n\n\n\n<hr class=\"wp-block-separator has-alpha-channel-opacity\" \/>\n\n\n\n<div style=\"height:41px\" aria-hidden=\"true\" class=\"wp-block-spacer\"><\/div>\n\n\n\n<p><em>* Pr\u00e9nom modifi\u00e9<\/em> <\/p>\n\n\n\n<p><em>** Une op\u00e9ration organis\u00e9e par la communaut\u00e9 d&rsquo;agglom\u00e9ration de Bastia, la chambre de commerce et d&rsquo;industrie de Corse, la F\u00e9d\u00e9ration des unions de commer\u00e7ants et artisans du grand Bastia, l&rsquo;Union des commer\u00e7ants des quartiers sud ainsi que la Ville de Bastia.<\/em><\/p>","protected":false},"excerpt":{"rendered":"<p>La vente des ch\u00e8ques avantages \u00ab Quartieri \u00bb s&rsquo;est ouverte hier, \u00e0 la Maisons des quartiers sud. Cette op\u00e9ration a \u00e9t\u00e9 lanc\u00e9e par la communaut\u00e9 d&rsquo;agglom\u00e9ration de Bastia. Objectif : augmenter le pouvoir d&rsquo;achat de la population locale et donner un coup de pouce aux commer\u00e7ants du quartier. <\/p>","protected":false},"author":6,"featured_media":6605,"comment_status":"open","ping_status":"open","sticky":false,"template":"","format":"standard","meta":{"_acf_changed":false,"_seopress_robots_primary_cat":"none","_seopress_titles_title":"","_seopress_titles_desc":"","_seopress_robots_index":"","footnotes":""},"categories":[16],"tags":[66,67],"class_list":["post-6602","post","type-post","status-publish","format-standard","has-post-thumbnail","hentry","category-revue-de-presse","tag-commerce","tag-proximite"],"acf":[],"_links":{"self":[{"href":"https:\/\/www.cci.corsica\/co\/wp-json\/wp\/v2\/posts\/6602","targetHints":{"allow":["GET"]}}],"collection":[{"href":"https:\/\/www.cci.corsica\/co\/wp-json\/wp\/v2\/posts"}],"about":[{"href":"https:\/\/www.cci.corsica\/co\/wp-json\/wp\/v2\/types\/post"}],"author":[{"embeddable":true,"href":"https:\/\/www.cci.corsica\/co\/wp-json\/wp\/v2\/users\/6"}],"replies":[{"embeddable":true,"href":"https:\/\/www.cci.corsica\/co\/wp-json\/wp\/v2\/comments?post=6602"}],"version-history":[{"count":3,"href":"https:\/\/www.cci.corsica\/co\/wp-json\/wp\/v2\/posts\/6602\/revisions"}],"predecessor-version":[{"id":6608,"href":"https:\/\/www.cci.corsica\/co\/wp-json\/wp\/v2\/posts\/6602\/revisions\/6608"}],"wp:featuredmedia":[{"embeddable":true,"href":"https:\/\/www.cci.corsica\/co\/wp-json\/wp\/v2\/media\/6605"}],"wp:attachment":[{"href":"https:\/\/www.cci.corsica\/co\/wp-json\/wp\/v2\/media?parent=6602"}],"wp:term":[{"taxonomy":"category","embeddable":true,"href":"https:\/\/www.cci.corsica\/co\/wp-json\/wp\/v2\/categories?post=6602"},{"taxonomy":"post_tag","embeddable":true,"href":"https:\/\/www.cci.corsica\/co\/wp-json\/wp\/v2\/tags?post=6602"}],"curies":[{"name":"wp","href":"https:\/\/api.w.org\/{rel}","templated":true}]}}