{"id":6934,"date":"2025-01-09T15:13:39","date_gmt":"2025-01-09T14:13:39","guid":{"rendered":"https:\/\/www.cci.corsica\/?p=6934"},"modified":"2025-02-19T10:11:34","modified_gmt":"2025-02-19T09:11:34","slug":"la-lettre-i-sur-le-port","status":"publish","type":"post","link":"https:\/\/www.cci.corsica\/co\/la-lettre-i-sur-le-port\/","title":{"rendered":"La Lettre I Sur le port, la confr\u00e9rie des armateurs"},"content":{"rendered":"<h3 class=\"wp-block-heading has-text-align-center\"><strong>Le pape Fran\u00e7ois en Corse<\/strong><\/h3>\n\n\n\n<p>Des quais rutilants et baign\u00e9s de soleil au long desquels s\u2019\u00e9grenait un chapelet de navires repr\u00e9sentant les couleurs de toutes les compagnies qui desservent la Corse&nbsp;: Corsica Linea, La M\u00e9ridionale et Corsica Ferries. Une carte postale marine d\u2019Ajaccio famili\u00e8re un jour ordinaire de trafic estival, avec le ciel bleu et six bateaux align\u00e9s \u00e0 l\u2019accostage, mais in\u00e9dite aux portes de l\u2019hiver. Parler de miracle pourrait para\u00eetre quelque peu inconvenant, mais l\u2019escale papale a fait des prodiges en mati\u00e8re d\u2019engouement populaire. En moins de 24 heures, ce sont pr\u00e8s de 3 500 passagers qui ont d\u00e9barqu\u00e9 ou ont s\u00e9journ\u00e9 sur site.<\/p>\n\n\n\n<p>Mis en service depuis deux ans, presque jour pour jour, <em>A Galeotta<\/em>, est arriv\u00e9e avec 253 passagers et a assur\u00e9 l\u2019accueil des \u00e9v\u00eaques pour le d\u00e9jeuner. Trois navires se trouvaient d\u00e9j\u00e0 \u00e0 quai (<em>Le Danielle Casanova, le P\u00efana et le Monte d\u2019Oro<\/em>) d\u00e9volus aux forces de l\u2019ordre et \u00e0 quelques \u00e9missaires du dioc\u00e8se d\u2019Ajaccio ainsi id\u00e9alement plac\u00e9s pour le pieux s\u00e9minaire du Palais des Congr\u00e8s. Enfin, la Corsica Ferries, dont le <em>Pascal Lota<\/em> en provenance de Toulon n\u2019avait pas fait le plein, avait sp\u00e9cialement affr\u00e9t\u00e9 le <em>Mega Andrea<\/em> pour transporter les fid\u00e8les de Haute-Corse depuis Bastia en passant par les Bouches de Bonifacio. \u00c0 son bord, 1 200 passagers, des familles enti\u00e8res, des groupes d\u2019amis ou r\u00e9unis par une m\u00eame paroisse, pour une travers\u00e9e de nuit particuli\u00e8rement conviviale o\u00f9 le choix du je\u00fbne n\u2019avait pas fait beaucoup d\u2019\u00e9mules. Un euph\u00e9misme.<\/p>\n\n\n\n<p>Plusieurs semaines en amont, les \u00e9changes s\u2019\u00e9taient multipli\u00e9s entre les responsables consulaires du port, les armateurs, la pr\u00e9fecture de Corse, qui avait publi\u00e9 un arr\u00eat\u00e9 d\u2019interdiction de navigation et de mouillage le 15 d\u00e9cembre, la municipalit\u00e9 d\u2019Ajaccio, la s\u00e9curit\u00e9 vaticane et le dioc\u00e8se. Le directeur des concessions portuaires du Sud Jean-Yves Battesti et le directeur du Port de Plaisance Jean-Andr\u00e9 Simonetti \u2013 le port Tino Rossi devant accueillir les navettes depuis Grosseto-Prugna \u2013 ainsi que leurs staffs respectifs, ont consacr\u00e9 \u00e9norm\u00e9ment de temps \u00e0 peaufiner la pr\u00e9paration de ce trafic maritime tout \u00e0 fait atypique et \u00e0 favoriser une synergie saine et positive entre toutes les parties concern\u00e9es. Rien n\u2019aura \u00e9t\u00e9 n\u00e9glig\u00e9 pour que le pape Fran\u00e7ois arrive \u00e0 bon port.<\/p>\n\n\n\n<div style=\"height:35px\" aria-hidden=\"true\" class=\"wp-block-spacer\"><\/div>\n\n\n\n<hr class=\"wp-block-separator has-alpha-channel-opacity\" \/>\n\n\n\n<div style=\"height:45px\" aria-hidden=\"true\" class=\"wp-block-spacer\"><\/div>\n\n\n\n<h3 class=\"wp-block-heading\"><strong>Un \u00e9v\u00e8nement hautement s\u00e9curis\u00e9<\/strong><\/h3>\n\n\n\n<p>La cit\u00e9 imp\u00e9riale a \u00e9t\u00e9 ouverte \u00e0 des milliers de visiteurs \u2013 environ 70 000 sur l\u2019ensemble des sites \u2013 dans des conditions optimales de s\u00e9curit\u00e9, p\u00e9rim\u00e8tres sp\u00e9cifiques, circulation restreinte, transports collectifs privil\u00e9gi\u00e9s. Des renforts humains et des moyens logistiques sans pr\u00e9c\u00e9dent ont \u00e9t\u00e9 mis en \u0153uvre&nbsp;: 2 800 effectifs de la Police et de la Gendarmerie nationales auxquels sont venus se greffer 270 sapeurs-pompiers de Corse (<em>source minist\u00e8re de l\u2019Int\u00e9rieur<\/em>).<\/p>\n\n\n\n<div style=\"height:43px\" aria-hidden=\"true\" class=\"wp-block-spacer\"><\/div>\n\n\n\n<hr class=\"wp-block-separator has-alpha-channel-opacity\" \/>\n\n\n\n<div style=\"height:52px\" aria-hidden=\"true\" class=\"wp-block-spacer\"><\/div>\n\n\n\n<h3 class=\"wp-block-heading\"><strong>Le chiffre<\/strong> &gt; <strong>340<\/strong><\/h3>\n\n\n\n<p>C\u2019est le nombre de journalistes et d\u2019envoy\u00e9s sp\u00e9ciaux d\u00e9p\u00each\u00e9s \u00e0 Ajaccio pour rendre compte de la visite pastorale. Outre les m\u00e9dias corses, les grands titres de la presse nationale \u00e9taient pr\u00e9sents ainsi qu\u2019une quinzaine de cha\u00eenes de t\u00e9l\u00e9vision dont plusieurs \u00e9trang\u00e8res, notamment d\u2019Italie et d\u2019Am\u00e9rique latine. France-T\u00e9l\u00e9vision, d\u00e9tentrice des droits de retransmission, a relay\u00e9 les images en direct en mondovision. Un formidable coup de projecteur sur la Corse qui ne sera pas sans retomb\u00e9es \u00e0 court et \u00e0 moyen termes.<\/p>\n\n\n\n<div style=\"height:56px\" aria-hidden=\"true\" class=\"wp-block-spacer\"><\/div>\n\n\n\n<hr class=\"wp-block-separator has-alpha-channel-opacity\" \/>\n\n\n\n<div style=\"height:53px\" aria-hidden=\"true\" class=\"wp-block-spacer\"><\/div>\n\n\n\n<div class=\"wp-block-media-text is-stacked-on-mobile\"><figure class=\"wp-block-media-text__media\"><img fetchpriority=\"high\" decoding=\"async\" width=\"680\" height=\"383\" src=\"https:\/\/www.cci.corsica\/wp-content\/uploads\/2025\/01\/visu-la-lettre-680x383-1.png\" alt=\"\" class=\"wp-image-6919 size-full\" srcset=\"https:\/\/www.cci.corsica\/wp-content\/uploads\/2025\/01\/visu-la-lettre-680x383-1.png 680w, https:\/\/www.cci.corsica\/wp-content\/uploads\/2025\/01\/visu-la-lettre-680x383-1-300x169.png 300w, https:\/\/www.cci.corsica\/wp-content\/uploads\/2025\/01\/visu-la-lettre-680x383-1-18x10.png 18w\" sizes=\"(max-width: 680px) 100vw, 680px\" \/><\/figure><div class=\"wp-block-media-text__content\">\n<p>Article paru dans la&nbsp;<a href=\"https:\/\/www.calameo.com\/read\/006340018591c322bba12\"><strong>Lettre N\u00b050<\/strong><\/a><\/p>\n<\/div><\/div>","protected":false},"excerpt":{"rendered":"<p>L\u2019enceinte portuaire avait \u00e9t\u00e9 elle-m\u00eame \u00ab sacralis\u00e9e \u00bb pour recevoir les milliers de fid\u00e8les et de forces de l\u2019ordre. La qualit\u00e9 de l\u2019accueil \u00e9tait l\u2019unique boussole que personne n\u2019a perdu de vue\u2026<\/p>","protected":false},"author":6,"featured_media":6937,"comment_status":"closed","ping_status":"closed","sticky":false,"template":"","format":"standard","meta":{"_acf_changed":false,"_seopress_robots_primary_cat":"none","_seopress_titles_title":"","_seopress_titles_desc":"","_seopress_robots_index":"","footnotes":""},"categories":[25],"tags":[],"class_list":["post-6934","post","type-post","status-publish","format-standard","has-post-thumbnail","hentry","category-actualite"],"acf":[],"_links":{"self":[{"href":"https:\/\/www.cci.corsica\/co\/wp-json\/wp\/v2\/posts\/6934","targetHints":{"allow":["GET"]}}],"collection":[{"href":"https:\/\/www.cci.corsica\/co\/wp-json\/wp\/v2\/posts"}],"about":[{"href":"https:\/\/www.cci.corsica\/co\/wp-json\/wp\/v2\/types\/post"}],"author":[{"embeddable":true,"href":"https:\/\/www.cci.corsica\/co\/wp-json\/wp\/v2\/users\/6"}],"replies":[{"embeddable":true,"href":"https:\/\/www.cci.corsica\/co\/wp-json\/wp\/v2\/comments?post=6934"}],"version-history":[{"count":3,"href":"https:\/\/www.cci.corsica\/co\/wp-json\/wp\/v2\/posts\/6934\/revisions"}],"predecessor-version":[{"id":6940,"href":"https:\/\/www.cci.corsica\/co\/wp-json\/wp\/v2\/posts\/6934\/revisions\/6940"}],"wp:featuredmedia":[{"embeddable":true,"href":"https:\/\/www.cci.corsica\/co\/wp-json\/wp\/v2\/media\/6937"}],"wp:attachment":[{"href":"https:\/\/www.cci.corsica\/co\/wp-json\/wp\/v2\/media?parent=6934"}],"wp:term":[{"taxonomy":"category","embeddable":true,"href":"https:\/\/www.cci.corsica\/co\/wp-json\/wp\/v2\/categories?post=6934"},{"taxonomy":"post_tag","embeddable":true,"href":"https:\/\/www.cci.corsica\/co\/wp-json\/wp\/v2\/tags?post=6934"}],"curies":[{"name":"wp","href":"https:\/\/api.w.org\/{rel}","templated":true}]}}