{"id":7180,"date":"2025-02-10T10:37:00","date_gmt":"2025-02-10T09:37:00","guid":{"rendered":"https:\/\/www.cci.corsica\/?p=7180"},"modified":"2025-03-20T14:58:06","modified_gmt":"2025-03-20T13:58:06","slug":"la-lettre-fevrier-2025","status":"publish","type":"post","link":"https:\/\/www.cci.corsica\/co\/la-lettre-fevrier-2025\/","title":{"rendered":"La Lettre n\u00b051 &#8211; F\u00e9vrier 2025"},"content":{"rendered":"<p>L\u2019objectif de cette rencontre, qui s\u2019est tenue le 5 f\u00e9vrier \u00e0 l\u2019h\u00f4tel consulaire de Bastia, \u00e9tait d\u2019\u00e9changer avec les d\u00e9put\u00e9s sur les contraintes sp\u00e9cifiques de l\u2019\u00e9conomie insulaire, de proposer des pistes de r\u00e9flexion sur les mesures fiscales susceptibles de surmonter ces obstacles dans la perspective de l\u2019examen du projet de loi relatif au statut d\u2019autonomie.<\/p>\n\n\n\n<p>Elle se fait encore l\u2019\u00e9cho du partenariat avec le groupe EDF \u00e9voqu\u00e9 par son directeur r\u00e9gional, Vincent de Rul, et du succ\u00e8s aussi remarquable qu\u2019inattendu de la diffusion en direct et en continu des flux maritimes et a\u00e9riens sur notre site internet gr\u00e2ce \u00e0 l\u2019installation en cours de g\u00e9n\u00e9ralisation de webcam.<\/p>\n\n\n\n<p>Enfin, elle t\u00e9moigne de notre vive inqui\u00e9tude collective apr\u00e8s la nouvelle vague d\u2019attentats et de destruction visant des commer\u00e7ants qui appellent, au-del\u00e0 de notre soutien ind\u00e9fectible, une r\u00e9action publique forte et dissuasive.<\/p>\n\n\n\n<p>Vous souhaitant une bonne lecture, <\/p>\n\n\n\n<div class=\"wp-block-buttons is-layout-flex wp-block-buttons-is-layout-flex\">\n<div class=\"wp-block-button\"><a class=\"wp-block-button__link wp-element-button\" href=\"https:\/\/www.calameo.com\/read\/006340018d4d960c2a9ad\" target=\"_blank\" rel=\"noreferrer noopener\">Lire La Lettre n\u00b051<\/a><\/div>\n<\/div>\n\n\n\n<div class=\"wp-block-jet-engine-section jet-section wp-block-jet-engine-section jet-section--layout-fullwidth\"><div class=\"jet-section__content\"><\/div><\/div>","protected":false},"excerpt":{"rendered":"<p>La \u00ab Lettre \u00bb du mois de f\u00e9vrier rend compte des \u00e9changes fructueux entre la mission d\u2019information sur l\u2019avenir institutionnel de la Corse, conduite par son pr\u00e9sident Florent Boudi\u00e9 et nos acteurs \u00e9conomiques.<\/p>","protected":false},"author":4,"featured_media":7182,"comment_status":"closed","ping_status":"closed","sticky":false,"template":"","format":"standard","meta":{"_acf_changed":false,"_seopress_robots_primary_cat":"none","_seopress_titles_title":"","_seopress_titles_desc":"","_seopress_robots_index":"","footnotes":""},"categories":[17],"tags":[58,57,34,28],"class_list":["post-7180","post","type-post","status-publish","format-standard","has-post-thumbnail","hentry","category-la-lettre","tag-economie","tag-entreprise","tag-institution","tag-transports"],"acf":[],"_links":{"self":[{"href":"https:\/\/www.cci.corsica\/co\/wp-json\/wp\/v2\/posts\/7180","targetHints":{"allow":["GET"]}}],"collection":[{"href":"https:\/\/www.cci.corsica\/co\/wp-json\/wp\/v2\/posts"}],"about":[{"href":"https:\/\/www.cci.corsica\/co\/wp-json\/wp\/v2\/types\/post"}],"author":[{"embeddable":true,"href":"https:\/\/www.cci.corsica\/co\/wp-json\/wp\/v2\/users\/4"}],"replies":[{"embeddable":true,"href":"https:\/\/www.cci.corsica\/co\/wp-json\/wp\/v2\/comments?post=7180"}],"version-history":[{"count":2,"href":"https:\/\/www.cci.corsica\/co\/wp-json\/wp\/v2\/posts\/7180\/revisions"}],"predecessor-version":[{"id":7184,"href":"https:\/\/www.cci.corsica\/co\/wp-json\/wp\/v2\/posts\/7180\/revisions\/7184"}],"wp:featuredmedia":[{"embeddable":true,"href":"https:\/\/www.cci.corsica\/co\/wp-json\/wp\/v2\/media\/7182"}],"wp:attachment":[{"href":"https:\/\/www.cci.corsica\/co\/wp-json\/wp\/v2\/media?parent=7180"}],"wp:term":[{"taxonomy":"category","embeddable":true,"href":"https:\/\/www.cci.corsica\/co\/wp-json\/wp\/v2\/categories?post=7180"},{"taxonomy":"post_tag","embeddable":true,"href":"https:\/\/www.cci.corsica\/co\/wp-json\/wp\/v2\/tags?post=7180"}],"curies":[{"name":"wp","href":"https:\/\/api.w.org\/{rel}","templated":true}]}}