{"id":7602,"date":"2025-04-04T14:07:00","date_gmt":"2025-04-04T12:07:00","guid":{"rendered":"https:\/\/www.cci.corsica\/?p=7602"},"modified":"2025-04-10T11:12:01","modified_gmt":"2025-04-10T09:12:01","slug":"la-lettre-i-la-corse-a","status":"publish","type":"post","link":"https:\/\/www.cci.corsica\/co\/la-lettre-i-la-corse-a\/","title":{"rendered":"La Lettre I \u00ab\u00a0La Corse a une carte formidable \u00e0 jouer\u00a0\u00bb"},"content":{"rendered":"<p class=\"has-text-align-center\"><em>\u00ab&nbsp;C\u2019est dans les situations difficiles que les choses peuvent bouger \u00bb<\/em> <\/p>\n\n\n\n<p class=\"has-text-align-center\"><strong>Marc Ferracci,<\/strong> Ministre de l\u2019Industrie et de l\u2019\u00c9nergie<\/p>\n\n\n\n<div style=\"height:36px\" aria-hidden=\"true\" class=\"wp-block-spacer\"><\/div>\n\n\n\n<hr class=\"wp-block-separator has-alpha-channel-opacity\" \/>\n\n\n\n<div style=\"height:36px\" aria-hidden=\"true\" class=\"wp-block-spacer\"><\/div>\n\n\n\n<p><strong>&#8211;<\/strong> <strong>Quels enseignements avez-vous tir\u00e9s des \u00e9changes informels tenus au si\u00e8ge de la CCI de Corse&nbsp;?<\/strong><\/p>\n\n\n\n<p>Beaucoup de remont\u00e9es de terrain positives qui donnent de l\u2019espoir sur la capacit\u00e9 de la Corse \u00e0 cr\u00e9er de la richesse et de la haute valeur ajout\u00e9e. J\u2019ai \u00e9chang\u00e9 avec des entrepreneurs qui ont des id\u00e9es, des entrepreneurs aussi confront\u00e9s \u00e0 des probl\u00e8mes, probl\u00e8mes de financement, probl\u00e8mes de simplification, probl\u00e8mes de co\u00fbts, de travail ou de l\u2019\u00e9nergie. Les probl\u00e8mes, nous savons les identifier, il faut les traiter au niveau national mais aussi au niveau local comme la structuration des fili\u00e8res. \u00c9norm\u00e9ment d\u2019id\u00e9es ressortent de ce genre d\u2019\u00e9changes, des \u00e9changes tr\u00e8s riches, et je prends beaucoup de plaisir \u00e0 faire ce genre d\u2019exercice car il me conforte dans la certitude que la Corse a des atouts. Avec ses talents et son cadre de vie, elle a une carte formidable \u00e0 jouer.<\/p>\n\n\n\n<p><strong>&#8211;<\/strong> <strong>L\u2019ind\u00e9pendance \u00e9nerg\u00e9tique de la Corse est votre priorit\u00e9. Les retomb\u00e9es seront essentielles pour son \u00e9conomie&nbsp;?<\/strong><\/p>\n\n\n\n<p>Bien \u00e9videmment. L\u2019ind\u00e9pendance \u00e9nerg\u00e9tique, ce sont des fili\u00e8res industrielles qui irriguent l\u2019\u00e9conomie et des entreprises qui cr\u00e9ent des emplois, que ce soit dans l\u2019hydraulique, le photovolta\u00efque ou la g\u00e9othermie. Produire de l\u2019\u00e9nergie bas carbone au lieu de l\u2019importer, en particulier \u00e0 travers les \u00e9nergies renouvelables, \u00e7a doit se faire en ayant toujours le souci de voir \u00e9merger des fili\u00e8res industrielles. C\u2019est ma logique&nbsp;: souverainet\u00e9 \u00e9nerg\u00e9tique et souverainet\u00e9 industrielle sont les deux faces d\u2019une m\u00eame pi\u00e8ce.<\/p>\n\n\n\n<p><strong>&#8211;<\/strong> <strong>Pourquoi avoir choisi la CCI de Corse au c\u0153ur de votre visite&nbsp;?<\/strong><\/p>\n\n\n\n<p>La CCI de Corse est un acteur incontournable du d\u00e9veloppement et par ailleurs, j\u2019\u00e9prouve beaucoup de sympathie \u00e0 l\u2019\u00e9gard de son pr\u00e9sident.<\/p>\n\n\n\n<p><strong>&#8211;<\/strong> <strong>Le pr\u00e9sident Dominici l\u2019a dit&nbsp;: les incertitudes minent la vie politique, les moyens budg\u00e9taires, la situation internationale. O\u00f9 puiser les ressources pour mener \u00e0 bien votre mission&nbsp;?<\/strong><\/p>\n\n\n\n<p>Dans la houle des incertitudes, je suis solidement ancr\u00e9 dans mes convictions. Avec passion et pragmatisme, je travaille, avec d\u2019autres coll\u00e8gues au gouvernement, \u00e0 un projet de loi sur la simplification le plus ambitieux possible. Je mets aussi le co\u00fbt de l\u2019\u00e9nergie au c\u0153ur de mon mandat afin de fournir aux entreprises de l\u2019\u00e9lectricit\u00e9 \u00e0 des tarifs comp\u00e9titifs&nbsp;; enfin, parce ce que le co\u00fbt du travail reste un probl\u00e8me dans notre pays, je vais faire des propositions pour changer profond\u00e9ment le financement de notre protection sociale. C&rsquo;est dans les situations difficiles que les choses peuvent bouger.<\/p>\n\n\n\n<p> <strong>&#8211;<\/strong> <strong>La Corse inscrite dans la Constitution pour, \u00e0 la fois, marquer sa singularit\u00e9 et son ancrage au sein de la R\u00e9publique, \u00e7a bouge aussi&nbsp;?<\/strong><\/p>\n\n\n\n<p>Je suis depuis longtemps favorable \u00e0 la d\u00e9marche. D\u00e8s 2017, lorsque le Pr\u00e9sident Emmanuel Macron faisait campagne, le principe de l\u2019affirmation de la singularit\u00e9 de la Corse \u00e9tait d\u00e9j\u00e0 dans sa t\u00eate et dans ses discours. Une affirmation qui portait elle-m\u00eame en germes une forme d\u2019autonomie dans la R\u00e9publique. Nous sommes aujourd\u2019hui sur l\u2019aboutissement d\u2019un processus qui, en r\u00e9alit\u00e9, remonte donc \u00e0 plusieurs ann\u00e9es, qui a pris du temps pour de bonnes et de moins bonnes raisons, mais je suis tr\u00e8s heureux de l\u2019accord intervenu entre une large majorit\u00e9 des \u00e9lus insulaires et le gouvernement. Le meilleur moyen d\u2019arrimer la Corse \u00e0 la R\u00e9publique, c\u2019est effectivement de lui donner une place particuli\u00e8re dans notre texte fondamental.<\/p>\n\n\n\n<p><strong>&#8211;<\/strong> <strong>En r\u00e9alit\u00e9, la Constitution, c\u2019est le S\u00e9same pour un statut d\u2019autonomie avec pouvoir d\u2019adapter les lois mais aussi d\u2019en cr\u00e9er dans le strict cadre de ses comp\u00e9tences, \u00e7a vous convient toujours&nbsp;?<\/strong><\/p>\n\n\n\n<p>Oui, d\u00e8s lors que, dans les prochaines semaines et les prochains mois, nous allons assister \u00e0 des discussions approfondies sur le p\u00e9rim\u00e8tre de ce pouvoir de produire des normes de nature l\u00e9gislative. Il s\u2019agira de d\u00e9limiter un p\u00e9rim\u00e8tre qui soit coh\u00e9rent avec les sp\u00e9cificit\u00e9s de la Corse, de trouver une voie de passage en d\u00e9finissant, de la mani\u00e8re la plus pr\u00e9cise qui soit, les domaines dans lesquels pourra s\u2019exercer ce pouvoir normatif sous le contr\u00f4le \u00e9troit du Conseil d\u2019\u00c9tat sur les aspects r\u00e9glementaires et du Conseil constitutionnel pour ce qui a trait au domaine l\u00e9gislatif, comme cela a \u00e9t\u00e9 clairement annonc\u00e9. Je pense que nous sommes dans la bonne direction. Toutes les \u00eeles ou presque de la M\u00e9diterran\u00e9e ont un statut d\u2019autonomie avec la capacit\u00e9 \u00e0 produire des normes. La Corse est l\u00e9gitime \u00e0 emprunter cette voie qui donne de r\u00e9elles perspectives de d\u00e9veloppement avec les contours juridiques que j\u2019\u00e9voquais plus haut.<\/p>\n\n\n\n<p><strong>&#8211;<\/strong> <strong>Parmi ces difficult\u00e9s, les handicaps structurels qui g\u00e9n\u00e8rent une disparit\u00e9 forte avec les entreprises du Continent. L\u2019\u00e9conomiste que vous \u00eates est-il aussi favorable \u00e0 une fiscalit\u00e9 particuli\u00e8re&nbsp;?<\/strong><\/p>\n\n\n\n<p>Institutions et \u00e9conomie sont indissociables. La fiscalit\u00e9 pose d\u2019abord la question de l\u2019attractivit\u00e9 et, effectivement, compte tenu de ce que repr\u00e9sentent les co\u00fbts li\u00e9s \u00e0 l\u2019insularit\u00e9, des mesures fiscales susceptibles de combler les \u00e9carts me paraissent opportunes, aussi bien pour soutenir les entreprises corses que pour encourager les investissements ext\u00e9rieurs qui vont apporter une plus-value au territoire. Une activit\u00e9 optimis\u00e9e est une activit\u00e9 qui produit des ressources fiscales.<\/p>\n\n\n\n<p><strong>&#8211;<\/strong> <strong>Vous appartenez au cercle ferm\u00e9 des amis d\u2019Emmanuel Macron depuis 25 ans. Son mode de gouvernance est tr\u00e8s centralis\u00e9. Croit-il sinc\u00e8rement \u00e0 cette r\u00e9forme constitutionnelle et \u00e0 la d\u00e9volution d\u2019une autonomie&nbsp;?<\/strong> <\/p>\n\n\n\n<p>Je pense qu\u2019il en est parfaitement convaincu. Je faisais tout \u00e0 l\u2019heure r\u00e9f\u00e9rence \u00e0 sa campagne de 2017. Le pacte girondin est quelque chose qui lui tient toujours autant \u00e0 c\u0153ur, qui n\u2019a jamais quitt\u00e9 son esprit. Aujourd\u2019hui, la boucle est en train de se boucler, et je serais particuli\u00e8rement heureux si la Corse devenait un terrain d\u2019application privil\u00e9gi\u00e9 de ce pacte.<\/p>\n\n\n\n<div style=\"height:90px\" aria-hidden=\"true\" class=\"wp-block-spacer\"><\/div>\n\n\n\n<div class=\"wp-block-media-text is-stacked-on-mobile\"><figure class=\"wp-block-media-text__media\"><img fetchpriority=\"high\" decoding=\"async\" width=\"1024\" height=\"768\" src=\"https:\/\/www.cci.corsica\/wp-content\/uploads\/2025\/04\/fb-1024x768.png\" alt=\"\" class=\"wp-image-7598 size-full\" srcset=\"https:\/\/www.cci.corsica\/wp-content\/uploads\/2025\/04\/fb-1024x768.png 1024w, https:\/\/www.cci.corsica\/wp-content\/uploads\/2025\/04\/fb-300x225.png 300w, https:\/\/www.cci.corsica\/wp-content\/uploads\/2025\/04\/fb-768x576.png 768w, https:\/\/www.cci.corsica\/wp-content\/uploads\/2025\/04\/fb-1536x1152.png 1536w, https:\/\/www.cci.corsica\/wp-content\/uploads\/2025\/04\/fb-16x12.png 16w, https:\/\/www.cci.corsica\/wp-content\/uploads\/2025\/04\/fb.png 1667w\" sizes=\"(max-width: 1024px) 100vw, 1024px\" \/><\/figure><div class=\"wp-block-media-text__content\">\n<p>Article paru dans <strong><a href=\"https:\/\/www.calameo.com\/read\/006340018cb0a7953be86\" target=\"_blank\" rel=\"noreferrer noopener\">La Lettre n\u00b053<\/a><\/strong><\/p>\n<\/div><\/div>","protected":false},"excerpt":{"rendered":"<p>Au terme de plus de deux heures d\u2019\u00e9changes avec des acteurs \u00e9conomiques et des \u00e9lus consulaires, Marc Ferracci livre son sentiment et \u00e9voque le processus d\u2019\u00e9volution institutionnelle<\/p>","protected":false},"author":6,"featured_media":7605,"comment_status":"closed","ping_status":"closed","sticky":false,"template":"","format":"standard","meta":{"_acf_changed":false,"_seopress_robots_primary_cat":"none","_seopress_titles_title":"","_seopress_titles_desc":"","_seopress_robots_index":"","footnotes":""},"categories":[25],"tags":[58],"class_list":["post-7602","post","type-post","status-publish","format-standard","has-post-thumbnail","hentry","category-actualite","tag-economie"],"acf":[],"_links":{"self":[{"href":"https:\/\/www.cci.corsica\/co\/wp-json\/wp\/v2\/posts\/7602","targetHints":{"allow":["GET"]}}],"collection":[{"href":"https:\/\/www.cci.corsica\/co\/wp-json\/wp\/v2\/posts"}],"about":[{"href":"https:\/\/www.cci.corsica\/co\/wp-json\/wp\/v2\/types\/post"}],"author":[{"embeddable":true,"href":"https:\/\/www.cci.corsica\/co\/wp-json\/wp\/v2\/users\/6"}],"replies":[{"embeddable":true,"href":"https:\/\/www.cci.corsica\/co\/wp-json\/wp\/v2\/comments?post=7602"}],"version-history":[{"count":4,"href":"https:\/\/www.cci.corsica\/co\/wp-json\/wp\/v2\/posts\/7602\/revisions"}],"predecessor-version":[{"id":7636,"href":"https:\/\/www.cci.corsica\/co\/wp-json\/wp\/v2\/posts\/7602\/revisions\/7636"}],"wp:featuredmedia":[{"embeddable":true,"href":"https:\/\/www.cci.corsica\/co\/wp-json\/wp\/v2\/media\/7605"}],"wp:attachment":[{"href":"https:\/\/www.cci.corsica\/co\/wp-json\/wp\/v2\/media?parent=7602"}],"wp:term":[{"taxonomy":"category","embeddable":true,"href":"https:\/\/www.cci.corsica\/co\/wp-json\/wp\/v2\/categories?post=7602"},{"taxonomy":"post_tag","embeddable":true,"href":"https:\/\/www.cci.corsica\/co\/wp-json\/wp\/v2\/tags?post=7602"}],"curies":[{"name":"wp","href":"https:\/\/api.w.org\/{rel}","templated":true}]}}