{"id":7621,"date":"2025-04-07T09:42:56","date_gmt":"2025-04-07T07:42:56","guid":{"rendered":"https:\/\/www.cci.corsica\/?p=7621"},"modified":"2025-04-10T11:12:09","modified_gmt":"2025-04-10T09:12:09","slug":"la-lettre-i-le-soutien","status":"publish","type":"post","link":"https:\/\/www.cci.corsica\/co\/la-lettre-i-le-soutien\/","title":{"rendered":"La Lettre I \u00ab\u00a0Le soutien aux entreprises est ma priorit\u00e9\u00a0\u00bb"},"content":{"rendered":"<p><em>\u00ab&nbsp;La proximit\u00e9 et le soutien aux entreprises est, \u00e0 mes yeux, un axe essentiel de la politique strat\u00e9gique de l\u2019Agence de d\u00e9veloppement \u00e9conomique de la Corse.&nbsp;\u00bb<\/em><\/p>\n\n\n\n<p><em>\u00ab&nbsp;L\u2019autonomie, ce n\u2019est pas qu\u2019une revendication institutionnelle historique, c\u2019est aussi la revendication op\u00e9rationnelle pour \u00e9tablir et promouvoir des dispositifs fiscaux justes et utiles \u00e0 l\u2019\u00e9conomie de la Corse.&nbsp;\u00bb<\/em><\/p>\n\n\n\n<p><strong>Gilles Giovannangeli, pr\u00e9sident de l\u2019ADEC<\/strong><\/p>\n\n\n\n<div style=\"height:38px\" aria-hidden=\"true\" class=\"wp-block-spacer\"><\/div>\n\n\n\n<hr class=\"wp-block-separator has-alpha-channel-opacity\" \/>\n\n\n\n<div style=\"height:37px\" aria-hidden=\"true\" class=\"wp-block-spacer\"><\/div>\n\n\n\n<p><strong>L&rsquo;ENTRETIEN<\/strong><\/p>\n\n\n\n<p>&#8211; <strong>Quelle nouvelle impulsion entendez-vous donner \u00e0 l\u2019Agence de d\u00e9veloppement \u00e9conomique de la Corse&nbsp;?<\/strong><\/p>\n\n\n\n<p>Je m\u2019inscris dans un esprit de continuit\u00e9 par rapport au travail accompli par mon pr\u00e9d\u00e9cesseur et ami Alex Vinciguerra, notamment la mise en \u0153uvre du <em>SRDEII* qui est la matrice de l\u2019action \u00e9conomique de la Collectivit\u00e9 de Corse sur l\u2019ensemble du territoire. Avec un effort concentr\u00e9 sur l\u2019\u00e9conomie productive, un sujet essentiel dans une \u00eele insuffisamment dot\u00e9e d\u2019entreprises de production \u2013 je pense au domaine de l\u2019agroalimentaire pour rendre notamment plus compl\u00e9mentaires encore l\u2019agriculture et le tourisme \u2013 mais il n\u2019est pas le seul, il y a l\u2019artisanat, la fili\u00e8re \u00e9nerg\u00e9tique, le num\u00e9rique, et tout un panel de productions d\u2019excellence \u00e0 favoriser.<\/em><em><\/em><\/p>\n\n\n\n<p>&#8211; <strong>Quel dossier avez-vous plac\u00e9 au sommet de la pile ?<\/strong><\/p>\n\n\n\n<p><a>La proximit\u00e9 avec le soutien aux entreprises est, \u00e0 mes yeux, un axe essentiel de la politique strat\u00e9gique de l\u2019Agence de d\u00e9veloppement \u00e9conomique de la Corse<\/a>.<em> Il s\u2019agit de voir comment elle peut mieux encore investir le terrain, comment elle peut \u00eatre \u00e0 la fois plus proche des territoires et des entreprises, comment elle peut travailler plus efficacement en transversalit\u00e9 avec l\u2019\u00e9cosyst\u00e8me de l\u2019entrepreneuriat.<\/em><\/p>\n\n\n\n<p>&#8211; <strong>Comment concr\u00e8tement va se traduire ce soutien aux entreprises, en particulier celles qui sont dans des secteurs en difficult\u00e9&nbsp;?<\/strong><\/p>\n\n\n\n<p>J\u2019estime que nous devons \u00eatre aux c\u00f4t\u00e9s des entreprises tout au long de leur vie, de la cr\u00e9ation au d\u00e9veloppement, dans leurs cycles de r\u00e9ussite comme dans leurs phases de difficult\u00e9s. Nous traversons une p\u00e9riode anxiog\u00e8ne qui am\u00e8ne nombre d\u2019entreprises \u00e0 nous faire part de leur situation compliqu\u00e9e. Une p\u00e9riode o\u00f9, \u00e0 contre-courant de certaines donn\u00e9es statistiques, l\u2019\u00e9conomie r\u00e9elle t\u00e9moigne des difficult\u00e9s de tr\u00e9sorerie, d\u2019activit\u00e9s, de commercialisation. Nous devons \u00eatre particuli\u00e8rement vigilants sur les entreprises confront\u00e9es \u00e0 des probl\u00e8mes souvent communs. Une cellule de crise a \u00e9t\u00e9 mise en place \u00e0 l\u2019initiative du pr\u00e9fet de Corse et l\u2019ADEC y aura toute sa place pour y tenir un r\u00f4le pr\u00e9pond\u00e9rant. Je l\u2019ai dit, nous serons aussi aux c\u00f4t\u00e9s des territoires, c\u2019est une priorit\u00e9 de notre action qui renvoie au projet politique que nous portons pour d\u00e9velopper la ruralit\u00e9, la montagne, partout o\u00f9 il faut maintenir les services publics mais aussi partout o\u00f9 l\u2019accompagnement et l\u2019ing\u00e9nierie doivent permettre et promouvoir l\u2019\u00e9mergence d\u2019initiatives \u00e9conomiques priv\u00e9es.<\/p>\n\n\n\n<p>&#8211; <strong>Vous parlez d\u2019ing\u00e9nierie, c\u2019est aussi ce dont les entreprises corses ont besoin pour r\u00e9pondre \u00e0 la m\u00e9canique des appels \u00e0 projets, qu\u2019ils soient nationaux ou r\u00e9gionaux\u2026<\/strong><\/p>\n\n\n\n<p>Le tissu entrepreneurial de l\u2019\u00eele est essentiellement constitu\u00e9 de tr\u00e8s petites entreprises \u2013 les trois quarts n\u2019emploient pas de salari\u00e9s et la majorit\u00e9 des autres en ont moins de dix \u2013 qui sont focalis\u00e9es sur l\u2019activit\u00e9 premi\u00e8re, la production, pour ne pas dire la survie. D\u00e8s lors, elles n\u2019ont plus de temps \u00e0 consacrer \u00e0 toutes les t\u00e2ches de r\u00e9flexion, de prospective, de projection. L\u2019ADEC s\u2019attelle \u00e0 rassembler les acteurs et \u00e0 mobiliser les forces qui sont au service de l\u2019entrepreneuriat pour assumer ces d\u00e9marches formalistes et, au-del\u00e0, d\u00e9montrer que la Collectivit\u00e9 de Corse et l\u2019ADEC ne sont pas seulement des guichets financiers, mais des accompagnateurs, des conseillers, des aides \u00e0 la d\u00e9cision. Et cette mission aupr\u00e8s des entreprises doit \u00eatre conjointement assum\u00e9e avec les chambres consulaires et l\u2019ensemble du r\u00e9seau des partenaires qui ont vocation \u00e0 travailler ensemble mieux encore qu\u2019aujourd\u2019hui. De m\u00eame, l\u2019ADEC doit mieux se coordonner avec les autres agences et offices qui ont des actions \u00e9conomiques, je pense notamment \u00e0 l\u2019ATC et \u00e0 l\u2019ODARC.<\/p>\n\n\n\n<p>&#8211; <strong>Le tourisme justement est le principal moteur \u00e9conomique de l\u2019\u00eele mais il se heurte \u00e0 toute une s\u00e9rie d\u2019obstacles. Comment voyez-vous son avenir&nbsp;?<\/strong><\/p>\n\n\n\n<p>Toutes les statistiques en termes de PIB, de chiffres d\u2019affaires, d\u2019emplois, sont l\u00e0 pour rappeler que le tourisme est, ind\u00e9niablement, le pilier de notre \u00e9conomie. En m\u00eame temps, un secteur d\u2019activit\u00e9s surdimensionn\u00e9 pose un probl\u00e8me de d\u00e9s\u00e9quilibre lui-m\u00eame aggrav\u00e9 par la d\u00e9pendance \u00e0 la saisonnalit\u00e9 qui touche par effet domino l\u2019ensemble de l\u2019\u00e9conomie corse avec, pour corollaire, les emplois pr\u00e9caires, les difficult\u00e9s \u00e0 trouver du personnel qualifi\u00e9 et la n\u00e9cessit\u00e9 de recruter \u00e0 l\u2019ext\u00e9rieur avec les surco\u00fbts que cela g\u00e9n\u00e8re pour les entreprises. L\u2019enjeu ne consiste pas strat\u00e9giquement \u00e0 se d\u00e9tourner du tourisme mais \u00e0 faire grandir d\u2019autres secteurs d\u2019activit\u00e9s dans un souci d\u2019\u00e9quilibre, je pense au potentiel important que repr\u00e9sente l\u2019agriculture qui doit produire plus pour nourrir son peuple et qui est parfaitement compl\u00e9mentaire du tourisme.<\/p>\n\n\n\n<p>&#8211; <strong>Pourra-t-on un jour lutter efficacement contre la flamb\u00e9e des meubl\u00e9s locatifs qui cr\u00e9ent une \u00e9conomie parall\u00e8le et parfois occulte&nbsp;?<\/strong><\/p>\n\n\n\n<p>Sur cette question, je ne peux que rappeler notre position qui tient en un verbe&nbsp;: r\u00e9guler. Une mission qui incombe \u00e0 l\u2019\u00c9tat mais aussi de plus en plus aux communes qui, dans le cadre de l\u2019\u00e9laboration de leur PLU, ont la capacit\u00e9 de cette r\u00e9gulation. Elles commencent \u00e0 le faire en utilisant les dispositifs l\u00e9gislatifs. Il ne s\u2019agit pas de c\u00e9der \u00e0 la caricature et de renoncer aux Airbnb qui ont un caract\u00e8re patrimonial et profitent \u00e0 l\u2019\u00e9conomie rurale, mais d\u2019\u00e9viter la prolif\u00e9ration devenue l\u2019affaire de soci\u00e9t\u00e9s qui font de la sp\u00e9culation avec, derri\u00e8re, souvent des propri\u00e9taires qui ne vivent m\u00eame pas en Corse. Ce ph\u00e9nom\u00e8ne participe largement au manque de logements disponibles pour les corses et en particulier les jeunes, c\u2019est pour cela que nous sommes en faveur d\u2019un statut de r\u00e9sident.<\/p>\n\n\n\n<p>&#8211; <strong>Vous soutenez la demande d\u2019extension du Cr\u00e9dit d\u2019imp\u00f4t Investissement \u00e0 la r\u00e9novation des \u00e9tablissements h\u00f4teliers ?<\/strong><\/p>\n\n\n\n<p>La demande est tout \u00e0 fait l\u00e9gitime et il faudrait l\u2019\u00e9tendre \u00e0 d\u2019autres activit\u00e9s. Compte-tenu des sur-contraintes subies par l\u2019\u00e9conomie corse, des co\u00fbts de transport et des co\u00fbts dits cach\u00e9s, il y a n\u00e9cessit\u00e9 \u00e0 avoir des dispositifs fiscaux qui renvoient \u00e0 la perception d\u2019une autonomie efficace. <a>L\u2019autonomie, ce n\u2019est pas qu\u2019une revendication institutionnelle historique, c\u2019est aussi la revendication op\u00e9rationnelle pour \u00e9tablir et promouvoir des dispositifs fiscaux justes et utiles \u00e0 l\u2019\u00e9conomie de la Corse. Dont le cr\u00e9dit d\u2019imp\u00f4t, incontestablement.<\/a><\/p>\n\n\n\n<p>&#8211; <strong>Satisfait de l\u2019ouverture de l\u2019\u00c9cole de tourisme, de l\u2019hospitalit\u00e9 et de l\u2019\u00e9v\u00e8nementiel \u00e0 la rentr\u00e9e 2025 \u00e0 Ajaccio sous l\u2019\u00e9gide de la CMA et de la CCI de Corse&nbsp;?<\/strong><\/p>\n\n\n\n<p>Je ne peux dire que du bien de ce projet, longtemps esp\u00e9r\u00e9, dont la Collectivit\u00e9 de Corse est partenaire y compris financier. Le programme p\u00e9dagogique est d\u2019un niveau \u00e9lev\u00e9 et je souhaite voir cette \u00e9cole rayonner sur l\u2019ensemble du territoire insulaire, notamment gr\u00e2ce aux jeunes Corses qui en franchiront le seuil.<\/p>\n\n\n\n<p>&#8211; <strong>Le transfert de tutelle des chambres consulaires de l\u2019\u00c9tat \u00e0 la Collectivit\u00e9 de Corse, c\u2019est aussi une bonne id\u00e9e&nbsp;?<\/strong><\/p>\n\n\n\n<p>C\u2019est une n\u00e9cessit\u00e9 absolue, le seul chemin qui permet \u00e0 la fois de sauvegarder l\u2019activit\u00e9 des chambres et de maintenir une gestion publique des ports et des a\u00e9roports, propri\u00e9t\u00e9s de la Collectivit\u00e9 de Corse, qui \u00e9carte d\u00e9finitivement le risque de privatisation qui est aux antipodes de nos convictions politiques. Ce transfert n\u2019est pas une absorption. Les \u00e9changes avec l\u2019\u00c9tat et les chambres consulaires se poursuivent dans un esprit constructif commun pour donner naissance \u00e0 l\u2019\u00e9tablissement public, d\u2019ici la fin de l\u2019ann\u00e9e, au sein duquel les acteurs \u00e9conomiques seront pr\u00e9sents et auront leur mot \u00e0 dire.<\/p>\n\n\n\n<p>&#8211; <strong>Si la gestion publique est acquise, comment financer le programme de modernisation des ports et des a\u00e9roports, \u00e9labor\u00e9 par la CCI de Corse \u00e9ligible au PTIC**&nbsp;?<\/strong><\/p>\n\n\n\n<p>Vous abordez plus largement le sujet du retard de nos infrastructures. Il faudrait un PTIC pour les ports et les a\u00e9roports, comme il faudrait un PTIC pour l\u2019eau, un PTIC pour les routes, les \u00e9quipements de sant\u00e9, etc. En Corse, le niveau de retard est tel que l\u2019accompagnement de l\u2019\u00c9tat doit continuer, le statut d\u2019autonomie ne l\u2019exon\u00e8rera pas du financement de ce retard dont il est comptable. Comme, par exemple, la Bretagne a pu b\u00e9n\u00e9ficier d\u2019un investissement massif de l\u2019\u00c9tat au lendemain de la guerre, sans commune mesure avec la Corse.<\/p>\n\n\n\n<p>&#8211; <strong>Apr\u00e8s Catherine Vautrin et Fran\u00e7ois Rebsamen, Marc Ferracci est venu \u00e0 l\u2019h\u00f4tel consulaire rencontrer les acteurs \u00e9conomiques. De l\u2019affichage ou une r\u00e9elle volont\u00e9 d\u2019aider la Corse selon vous&nbsp;?<\/strong><\/p>\n\n\n\n<p>Il faudrait leur poser la question, mais je pense qu\u2019il y a une volont\u00e9 du gouvernement qui s\u2019exprime \u00e0 travers ces d\u00e9placements. Nous avons un Pr\u00e9sident de la R\u00e9publique qui a r\u00e9activ\u00e9 le processus sur l\u2019autonomie, un Premier ministre profond\u00e9ment d\u00e9centralisateur, un ministre, Fran\u00e7ois Rebsamen, qui conna\u00eet bien la Corse et ma\u00eetrise parfaitement le sujet, nous avons un ministre corse, Marc Ferracci, qui d\u00e9fend, d\u00e9sormais \u00e0 nos c\u00f4t\u00e9s, l\u2019ind\u00e9pendance \u00e9nerg\u00e9tique de la Corse, sans oublier Laurent Marcangeli qui soutient le processus constitutionnel. Aujourd\u2019hui, m\u00eame s\u2019il faut toujours \u00eatre prudent, les plan\u00e8tes semblent align\u00e9es.<\/p>\n\n\n\n<p>&#8211; <strong>Il y un aussi un avenir pour le pouvoir nationaliste&nbsp;?<\/strong><\/p>\n\n\n\n<p>Pour les id\u00e9es, en tout cas, oui. Elles infusent la soci\u00e9t\u00e9 corse et elles ne font plus vraiment d\u00e9bat. Les Corses, j\u2019en suis convaincu, sont en phase avec le projet et les fondamentaux que les nationalistes portent, <em>una terra, un populu, una lingua.<\/em> Apr\u00e8s, les hommes, leur capacit\u00e9 \u00e0 faire passer les messages et \u00e0 les traduire en actes, cela rel\u00e8ve de la vie politique et, en Corse comme ailleurs, elle n\u2019est jamais \u00e9crite d\u2019avance.<\/p>\n\n\n\n<p>* <em>Sch\u00e9ma r\u00e9gional de d\u00e9veloppement \u00e9conomique, d&rsquo;innovation et d&rsquo;internationalisation <\/em> <\/p>\n\n\n\n<p>*** <em>Plan de Transformation, d&rsquo;Innovation et d&rsquo;investissement pour la Corse<\/em><\/p>\n\n\n\n<div style=\"height:71px\" aria-hidden=\"true\" class=\"wp-block-spacer\"><\/div>\n\n\n\n<div class=\"wp-block-media-text is-stacked-on-mobile\"><figure class=\"wp-block-media-text__media\"><img fetchpriority=\"high\" decoding=\"async\" width=\"1024\" height=\"768\" src=\"https:\/\/www.cci.corsica\/wp-content\/uploads\/2025\/04\/fb-1024x768.png\" alt=\"\" class=\"wp-image-7598 size-full\" srcset=\"https:\/\/www.cci.corsica\/wp-content\/uploads\/2025\/04\/fb-1024x768.png 1024w, https:\/\/www.cci.corsica\/wp-content\/uploads\/2025\/04\/fb-300x225.png 300w, https:\/\/www.cci.corsica\/wp-content\/uploads\/2025\/04\/fb-768x576.png 768w, https:\/\/www.cci.corsica\/wp-content\/uploads\/2025\/04\/fb-1536x1152.png 1536w, https:\/\/www.cci.corsica\/wp-content\/uploads\/2025\/04\/fb-16x12.png 16w, https:\/\/www.cci.corsica\/wp-content\/uploads\/2025\/04\/fb.png 1667w\" sizes=\"(max-width: 1024px) 100vw, 1024px\" \/><\/figure><div class=\"wp-block-media-text__content\">\n<p>Article paru dans&nbsp;<strong><a href=\"https:\/\/www.calameo.com\/read\/006340018cb0a7953be86\" target=\"_blank\" rel=\"noreferrer noopener\">La Lettre n\u00b053<\/a><\/strong><\/p>\n<\/div><\/div>","protected":false},"excerpt":{"rendered":"<p>\u00catre au plus pr\u00e8s des territoires et de l\u2019\u00e9cosyst\u00e8me entrepreneurial, c\u2019est le credo de Gilles Giovannangeli. Le nouveau pr\u00e9sident de l\u2019ADEC esp\u00e8re que le statut d\u2019autonomie donnera le pouvoir d\u2019\u00e9tablir des dispositifs fiscaux au b\u00e9n\u00e9fice de l\u2019\u00e9conomie de la Corse<\/p>","protected":false},"author":6,"featured_media":7624,"comment_status":"closed","ping_status":"closed","sticky":false,"template":"","format":"standard","meta":{"_acf_changed":false,"_seopress_robots_primary_cat":"none","_seopress_titles_title":"","_seopress_titles_desc":"","_seopress_robots_index":"","footnotes":""},"categories":[25],"tags":[58,57],"class_list":["post-7621","post","type-post","status-publish","format-standard","has-post-thumbnail","hentry","category-actualite","tag-economie","tag-entreprise"],"acf":[],"_links":{"self":[{"href":"https:\/\/www.cci.corsica\/co\/wp-json\/wp\/v2\/posts\/7621","targetHints":{"allow":["GET"]}}],"collection":[{"href":"https:\/\/www.cci.corsica\/co\/wp-json\/wp\/v2\/posts"}],"about":[{"href":"https:\/\/www.cci.corsica\/co\/wp-json\/wp\/v2\/types\/post"}],"author":[{"embeddable":true,"href":"https:\/\/www.cci.corsica\/co\/wp-json\/wp\/v2\/users\/6"}],"replies":[{"embeddable":true,"href":"https:\/\/www.cci.corsica\/co\/wp-json\/wp\/v2\/comments?post=7621"}],"version-history":[{"count":2,"href":"https:\/\/www.cci.corsica\/co\/wp-json\/wp\/v2\/posts\/7621\/revisions"}],"predecessor-version":[{"id":7626,"href":"https:\/\/www.cci.corsica\/co\/wp-json\/wp\/v2\/posts\/7621\/revisions\/7626"}],"wp:featuredmedia":[{"embeddable":true,"href":"https:\/\/www.cci.corsica\/co\/wp-json\/wp\/v2\/media\/7624"}],"wp:attachment":[{"href":"https:\/\/www.cci.corsica\/co\/wp-json\/wp\/v2\/media?parent=7621"}],"wp:term":[{"taxonomy":"category","embeddable":true,"href":"https:\/\/www.cci.corsica\/co\/wp-json\/wp\/v2\/categories?post=7621"},{"taxonomy":"post_tag","embeddable":true,"href":"https:\/\/www.cci.corsica\/co\/wp-json\/wp\/v2\/tags?post=7621"}],"curies":[{"name":"wp","href":"https:\/\/api.w.org\/{rel}","templated":true}]}}