{"id":7627,"date":"2025-04-09T09:59:21","date_gmt":"2025-04-09T07:59:21","guid":{"rendered":"https:\/\/www.cci.corsica\/?p=7627"},"modified":"2025-04-10T11:12:17","modified_gmt":"2025-04-10T09:12:17","slug":"la-lettre-i-des-batons","status":"publish","type":"post","link":"https:\/\/www.cci.corsica\/co\/la-lettre-i-des-batons\/","title":{"rendered":"La Lettre I Des b\u00e2tons dans les roues des transporteurs"},"content":{"rendered":"<p><em>\u00ab&nbsp;La normalisation des \u00e9changes maritimes doit intervenir avant que l\u2019irr\u00e9parable ne soit atteint avec la mise en liquidation des entreprises les plus fragilis\u00e9es&nbsp;\u00bb<\/em><\/p>\n\n\n\n<p><strong>Le Collectif, extrait de la lettre adress\u00e9e au ministre des Transports<\/strong><\/p>\n\n\n\n<div style=\"height:40px\" aria-hidden=\"true\" class=\"wp-block-spacer\"><\/div>\n\n\n\n<hr class=\"wp-block-separator has-alpha-channel-opacity\" \/>\n\n\n\n<div style=\"height:37px\" aria-hidden=\"true\" class=\"wp-block-spacer\"><\/div>\n\n\n\n<p>Depuis le d\u00e9but de l\u2019ann\u00e9e, dockers et travailleurs portuaires ont entam\u00e9 un mouvement national de protestation contre la r\u00e9forme des retraites qui implique pour la corporation deux ans suppl\u00e9mentaires de cotisations. Cette lev\u00e9e de boucliers a pris la forme d\u2019une gr\u00e8ve perl\u00e9e et d\u2019op\u00e9rations \u00ab&nbsp;ports morts&nbsp;\u00bb avec des d\u00e9brayages qui limitent drastiquement les acc\u00e8s aux remorques pour les transporteurs et perturbent l\u2019acheminement et la livraison des marchandises.<\/p>\n\n\n\n<p>Les transporteurs corses, tributaires de ces paralysies r\u00e9currentes, sont aux abois car elles d\u00e9sorganisent leur travail et g\u00e9n\u00e8rent de lourdes pertes. Les cons\u00e9quences se font aussi cruellement sentir pour toute une s\u00e9rie de fili\u00e8res et d\u2019activit\u00e9s dans l\u2019\u00eele pour laquelle ce type de gr\u00e8ve est particuli\u00e8rement impactante. La pouss\u00e9e de fi\u00e8vre dans les ports fran\u00e7ais \u2013 dont Marseille et Toulon qui desservent la Corse \u2013 compromet la saison.<\/p>\n\n\n\n<h3 class=\"wp-block-heading\"><strong>Toute l\u2019\u00e9conomie corse est d\u00e9stabilis\u00e9e<\/strong><\/h3>\n\n\n\n<p>Toujours r\u00e9active face aux crises inopin\u00e9es qui \u00e9branlent notre \u00e9conomie, le collectif des ordres et des organisations consulaires et professionnelles de Corse &nbsp;a saisi le gouvernement dans l\u2019espoir d\u2019apaiser les tensions et de mettre un terme d\u00e9finitif au conflit. <\/p>\n\n\n\n<p>Un courrier a \u00e9t\u00e9 adress\u00e9 \u00e0 Philippe Tabarot, ministre en charge des Transports aupr\u00e8s de Fran\u00e7ois Rebsamen qui, quelques semaines plus t\u00f4t, avait assur\u00e9 les acteurs \u00e9conomiques corses de son soutien \u00e0 la faveur d\u2019un \u00e9change dans les locaux de notre si\u00e8ge. <\/p>\n\n\n\n<p>Dans la lettre il est expliqu\u00e9 que la desserte fret de la Corse a atteint le seuil critique&nbsp;: la limitation de charge des navires assurant la desserte maritime de service public induite par l\u2019entrave portuaire g\u00e9n\u00e8re des pertes de chiffre d\u2019affaires et propage l\u2019exasp\u00e9ration jusque dans les rangs des chauffeurs routiers qui sont en premi\u00e8re ligne. <\/p>\n\n\n\n<p>Par ailleurs, les retards voire les absences de livraison perturbent les entreprises insulaires en t\u00eate desquelles celles de la distribution agroalimentaire, du commerce et du BTP qui importe les mat\u00e9riaux de construction. <\/p>\n\n\n\n<p>Et, bien \u00e9videmment, celles de la fili\u00e8re tourisme boulevers\u00e9e dans sa pr\u00e9paration et ses approvisionnements de pr\u00e9saison. Une d\u00e9stabilisation conjoncturelle de l\u2019\u00e9conomie de la Corse qui intervient dans une p\u00e9riode, \u00ab<em>&nbsp;d\u00e9j\u00e0 rendue d\u00e9favorable par les tensions internationales ainsi que les incertitudes li\u00e9es au contexte de fragilit\u00e9 institutionnelle et budg\u00e9taire que traverse le pays.&nbsp;\u00bb<\/em><\/p>\n\n\n\n<h3 class=\"wp-block-heading\"><strong>Les transporteurs \u00ab&nbsp;lourdement p\u00e9nalis\u00e9s&nbsp;\u00bb<\/strong><\/h3>\n\n\n\n<p>Le Collectif pointe aussi les premi\u00e8res p\u00e9nuries en produits, souvent indispensables, qui fragilisent le domaine sensible de la sant\u00e9. <em>\u00ab Outre ces dysfonctionnements factuels hautement pr\u00e9judiciables, le climat anxiog\u00e8ne cr\u00e9\u00e9 par la perte de fiabilit\u00e9 des \u00e9changes maritimes vitaux plonge la Corse et son \u00e9conomie dans les pr\u00e9misses d\u2019une nouvelle crise dont le spectre doit \u00eatre \u00e9cart\u00e9 de toute urgence.&nbsp;\u00bb<\/em> <\/p>\n\n\n\n<p>Il est demand\u00e9 \u00e0 Philippe Tabarot d\u2019agir sans d\u00e9lai pour restaurer durablement la continuit\u00e9 de service public et envisager un plan d\u2019accompagnement et de soutien des secteurs les plus impact\u00e9s en t\u00eate desquels celui du transport routier. <\/p>\n\n\n\n<p>\u00c9lu consulaire et porte-parole du Syndicat des Transporteurs routiers, Jos\u00e9 Benzoni est inquiet&nbsp;: <em>\u00ab&nbsp;La gr\u00e8ve met une \u00e9p\u00e9e de Damocl\u00e8s au-dessus de nos t\u00eates. Lorsqu\u2019une zone portuaire comme celle de Marseille est paralys\u00e9e, notre organisation de travail est \u00e9branl\u00e9e. Sans l\u2019acc\u00e8s aux remorques, impossible de desservir les centrales et l\u2019ensemble de nos clients dans les d\u00e9lais. Les transporteurs corses sont sp\u00e9cifiquement l\u00e9s\u00e9s car les travers\u00e9es de 12 heures et la mobilisation de nos remorques de part et d\u2019autre les contraignent \u00e0 avoir le double de mat\u00e9riel que leurs coll\u00e8gues du Continent. La situation g\u00e9n\u00e8re aussi pour nos entreprises des surco\u00fbts en heures suppl\u00e9mentaires et en carburant.&nbsp;\u00bb<\/em> Le syndicat esp\u00e8re de l\u2019\u00c9tat de l\u00e9gitimes compensations.<\/p>\n\n\n\n<p>De son c\u00f4t\u00e9, le Collectif sugg\u00e8re au ministre un ensemble de mesures d\u00e9j\u00e0 mises en \u0153uvre par le pass\u00e9 dans des circonstances similaires&nbsp;: all\u00e8gement des charges sociales, moratoire fiscal et report d\u2019\u00e9ch\u00e9ances \u00e0 l\u2019exemple du PGE, le pr\u00eat garanti par l\u2019\u00c9tat propos\u00e9 pendant la crise sanitaire mondiale.<\/p>\n\n\n\n<p>On saura rapidement si le message a \u00e9t\u00e9 re\u00e7u et compris.<\/p>\n\n\n\n<div style=\"height:59px\" aria-hidden=\"true\" class=\"wp-block-spacer\"><\/div>\n\n\n\n<div class=\"wp-block-media-text is-stacked-on-mobile\"><figure class=\"wp-block-media-text__media\"><img fetchpriority=\"high\" decoding=\"async\" width=\"1024\" height=\"768\" src=\"https:\/\/www.cci.corsica\/wp-content\/uploads\/2025\/04\/fb-1024x768.png\" alt=\"\" class=\"wp-image-7598 size-full\" srcset=\"https:\/\/www.cci.corsica\/wp-content\/uploads\/2025\/04\/fb-1024x768.png 1024w, https:\/\/www.cci.corsica\/wp-content\/uploads\/2025\/04\/fb-300x225.png 300w, https:\/\/www.cci.corsica\/wp-content\/uploads\/2025\/04\/fb-768x576.png 768w, https:\/\/www.cci.corsica\/wp-content\/uploads\/2025\/04\/fb-1536x1152.png 1536w, https:\/\/www.cci.corsica\/wp-content\/uploads\/2025\/04\/fb-16x12.png 16w, https:\/\/www.cci.corsica\/wp-content\/uploads\/2025\/04\/fb.png 1667w\" sizes=\"(max-width: 1024px) 100vw, 1024px\" \/><\/figure><div class=\"wp-block-media-text__content\">\n<p>Article paru dans&nbsp;<strong><a href=\"https:\/\/www.calameo.com\/read\/006340018cb0a7953be86\" target=\"_blank\" rel=\"noreferrer noopener\">La Lettre n\u00b053<\/a><\/strong><\/p>\n<\/div><\/div>","protected":false},"excerpt":{"rendered":"<p>Le mouvement social entrave les activit\u00e9s portuaires et l\u2019acc\u00e8s aux remorques de marchandises depuis le d\u00e9but de l\u2019ann\u00e9e. Une discontinuit\u00e9 territoriale pr\u00e9occupante pour toute l\u2019\u00e9conomie corse qui a amen\u00e9 le pr\u00e9sident Jean Dominici \u00e0 alerter le gouvernement<\/p>","protected":false},"author":6,"featured_media":7633,"comment_status":"closed","ping_status":"closed","sticky":false,"template":"","format":"standard","meta":{"_acf_changed":false,"_seopress_robots_primary_cat":"none","_seopress_titles_title":"","_seopress_titles_desc":"","_seopress_robots_index":"","footnotes":""},"categories":[25],"tags":[31,28],"class_list":["post-7627","post","type-post","status-publish","format-standard","has-post-thumbnail","hentry","category-actualite","tag-maritime","tag-transports"],"acf":[],"_links":{"self":[{"href":"https:\/\/www.cci.corsica\/co\/wp-json\/wp\/v2\/posts\/7627","targetHints":{"allow":["GET"]}}],"collection":[{"href":"https:\/\/www.cci.corsica\/co\/wp-json\/wp\/v2\/posts"}],"about":[{"href":"https:\/\/www.cci.corsica\/co\/wp-json\/wp\/v2\/types\/post"}],"author":[{"embeddable":true,"href":"https:\/\/www.cci.corsica\/co\/wp-json\/wp\/v2\/users\/6"}],"replies":[{"embeddable":true,"href":"https:\/\/www.cci.corsica\/co\/wp-json\/wp\/v2\/comments?post=7627"}],"version-history":[{"count":2,"href":"https:\/\/www.cci.corsica\/co\/wp-json\/wp\/v2\/posts\/7627\/revisions"}],"predecessor-version":[{"id":7632,"href":"https:\/\/www.cci.corsica\/co\/wp-json\/wp\/v2\/posts\/7627\/revisions\/7632"}],"wp:featuredmedia":[{"embeddable":true,"href":"https:\/\/www.cci.corsica\/co\/wp-json\/wp\/v2\/media\/7633"}],"wp:attachment":[{"href":"https:\/\/www.cci.corsica\/co\/wp-json\/wp\/v2\/media?parent=7627"}],"wp:term":[{"taxonomy":"category","embeddable":true,"href":"https:\/\/www.cci.corsica\/co\/wp-json\/wp\/v2\/categories?post=7627"},{"taxonomy":"post_tag","embeddable":true,"href":"https:\/\/www.cci.corsica\/co\/wp-json\/wp\/v2\/tags?post=7627"}],"curies":[{"name":"wp","href":"https:\/\/api.w.org\/{rel}","templated":true}]}}