{"id":7688,"date":"2025-04-11T11:16:51","date_gmt":"2025-04-11T09:16:51","guid":{"rendered":"https:\/\/www.cci.corsica\/?p=7688"},"modified":"2025-04-17T11:23:42","modified_gmt":"2025-04-17T09:23:42","slug":"planification-ecologique-corse-plan-actions-transition","status":"publish","type":"post","link":"https:\/\/www.cci.corsica\/co\/planification-ecologique-corse-plan-actions-transition\/","title":{"rendered":"Planification \u00e9cologique en Corse : un plan d\u2019actions structur\u00e9 pour acc\u00e9l\u00e9rer la transition"},"content":{"rendered":"<p>Le 2 avril 2025 s\u2019est tenue \u00e0 Ajaccio une r\u00e9union strat\u00e9gique sur la territorialisation de la planification \u00e9cologique en Corse, sous l\u2019\u00e9gide de M. J\u00e9r\u00f4me Filippini, pr\u00e9fet de Corse, et de M. Gilles Simeoni, pr\u00e9sident du Conseil ex\u00e9cutif de Corse, en pr\u00e9sence de M. Fr\u00e9d\u00e9rik Jobert, secr\u00e9taire g\u00e9n\u00e9ral \u00e0 la planification \u00e9cologique aupr\u00e8s du Premier ministre.<\/p>\n\n\n\n<p>Cette rencontre a permis de dresser un&nbsp;<strong>\u00e9tat des lieux actualis\u00e9 de la transition \u00e9cologique dans l\u2019\u00eele<\/strong>&nbsp;et de pr\u00e9senter les&nbsp;<strong>28 axes prioritaires du plan d\u2019actions<\/strong>, d\u00e9finis pour r\u00e9pondre aux sp\u00e9cificit\u00e9s du territoire corse.<\/p>\n\n\n\n<p>Parmi les th\u00e9matiques cl\u00e9s abord\u00e9es :<\/p>\n\n\n\n<ul class=\"wp-block-list\">\n<li>Le d\u00e9veloppement des \u00e9nergies renouvelables et la conversion des centrales thermiques,<\/li>\n\n\n\n<li>L\u2019acc\u00e9l\u00e9ration de la r\u00e9novation \u00e9nerg\u00e9tique des b\u00e2timents,<\/li>\n\n\n\n<li>Le d\u00e9veloppement des mobilit\u00e9s d\u00e9carbon\u00e9es,<\/li>\n\n\n\n<li>La valorisation des biod\u00e9chets et le d\u00e9ploiement de l\u2019\u00e9conomie circulaire,<\/li>\n\n\n\n<li>La gestion durable des for\u00eats, de l\u2019agriculture et de la ressource en eau,<\/li>\n\n\n\n<li>L\u2019adaptation au changement climatique des infrastructures, activit\u00e9s \u00e9conomiques et populations.<\/li>\n<\/ul>\n\n\n\n<p><strong>L\u2019industrie, l\u2019agriculture, le tourisme et les services sont directement concern\u00e9s.<\/strong><\/p>\n\n\n\n<p><strong>Pour la CCI de Corse<\/strong>, partenaire actif de cette dynamique, il s\u2019agit d\u00e9sormais d\u2019accompagner les entreprises dans l\u2019appropriation de ces enjeux \u00e0 travers des outils concrets, tels que les flashdiags, des actions de formation, d\u2019animation territoriale et d\u2019accompagnement \u00e0 la transition.<\/p>\n\n\n\n<p><\/p>\n\n\n\n<div class=\"wp-block-buttons is-layout-flex wp-block-buttons-is-layout-flex\">\n<div class=\"wp-block-button\"><a class=\"wp-block-button__link wp-element-button\" href=\"https:\/\/www.cci.corsica\/wp-content\/uploads\/2025\/04\/2025-04-10-resume-du-diagnostic-et-plan-dactions-de-la-tpe-en-corse.pdf\" target=\"_blank\" rel=\"noreferrer noopener\">Consultez et t\u00e9l\u00e9chargez le r\u00e9sum\u00e9 du diagnostic et du plan d\u2019actions (Pr\u00e9fet de Corse &#8211; France Nation Verte)<\/a><\/div>\n<\/div>\n\n\n\n<p> <\/p>","protected":false},"excerpt":{"rendered":"<p>Le 2 avril 2025 s\u2019est tenue \u00e0 Ajaccio une r\u00e9union strat\u00e9gique sur la territorialisation de la planification \u00e9cologique en Corse, sous l\u2019\u00e9gide de M. J\u00e9r\u00f4me Filippini, pr\u00e9fet de Corse, et de M. Gilles Simeoni, pr\u00e9sident du Conseil ex\u00e9cutif de Corse, en pr\u00e9sence de M. Fr\u00e9d\u00e9rik Jobert, secr\u00e9taire g\u00e9n\u00e9ral \u00e0 la planification \u00e9cologique aupr\u00e8s du Premier [&hellip;]<\/p>\n","protected":false},"author":4,"featured_media":0,"comment_status":"closed","ping_status":"closed","sticky":false,"template":"","format":"standard","meta":{"_acf_changed":false,"_seopress_robots_primary_cat":"none","_seopress_titles_title":"","_seopress_titles_desc":"","_seopress_robots_index":"","footnotes":""},"categories":[1],"tags":[],"class_list":["post-7688","post","type-post","status-publish","format-standard","hentry","category-divers"],"acf":[],"_links":{"self":[{"href":"https:\/\/www.cci.corsica\/co\/wp-json\/wp\/v2\/posts\/7688","targetHints":{"allow":["GET"]}}],"collection":[{"href":"https:\/\/www.cci.corsica\/co\/wp-json\/wp\/v2\/posts"}],"about":[{"href":"https:\/\/www.cci.corsica\/co\/wp-json\/wp\/v2\/types\/post"}],"author":[{"embeddable":true,"href":"https:\/\/www.cci.corsica\/co\/wp-json\/wp\/v2\/users\/4"}],"replies":[{"embeddable":true,"href":"https:\/\/www.cci.corsica\/co\/wp-json\/wp\/v2\/comments?post=7688"}],"version-history":[{"count":1,"href":"https:\/\/www.cci.corsica\/co\/wp-json\/wp\/v2\/posts\/7688\/revisions"}],"predecessor-version":[{"id":7690,"href":"https:\/\/www.cci.corsica\/co\/wp-json\/wp\/v2\/posts\/7688\/revisions\/7690"}],"wp:attachment":[{"href":"https:\/\/www.cci.corsica\/co\/wp-json\/wp\/v2\/media?parent=7688"}],"wp:term":[{"taxonomy":"category","embeddable":true,"href":"https:\/\/www.cci.corsica\/co\/wp-json\/wp\/v2\/categories?post=7688"},{"taxonomy":"post_tag","embeddable":true,"href":"https:\/\/www.cci.corsica\/co\/wp-json\/wp\/v2\/tags?post=7688"}],"curies":[{"name":"wp","href":"https:\/\/api.w.org\/{rel}","templated":true}]}}