{"id":7691,"date":"2025-04-17T09:41:13","date_gmt":"2025-04-17T07:41:13","guid":{"rendered":"https:\/\/www.cci.corsica\/?p=7691"},"modified":"2025-05-08T10:40:56","modified_gmt":"2025-05-08T08:40:56","slug":"cci-partenaire-green-orizonte-2025","status":"publish","type":"post","link":"https:\/\/www.cci.corsica\/co\/cci-partenaire-green-orizonte-2025\/","title":{"rendered":"Green Orizonte 2025 : la CCI de Corse, partenaire d\u2019un tourisme durable et engag\u00e9"},"content":{"rendered":"<p>La\u00a0<strong>CCI de Corse<\/strong>\u00a0est fi\u00e8re de s\u2019associer une nouvelle fois au\u00a0<strong><a href=\"https:\/\/www.greenorizonte.corsica\" data-type=\"link\" data-id=\"https:\/\/www.greenorizonte.corsica\" target=\"_blank\" rel=\"noreferrer noopener\">Festival Green Orizonte<\/a><\/strong>, dont la 2e \u00e9dition se d\u00e9roulera du\u00a0<strong>2 au 4 mai 2025<\/strong>\u00a0\u00e0\u00a0<strong>Calvi, Algajola et Aregno<\/strong>. Cet \u00e9v\u00e9nement s\u2019impose comme un rendez-vous majeur pour\u00a0<strong>penser un tourisme plus durable, plus inclusif et plus innovant<\/strong>\u00a0sur notre territoire.<\/p>\n\n\n\n<h3 class=\"wp-block-heading\">Orizonte Pro : une journ\u00e9e pour transformer le tourisme<\/h3>\n\n\n\n<p>La premi\u00e8re journ\u00e9e du festival,&nbsp;<strong>vendredi 2 mai 2025<\/strong>, sera consacr\u00e9e aux&nbsp;<strong>professionnels et institutionnels du tourisme<\/strong>. Organis\u00e9e en partenariat avec l\u2019<strong>Agence du Tourisme de la Corse (ATC)<\/strong>,&nbsp;<strong>Orizonte Pro<\/strong>&nbsp;se tiendra au&nbsp;<strong>Spaziu Edmond Simeoni de Lumiu<\/strong>, de&nbsp;<strong>8h15 \u00e0 16h30<\/strong>.<\/p>\n\n\n\n<p>Ce temps fort s\u2019annonce comme une parenth\u00e8se de r\u00e9flexion et de co-construction autour de la transformation n\u00e9cessaire des mod\u00e8les touristiques. La journ\u00e9e abordera notamment les enjeux d\u2019<strong>inclusion<\/strong>, d\u2019<strong>intelligence artificielle<\/strong>, d\u2019<strong>hospitalit\u00e9 durable<\/strong>&nbsp;et de&nbsp;<strong>transitions territoriales<\/strong>.<\/p>\n\n\n\n<h3 class=\"wp-block-heading\">Un programme riche et prospectif<\/h3>\n\n\n\n<p>Keynotes inspirantes, focus terrain et&nbsp;<strong>ateliers pratiques<\/strong>&nbsp;viendront rythmer cette journ\u00e9e. Les participants seront invit\u00e9s \u00e0 partager leurs exp\u00e9riences et \u00e0 proposer des solutions concr\u00e8tes autour de trois th\u00e9matiques :<\/p>\n\n\n\n<ul class=\"wp-block-list\">\n<li><strong>L\u2019intelligence artificielle au service de l\u2019intelligence \u00e9motionnelle dans le tourisme<\/strong><\/li>\n\n\n\n<li><strong>Construire un tourisme inclusif et accessible en Corse<\/strong><\/li>\n\n\n\n<li><strong>Pr\u00e9sentation du label Green Destinations par l\u2019ATC<\/strong><\/li>\n<\/ul>\n\n\n\n<div class=\"wp-block-buttons is-layout-flex wp-block-buttons-is-layout-flex\">\n<div class=\"wp-block-button\"><a class=\"wp-block-button__link wp-element-button\" href=\"https:\/\/drive.google.com\/file\/d\/1uOTt9uxEUWksZ50dzFpet94re5NzvhzI\/view\" target=\"_blank\" rel=\"noreferrer noopener\">Programme complet de la journ\u00e9e<\/a><\/div>\n<\/div>\n\n\n\n<h3 class=\"wp-block-heading\">Pourquoi participer ?<\/h3>\n\n\n\n<p>En tant que&nbsp;<strong>partenaire de l\u2019\u00e9v\u00e9nement<\/strong>, la&nbsp;<strong>CCI de Corse<\/strong>&nbsp;encourage l\u2019ensemble des professionnels du secteur \u00e0&nbsp;<strong>s\u2019inscrire<\/strong>&nbsp;\u00e0 cette journ\u00e9e. Orizonte Pro est une opportunit\u00e9 de se retrouver, d\u2019\u00e9changer sur les bonnes pratiques, de d\u00e9couvrir des initiatives inspirantes et de&nbsp;<strong>pr\u00e9parer ensemble le tourisme de demain<\/strong>, en lien avec les transitions \u00e9cologiques et soci\u00e9tales.<\/p>\n\n\n\n<p><strong>Professionnels du tourisme, rejoignez-nous \u00e0 Lumiu pour co-construire un avenir plus durable.<\/strong><\/p>\n\n\n\n<p>Spaziu Edmond Simeoni, Lumiu<br>Vendredi 2 mai 2025<br>8h15 \u2013 16h30<br>Inscription gratuite via le formulaire en ligne.<\/p>\n\n\n\n<div class=\"wp-block-buttons is-layout-flex wp-block-buttons-is-layout-flex\">\n<div class=\"wp-block-button\"><a class=\"wp-block-button__link wp-element-button\" href=\"https:\/\/h0ca5ji873p.typeform.com\/to\/UBTqTyPy?typeform-source=9ygy5.r.bh.d.sendibt3.com\" target=\"_blank\" rel=\"noreferrer noopener\">Formulaire d&rsquo;inscription <\/a><\/div>\n<\/div>\n\n\n\n<p><\/p>","protected":false},"excerpt":{"rendered":"<p>ANTICIPER, INNOVER ET PRENDRE SOIN, CONSTRUIRE ENSEMBLE LE TOURISME DE DEMAIN. <\/p>","protected":false},"author":4,"featured_media":7694,"comment_status":"closed","ping_status":"closed","sticky":false,"template":"","format":"standard","meta":{"_acf_changed":false,"_seopress_robots_primary_cat":"25","_seopress_titles_title":"","_seopress_titles_desc":"","_seopress_robots_index":"","footnotes":""},"categories":[25],"tags":[],"class_list":["post-7691","post","type-post","status-publish","format-standard","has-post-thumbnail","hentry","category-actualite"],"acf":[],"_links":{"self":[{"href":"https:\/\/www.cci.corsica\/co\/wp-json\/wp\/v2\/posts\/7691","targetHints":{"allow":["GET"]}}],"collection":[{"href":"https:\/\/www.cci.corsica\/co\/wp-json\/wp\/v2\/posts"}],"about":[{"href":"https:\/\/www.cci.corsica\/co\/wp-json\/wp\/v2\/types\/post"}],"author":[{"embeddable":true,"href":"https:\/\/www.cci.corsica\/co\/wp-json\/wp\/v2\/users\/4"}],"replies":[{"embeddable":true,"href":"https:\/\/www.cci.corsica\/co\/wp-json\/wp\/v2\/comments?post=7691"}],"version-history":[{"count":1,"href":"https:\/\/www.cci.corsica\/co\/wp-json\/wp\/v2\/posts\/7691\/revisions"}],"predecessor-version":[{"id":7695,"href":"https:\/\/www.cci.corsica\/co\/wp-json\/wp\/v2\/posts\/7691\/revisions\/7695"}],"wp:featuredmedia":[{"embeddable":true,"href":"https:\/\/www.cci.corsica\/co\/wp-json\/wp\/v2\/media\/7694"}],"wp:attachment":[{"href":"https:\/\/www.cci.corsica\/co\/wp-json\/wp\/v2\/media?parent=7691"}],"wp:term":[{"taxonomy":"category","embeddable":true,"href":"https:\/\/www.cci.corsica\/co\/wp-json\/wp\/v2\/categories?post=7691"},{"taxonomy":"post_tag","embeddable":true,"href":"https:\/\/www.cci.corsica\/co\/wp-json\/wp\/v2\/tags?post=7691"}],"curies":[{"name":"wp","href":"https:\/\/api.w.org\/{rel}","templated":true}]}}