{"id":7829,"date":"2025-05-19T15:44:52","date_gmt":"2025-05-19T13:44:52","guid":{"rendered":"https:\/\/www.cci.corsica\/?p=7829"},"modified":"2025-05-26T14:41:56","modified_gmt":"2025-05-26T12:41:56","slug":"la-lettre-i-la-corse-2","status":"publish","type":"post","link":"https:\/\/www.cci.corsica\/co\/la-lettre-i-la-corse-2\/","title":{"rendered":"La Lettre I La Corse d\u00e9voile tout son potentiel"},"content":{"rendered":"<p>Le tourisme d&rsquo;affaires renforce la culture d\u2019entreprise, le sentiment d\u2019appartenance \u00e0 une m\u00eame banni\u00e8re, galvanise le bien-\u00eatre et l\u2019implication des salari\u00e9s et augmente par la-m\u00eame la rentabilit\u00e9 personnelle et \u00e9conomique. On pourrait r\u00e9sumer les b\u00e9n\u00e9fices en un slogan\u00a0: voyager plus pour gagner plus. <\/p>\n\n\n\n<p>Le tourisme d\u2019affaires, c\u2019est un pari \u00e0 relever pour la Corse qui mise aussi sur une fr\u00e9quentation \u00e0 forte valeur ajout\u00e9e et sur les ailes de saison, des p\u00e9riodes particuli\u00e8rement propices \u00e0 l\u2019organisation de s\u00e9minaires et de brainstorming \u00e0 grande \u00e9chelle. Sa position au c\u0153ur de la M\u00e9diterran\u00e9e lui conf\u00e8re un attrait suppl\u00e9mentaire. <\/p>\n\n\n\n<p>D\u2019o\u00f9 l\u2019int\u00e9r\u00eat suscit\u00e9 par les \u00ab\u00a0Events Days Corsica\u00a0\u00bb qui se sont d\u00e9roul\u00e9s en avril \u00e0 l\u2019initiative de l\u2019Agence de Tourisme de la Corse avec le soutien inconditionnel de notre chambre et sous l\u2019\u00e9gide du Groupe Meet&amp;Com, leader europ\u00e9en des rencontres professionnelles. <\/p>\n\n\n\n<p>Une quarantaine de tours op\u00e9rateurs sp\u00e9cialis\u00e9s dans le tourisme d\u2019affaires ont fait le d\u00e9placement pour poser les premiers jalons. Ils n\u2019ont pas fait le voyage pour rien. De la discussion avec une experte de renom en ing\u00e9nierie \u00e9v\u00e8nementielle, il ressort clairement que la dimension familiale de l\u2019h\u00e9bergement insulaire n\u2019est pas un handicap car l\u2019accueil \u00ab\u00a0\u00e0 taille humaine\u00a0\u00bb est d\u00e9sormais un atout. <\/p>\n\n\n\n<p>En sa double qualit\u00e9 de pr\u00e9sidente de l\u2019UMIH Corsica et pr\u00e9sidente de la commission Tourisme de la CCI de Corse, Karina Goffi qualifie cet \u00e9v\u00e8nement de tr\u00e8s positif car il ouvre de nouvelles perspectives aux professionnels.<\/p>\n\n\n\n<div style=\"height:44px\" aria-hidden=\"true\" class=\"wp-block-spacer\"><\/div>\n\n\n\n<div class=\"wp-block-media-text is-stacked-on-mobile\"><figure class=\"wp-block-media-text__media\"><img fetchpriority=\"high\" decoding=\"async\" width=\"680\" height=\"383\" src=\"https:\/\/www.cci.corsica\/wp-content\/uploads\/2025\/05\/visu-la-lettre-680x383-2.png\" alt=\"\" class=\"wp-image-7816 size-full\" srcset=\"https:\/\/www.cci.corsica\/wp-content\/uploads\/2025\/05\/visu-la-lettre-680x383-2.png 680w, https:\/\/www.cci.corsica\/wp-content\/uploads\/2025\/05\/visu-la-lettre-680x383-2-300x169.png 300w, https:\/\/www.cci.corsica\/wp-content\/uploads\/2025\/05\/visu-la-lettre-680x383-2-18x10.png 18w\" sizes=\"(max-width: 680px) 100vw, 680px\" \/><\/figure><div class=\"wp-block-media-text__content\">\n<p>Article paru dans\u00a0<a href=\"https:\/\/www.calameo.com\/read\/006340018c936a117dedc\" target=\"_blank\" rel=\"noreferrer noopener\"><strong>La Lettre N\u00b054<\/strong><\/a><\/p>\n<\/div><\/div>","protected":false},"excerpt":{"rendered":"<p>Le tourisme d\u2019affaires, c\u2019est un pari strat\u00e9gique gagnant pour les grandes soci\u00e9t\u00e9s commerciales ou industrielles.<\/p>","protected":false},"author":6,"featured_media":7832,"comment_status":"closed","ping_status":"closed","sticky":false,"template":"","format":"standard","meta":{"_acf_changed":false,"_seopress_robots_primary_cat":"none","_seopress_titles_title":"","_seopress_titles_desc":"","_seopress_robots_index":"","footnotes":""},"categories":[25],"tags":[58,30],"class_list":["post-7829","post","type-post","status-publish","format-standard","has-post-thumbnail","hentry","category-actualite","tag-economie","tag-tourisme"],"acf":[],"_links":{"self":[{"href":"https:\/\/www.cci.corsica\/co\/wp-json\/wp\/v2\/posts\/7829","targetHints":{"allow":["GET"]}}],"collection":[{"href":"https:\/\/www.cci.corsica\/co\/wp-json\/wp\/v2\/posts"}],"about":[{"href":"https:\/\/www.cci.corsica\/co\/wp-json\/wp\/v2\/types\/post"}],"author":[{"embeddable":true,"href":"https:\/\/www.cci.corsica\/co\/wp-json\/wp\/v2\/users\/6"}],"replies":[{"embeddable":true,"href":"https:\/\/www.cci.corsica\/co\/wp-json\/wp\/v2\/comments?post=7829"}],"version-history":[{"count":1,"href":"https:\/\/www.cci.corsica\/co\/wp-json\/wp\/v2\/posts\/7829\/revisions"}],"predecessor-version":[{"id":7833,"href":"https:\/\/www.cci.corsica\/co\/wp-json\/wp\/v2\/posts\/7829\/revisions\/7833"}],"wp:featuredmedia":[{"embeddable":true,"href":"https:\/\/www.cci.corsica\/co\/wp-json\/wp\/v2\/media\/7832"}],"wp:attachment":[{"href":"https:\/\/www.cci.corsica\/co\/wp-json\/wp\/v2\/media?parent=7829"}],"wp:term":[{"taxonomy":"category","embeddable":true,"href":"https:\/\/www.cci.corsica\/co\/wp-json\/wp\/v2\/categories?post=7829"},{"taxonomy":"post_tag","embeddable":true,"href":"https:\/\/www.cci.corsica\/co\/wp-json\/wp\/v2\/tags?post=7829"}],"curies":[{"name":"wp","href":"https:\/\/api.w.org\/{rel}","templated":true}]}}