{"id":7905,"date":"2025-06-02T19:00:00","date_gmt":"2025-06-02T17:00:00","guid":{"rendered":"https:\/\/www.cci.corsica\/?p=7905"},"modified":"2025-09-16T16:02:05","modified_gmt":"2025-09-16T14:02:05","slug":"le-senat","status":"publish","type":"post","link":"https:\/\/www.cci.corsica\/co\/le-senat\/","title":{"rendered":"Le S\u00e9nat approuve la cr\u00e9ation d&rsquo;un \u00e9tablissement public du commerce en Corse"},"content":{"rendered":"\n<p><strong><a href=\"https:\/\/france3-regions.franceinfo.fr\/corse\/le-senat-approuve-la-creation-d-un-etablissement-public-du-commerce-en-corse-3164313.html\" data-type=\"link\" data-id=\"https:\/\/france3-regions.franceinfo.fr\/corse\/le-senat-approuve-la-creation-d-un-etablissement-public-du-commerce-en-corse-3164313.html\" target=\"_blank\" rel=\"noreferrer noopener\">3 Corse Viastella <\/a>&#8211; \u00c9crit par\u00a0AFP\u00a0et\u00a0Julia Sereni<\/strong><\/p>\n\n\n\n<div style=\"height:30px\" aria-hidden=\"true\" class=\"wp-block-spacer\"><\/div>\n\n\n\n<hr class=\"wp-block-separator has-alpha-channel-opacity\" \/>\n\n\n\n<div style=\"height:30px\" aria-hidden=\"true\" class=\"wp-block-spacer\"><\/div>\n\n\n\n<p>Le S\u00e9nat a approuv\u00e9 ce lundi 2 juin la cr\u00e9ation d&rsquo;un \u00e9tablissement public du commerce et de l&rsquo;industrie en Corse.<\/p>\n\n\n\n<p>Les s\u00e9nateurs ont valid\u00e9 \u00e0 l&rsquo;unanimit\u00e9 cette \u00e9volution institutionnelle voulue par le gouvernement, via l&rsquo;adoption en premi\u00e8re lecture d&rsquo;un projet de loi d\u00e9sormais transmis \u00e0 l&rsquo;Assembl\u00e9e nationale. L&rsquo;Assembl\u00e9e de Corse&nbsp;avait \u00e9galement donn\u00e9 son accord unanime \u00e0 cette initiative en mars.<\/p>\n\n\n\n<p>Le texte de loi pr\u00e9voit la cr\u00e9ation au 1er janvier 2026 d&rsquo;un&nbsp;<em>\u00ab\u00a0\u00e9tablissement public du commerce et de l&rsquo;industrie de Corse\u00a0\u00bb<\/em>, qui supplantera la chambre de commerce et d&rsquo;industrie (CCI) et aura pour vocation de reprendre l&rsquo;ensemble de ses missions et d&rsquo;int\u00e9grer&nbsp;les quelque 1.000 agents de l&rsquo;actuelle CCI.<\/p>\n\n\n\n<p>Dot\u00e9e d&rsquo;un statut particulier qui lui octroie de nombreuses comp\u00e9tences, la collectivit\u00e9 de Corse avait conc\u00e9d\u00e9 il y a une vingtaine d&rsquo;ann\u00e9es la gestion des a\u00e9roports et des ports de commerce de l&rsquo;\u00eele \u00e0 la CCI.<\/p>\n\n\n\n<p>Mais ces contrats arrivent \u00e0 expiration fin 2025, faisant planer le risque d&rsquo;une mise en concurrence pour r\u00e9attribuer la gestion de ces infrastructures strat\u00e9giques pour l&rsquo;\u00e9conomie et le tourisme du territoire. Avec&nbsp;la crainte exprim\u00e9e localement&nbsp;de voir certains acteurs priv\u00e9s d\u00e9barquer sur ce march\u00e9.<\/p>\n\n\n\n<p>La cr\u00e9ation de cet \u00e9tablissement public sous tutelle de la collectivit\u00e9 r\u00e9pondra&nbsp;\u00e0 ces inqui\u00e9tudes&nbsp;car elle permettra d&rsquo;\u00e9viter toute mise en concurrence pr\u00e9alable.<\/p>\n\n\n\n<h3 class=\"wp-block-heading\">\u00ab\u00a0Une avanc\u00e9e concr\u00e8te pour le d\u00e9veloppement \u00e9conomique insulaire\u00a0\u00bb<\/h3>\n\n\n\n<p>C&rsquo;est la<em>&nbsp;\u00ab\u00a0garantie d&rsquo;une ma\u00eetrise d&rsquo;ouvrage publique des infrastructures [&#8230;] la garantie d&rsquo;une qualit\u00e9 de service pour les citoyens\u00a0\u00bb<\/em>, a salu\u00e9 le ministre de l&rsquo;Am\u00e9nagement du territoire Fran\u00e7ois Rebsamen. C&rsquo;est&nbsp;<em>\u00ab\u00a0une avanc\u00e9e concr\u00e8te pour le d\u00e9veloppement \u00e9conomique insulaire\u00a0\u00bb<\/em>, a-t-il ajout\u00e9.<\/p>\n\n\n\n<p>La gestion des a\u00e9roports et des ports de commerce est cruciale en Corse, o\u00f9 le secteur du tourisme repr\u00e9sente plus de 40 % du PIB local, et o\u00f9 95 % des produits agricoles et alimentaires consomm\u00e9s sur l&rsquo;\u00eele sont issus d&rsquo;importations, selon un rapport du S\u00e9nat.<\/p>\n\n\n\n<p>Cette r\u00e9forme \u00e9cartera&nbsp;<em>\u00ab\u00a0tout risque de monopoles d\u00e9cisionnels et permett[ra] au contraire une synergie constructive au service de l&rsquo;\u00e9conomie corse\u00a0\u00bb<\/em>, a appr\u00e9ci\u00e9 le s\u00e9nateur de la Haute-Corse Paul-Toussaint Parigi (groupe Union centriste).<\/p>\n\n\n\n<p>Son homologue de Corse-du-Sud Jean-Jacques Panunzi (Les R\u00e9publicains) s&rsquo;est \u00e9galement r\u00e9joui d&rsquo;une r\u00e9forme qui emp\u00eachera les<em>&nbsp;\u00ab\u00a0groupes internationaux\u00a0\u00bb<\/em>&nbsp;de<em>&nbsp;\u00ab\u00a0d\u00e9velopper en Corse une vision contraire aux int\u00e9r\u00eats qui sont les n\u00f4tres\u00a0\u00bb.<\/em><\/p>\n","protected":false},"excerpt":{"rendered":"<p>Le S\u00e9nat a approuv\u00e9 ce lundi 2 juin la cr\u00e9ation d&rsquo;un \u00e9tablissement public du commerce et de l&rsquo;industrie en Corse, nouvelle entit\u00e9 plac\u00e9e sous la tutelle de la collectivit\u00e9 de l&rsquo;\u00eele et charg\u00e9e de la gestion des ports et a\u00e9roports, strat\u00e9giques sur le territoire.<\/p>","protected":false},"author":6,"featured_media":0,"comment_status":"closed","ping_status":"closed","sticky":false,"template":"","format":"standard","meta":{"_acf_changed":false,"_seopress_robots_primary_cat":"none","_seopress_titles_title":"","_seopress_titles_desc":"","_seopress_robots_index":"","footnotes":""},"categories":[16],"tags":[34],"class_list":["post-7905","post","type-post","status-publish","format-standard","hentry","category-revue-de-presse","tag-institution"],"acf":[],"_links":{"self":[{"href":"https:\/\/www.cci.corsica\/co\/wp-json\/wp\/v2\/posts\/7905","targetHints":{"allow":["GET"]}}],"collection":[{"href":"https:\/\/www.cci.corsica\/co\/wp-json\/wp\/v2\/posts"}],"about":[{"href":"https:\/\/www.cci.corsica\/co\/wp-json\/wp\/v2\/types\/post"}],"author":[{"embeddable":true,"href":"https:\/\/www.cci.corsica\/co\/wp-json\/wp\/v2\/users\/6"}],"replies":[{"embeddable":true,"href":"https:\/\/www.cci.corsica\/co\/wp-json\/wp\/v2\/comments?post=7905"}],"version-history":[{"count":4,"href":"https:\/\/www.cci.corsica\/co\/wp-json\/wp\/v2\/posts\/7905\/revisions"}],"predecessor-version":[{"id":8373,"href":"https:\/\/www.cci.corsica\/co\/wp-json\/wp\/v2\/posts\/7905\/revisions\/8373"}],"wp:attachment":[{"href":"https:\/\/www.cci.corsica\/co\/wp-json\/wp\/v2\/media?parent=7905"}],"wp:term":[{"taxonomy":"category","embeddable":true,"href":"https:\/\/www.cci.corsica\/co\/wp-json\/wp\/v2\/categories?post=7905"},{"taxonomy":"post_tag","embeddable":true,"href":"https:\/\/www.cci.corsica\/co\/wp-json\/wp\/v2\/tags?post=7905"}],"curies":[{"name":"wp","href":"https:\/\/api.w.org\/{rel}","templated":true}]}}