{"id":7911,"date":"2025-06-02T19:15:00","date_gmt":"2025-06-02T17:15:00","guid":{"rendered":"https:\/\/www.cci.corsica\/?p=7911"},"modified":"2025-06-04T10:33:09","modified_gmt":"2025-06-04T08:33:09","slug":"le-senat-approuve-la-creation-dun-etablissement-public-du-commerce-en-corse","status":"publish","type":"post","link":"https:\/\/www.cci.corsica\/co\/le-senat-approuve-la-creation-dun-etablissement-public-du-commerce-en-corse\/","title":{"rendered":"Le S\u00e9nat approuve la cr\u00e9ation d&rsquo;un \u00e9tablissement public du commerce en Corse"},"content":{"rendered":"<p><strong><a href=\"https:\/\/www.corsenetinfos.corsica\/Le-Senat-approuve-la-creation-d-un-etablissement-public-du-commerce-en-Corse_a84933.html\" target=\"_blank\" rel=\"noreferrer noopener\">CNI<\/a> avec AFP<\/strong> le Lundi 2 Juin 2025 \u00e0 18:21<\/p>\n\n\n\n<div style=\"height:32px\" aria-hidden=\"true\" class=\"wp-block-spacer\"><\/div>\n\n\n\n<hr class=\"wp-block-separator has-alpha-channel-opacity\" \/>\n\n\n\n<div style=\"height:31px\" aria-hidden=\"true\" class=\"wp-block-spacer\"><\/div>\n\n\n\n<p>Le S\u00e9nat a approuv\u00e9 lundi la cr\u00e9ation d&rsquo;un \u00e9tablissement public du commerce et de l&rsquo;industrie en Corse, nouvelle entit\u00e9 plac\u00e9e sous la tutelle de la collectivit\u00e9 de l&rsquo;\u00eele et charg\u00e9e de la gestion des ports et a\u00e9roports, strat\u00e9giques sur le territoire.<\/p>\n\n\n\n<p>Les s\u00e9nateurs ont valid\u00e9 \u00e0 l&rsquo;unanimit\u00e9 cette \u00e9volution institutionnelle voulue par le gouvernement, via l&rsquo;adoption en premi\u00e8re lecture d&rsquo;un projet de loi d\u00e9sormais transmis \u00e0 l&rsquo;Assembl\u00e9e nationale. L&rsquo;Assembl\u00e9e de Corse avait \u00e9galement donn\u00e9 son accord unanime \u00e0 cette initiative en mars. Le texte de loi pr\u00e9voit la cr\u00e9ation au 1er janvier 2026 d&rsquo;un<em>&nbsp;\u00ab\u00a0\u00e9tablissement public du commerce et de l&rsquo;industrie de Corse\u00a0\u00bb,&nbsp;<\/em>qui supplantera la chambre de commerce et d&rsquo;industrie (CCI) et aura pour vocation de reprendre l&rsquo;ensemble de ses missions et d&rsquo;int\u00e9grer les quelque 1.000 agents de l&rsquo;actuelle CCI.<\/p>\n\n\n\n<p>Dot\u00e9e d&rsquo;un statut particulier qui lui octroie de nombreuses comp\u00e9tences, la collectivit\u00e9 de Corse avait conc\u00e9d\u00e9 il y a une vingtaine d&rsquo;ann\u00e9es la gestion des a\u00e9roports et des ports de commerce de l&rsquo;\u00eele \u00e0 la CCI.<\/p>\n\n\n\n<p>Mais ces contrats arrivent \u00e0 expiration fin 2025, faisant planer le risque d&rsquo;une mise en concurrence pour r\u00e9attribuer la gestion de ces infrastructures strat\u00e9giques pour l&rsquo;\u00e9conomie et le tourisme du territoire. Avec la crainte exprim\u00e9e localement de voir certains acteurs priv\u00e9s d\u00e9barquer sur ce march\u00e9.<\/p>\n\n\n\n<p>La cr\u00e9ation de cet \u00e9tablissement public sous tutelle de la collectivit\u00e9 r\u00e9pondra \u00e0 ces inqui\u00e9tudes car elle permettra d&rsquo;\u00e9viter toute mise en concurrence pr\u00e9alable. C&rsquo;est la&nbsp;<em>\u00ab\u00a0garantie d&rsquo;une ma\u00eetrise d&rsquo;ouvrage publique des infrastructures (&#8230;) la garantie d&rsquo;une qualit\u00e9 de service pour les citoyens\u00a0\u00bb,<\/em>&nbsp;a salu\u00e9 le ministre de l&rsquo;Am\u00e9nagement du territoire Fran\u00e7ois Rebsamen. C&rsquo;est&nbsp;<em>\u00ab\u00a0une avanc\u00e9e concr\u00e8te pour le d\u00e9veloppement \u00e9conomique insulaire\u00a0\u00bb<\/em>, a-t-il ajout\u00e9.<\/p>\n\n\n\n<p>La gestion des a\u00e9roports et des ports de commerce est cruciale en Corse, o\u00f9 le secteur du tourisme repr\u00e9sente plus de 40% du PIB local, et o\u00f9 95% des produits agricoles et alimentaires consomm\u00e9s sur l&rsquo;\u00eele sont issus d&rsquo;importations, selon un rapport du S\u00e9nat.<\/p>\n\n\n\n<p>Cette r\u00e9forme \u00e9cartera&nbsp;<em>\u00ab\u00a0tout risque de monopoles d\u00e9cisionnels et permett(ra) au contraire une synergie constructive au service de l&rsquo;\u00e9conomie corse\u00a0\u00bb,<\/em>&nbsp;a appr\u00e9vi\u00e9 le s\u00e9nateur de la Haute-Corse Paul Toussaint Parigi (groupe Union centriste).<\/p>\n\n\n\n<p>Son homologue de Corse-du-Sud Jean-Paul Panunzi (Les R\u00e9publicains) s&rsquo;est \u00e9galement r\u00e9joui d&rsquo;une r\u00e9forme qui emp\u00eachera les&nbsp;<em>\u00ab\u00a0groupes internationaux\u00a0\u00bb<\/em>&nbsp;de&nbsp;<em>\u00ab\u00a0d\u00e9velopper en Corse une vision contraire aux int\u00e9r\u00eats qui sont les n\u00f4tres\u00a0\u00bb.<\/em><\/p>","protected":false},"excerpt":{"rendered":"<p>Le S\u00e9nat a adopt\u00e9 \u00e0 l\u2019unanimit\u00e9 le projet de loi instaurant un \u00e9tablissement public du commerce et de l\u2019industrie en Corse. Cette nouvelle structure, sous tutelle de la Collectivit\u00e9 de Corse, reprendra d\u00e8s 2026 la gestion des infrastructures portuaires et a\u00e9roportuaires.<\/p>","protected":false},"author":6,"featured_media":7915,"comment_status":"closed","ping_status":"closed","sticky":false,"template":"","format":"standard","meta":{"_acf_changed":false,"_seopress_robots_primary_cat":"none","_seopress_titles_title":"","_seopress_titles_desc":"","_seopress_robots_index":"","footnotes":""},"categories":[16],"tags":[34],"class_list":["post-7911","post","type-post","status-publish","format-standard","has-post-thumbnail","hentry","category-revue-de-presse","tag-institution"],"acf":[],"_links":{"self":[{"href":"https:\/\/www.cci.corsica\/co\/wp-json\/wp\/v2\/posts\/7911","targetHints":{"allow":["GET"]}}],"collection":[{"href":"https:\/\/www.cci.corsica\/co\/wp-json\/wp\/v2\/posts"}],"about":[{"href":"https:\/\/www.cci.corsica\/co\/wp-json\/wp\/v2\/types\/post"}],"author":[{"embeddable":true,"href":"https:\/\/www.cci.corsica\/co\/wp-json\/wp\/v2\/users\/6"}],"replies":[{"embeddable":true,"href":"https:\/\/www.cci.corsica\/co\/wp-json\/wp\/v2\/comments?post=7911"}],"version-history":[{"count":1,"href":"https:\/\/www.cci.corsica\/co\/wp-json\/wp\/v2\/posts\/7911\/revisions"}],"predecessor-version":[{"id":7916,"href":"https:\/\/www.cci.corsica\/co\/wp-json\/wp\/v2\/posts\/7911\/revisions\/7916"}],"wp:featuredmedia":[{"embeddable":true,"href":"https:\/\/www.cci.corsica\/co\/wp-json\/wp\/v2\/media\/7915"}],"wp:attachment":[{"href":"https:\/\/www.cci.corsica\/co\/wp-json\/wp\/v2\/media?parent=7911"}],"wp:term":[{"taxonomy":"category","embeddable":true,"href":"https:\/\/www.cci.corsica\/co\/wp-json\/wp\/v2\/categories?post=7911"},{"taxonomy":"post_tag","embeddable":true,"href":"https:\/\/www.cci.corsica\/co\/wp-json\/wp\/v2\/tags?post=7911"}],"curies":[{"name":"wp","href":"https:\/\/api.w.org\/{rel}","templated":true}]}}