{"id":7917,"date":"2025-06-02T20:00:00","date_gmt":"2025-06-02T18:00:00","guid":{"rendered":"https:\/\/www.cci.corsica\/?p=7917"},"modified":"2025-09-09T16:14:39","modified_gmt":"2025-09-09T14:14:39","slug":"le-senat-dit-oui","status":"publish","type":"post","link":"https:\/\/www.cci.corsica\/co\/le-senat-dit-oui\/","title":{"rendered":"Le S\u00e9nat dit \u00ab\u00a0oui\u00a0\u00bb \u00e0 l&rsquo;\u00e9tablissement public du commerce et de l&rsquo;industrie de Corse"},"content":{"rendered":"<h2 class=\"wp-block-heading\"><a href=\"https:\/\/www.francebleu.fr\/infos\/economie-social\/le-senat-dit-oui-a-l-etablissement-public-du-commerce-et-de-l-industrie-de-corse-4218823\" target=\"_blank\" rel=\"noreferrer noopener\">ici<\/a><a href=\"https:\/\/www.francebleu.fr\/infos\/economie-social\/le-senat-dit-oui-a-l-etablissement-public-du-commerce-et-de-l-industrie-de-corse-4218823\"> <\/a> <\/h2>\n\n\n\n<p>Patrick Rossi<\/p>\n\n\n\n<div style=\"height:33px\" aria-hidden=\"true\" class=\"wp-block-spacer\"><\/div>\n\n\n\n<hr class=\"wp-block-separator has-alpha-channel-opacity\" \/>\n\n\n\n<div style=\"height:33px\" aria-hidden=\"true\" class=\"wp-block-spacer\"><\/div>\n\n\n\n<p>La nouvelle est tomb\u00e9e en fin d&rsquo;apr\u00e8s-midi ! Le s\u00e9nat a adopt\u00e9, en ce d\u00e9but de semaine, le projet de loi portant cr\u00e9ation&nbsp;de l\u2019\u00e9tablissement public du commerce et de l\u2019industrie de Corse au 1er janvier 2026.&nbsp;Comme l&rsquo;avait fait un mois plus t\u00f4t le Conseil d&rsquo;Etat, le s\u00e9nat donne ainsi son feu vert. Une d\u00e9cision salu\u00e9e par Fran\u00e7ois Rebsamen, le ministre de l\u2019Am\u00e9nagement du territoire et de la D\u00e9centralisation.<\/p>\n\n\n\n<p>L&rsquo;\u00e9tablissement public, plac\u00e9 sous la tutelle de la Collectivit\u00e9 de Corse, reprendra, pour rappel, les missions et attributions de la chambre de commerce et d\u2019industrie dont la gestion publique des ports et a\u00e9roports. Cet \u00e9tablissement public doit permettre \u00e0 la collectivit\u00e9 de Corse de r\u00e9pondre aux enjeux de la continuit\u00e9 territoriale pour l\u2019\u00eele et au d\u00e9veloppement de l\u2019\u00e9conomie touristique.<\/p>\n\n\n\n<h3 class=\"wp-block-heading\">JJ Panunzi&nbsp;: \u00ab\u00a0Conserver la gestion publique\u00a0\u00bb<\/h3>\n\n\n\n<p>Le s\u00e9nateur de Corse du Sud, Jean-Jacques Panunzi s&rsquo;est exprim\u00e9 sur ce dossier. Selon lui, \u00ab\u00a0<em><strong>l\u2019\u00e9tablissement public appara\u00eet comme la meilleure mani\u00e8re de conserver une gestion publique, \u00e9vitant, via le contr\u00f4le analogue requis en quasi-r\u00e9gie, que des groupes internationaux aux pratiques sociales diff\u00e9rentes de celles europ\u00e9ennes, ne remportent ces march\u00e9s et ne d\u00e9veloppent en Corse une vision contraire aux int\u00e9r\u00eats qui sont les n\u00f4tres<\/strong><\/em>.\u00a0\u00bb Mais il y a aussi, selon le s\u00e9nateur, \u00ab\u00a0<strong>un revers de m\u00e9daille<\/strong>\u00ab\u00a0. \u00ab\u00a0<em><strong>Oui, on permet par ce texte aujourd\u2019hui \u00e0 pr\u00e9server les infrastructures de transport d\u2019acc\u00e8s \u00e0 la Corse d\u2019app\u00e9tits ext\u00e9rieurs aux intentions m\u00e9connues, mais on aggrave, avec ce m\u00eame texte, la concentration des pouvoirs sur une seule collectivit\u00e9<\/strong><\/em>.\u00a0\u00bb<\/p>\n\n\n\n<p>Apr\u00e8s cette premi\u00e8re \u00e9tape, le texte va poursuivre son parcours l\u00e9gislatif \u00e0 l\u2019Assembl\u00e9e nationale, afin de permettre la cr\u00e9ation de cet \u00e9tablissement public le 1er janvier 2026.<\/p>\n\n\n\n<p><\/p>","protected":false},"excerpt":{"rendered":"<p>Le S\u00e9nat a adopt\u00e9 ce lundi 2 juin projet de loi portant cr\u00e9ation de l\u2019\u00e9tablissement public du commerce et de l\u2019industrie de Corse au 1er janvier 2026. Un dossier d\u00e9fendu par Jean-Jacques Panunzi qui y met n\u00e9anmoins un b\u00e9mol.<\/p>","protected":false},"author":6,"featured_media":0,"comment_status":"closed","ping_status":"closed","sticky":false,"template":"","format":"standard","meta":{"_acf_changed":false,"_seopress_robots_primary_cat":"none","_seopress_titles_title":"","_seopress_titles_desc":"","_seopress_robots_index":"","footnotes":""},"categories":[16],"tags":[34],"class_list":["post-7917","post","type-post","status-publish","format-standard","hentry","category-revue-de-presse","tag-institution"],"acf":[],"_links":{"self":[{"href":"https:\/\/www.cci.corsica\/co\/wp-json\/wp\/v2\/posts\/7917","targetHints":{"allow":["GET"]}}],"collection":[{"href":"https:\/\/www.cci.corsica\/co\/wp-json\/wp\/v2\/posts"}],"about":[{"href":"https:\/\/www.cci.corsica\/co\/wp-json\/wp\/v2\/types\/post"}],"author":[{"embeddable":true,"href":"https:\/\/www.cci.corsica\/co\/wp-json\/wp\/v2\/users\/6"}],"replies":[{"embeddable":true,"href":"https:\/\/www.cci.corsica\/co\/wp-json\/wp\/v2\/comments?post=7917"}],"version-history":[{"count":2,"href":"https:\/\/www.cci.corsica\/co\/wp-json\/wp\/v2\/posts\/7917\/revisions"}],"predecessor-version":[{"id":7922,"href":"https:\/\/www.cci.corsica\/co\/wp-json\/wp\/v2\/posts\/7917\/revisions\/7922"}],"wp:attachment":[{"href":"https:\/\/www.cci.corsica\/co\/wp-json\/wp\/v2\/media?parent=7917"}],"wp:term":[{"taxonomy":"category","embeddable":true,"href":"https:\/\/www.cci.corsica\/co\/wp-json\/wp\/v2\/categories?post=7917"},{"taxonomy":"post_tag","embeddable":true,"href":"https:\/\/www.cci.corsica\/co\/wp-json\/wp\/v2\/tags?post=7917"}],"curies":[{"name":"wp","href":"https:\/\/api.w.org\/{rel}","templated":true}]}}