{"id":7923,"date":"2025-06-04T16:31:56","date_gmt":"2025-06-04T14:31:56","guid":{"rendered":"https:\/\/www.cci.corsica\/?p=7923"},"modified":"2025-06-04T16:31:56","modified_gmt":"2025-06-04T14:31:56","slug":"en-corse-la-multiplication","status":"publish","type":"post","link":"https:\/\/www.cci.corsica\/co\/en-corse-la-multiplication\/","title":{"rendered":"En Corse, la multiplication des incendies criminels inqui\u00e8te"},"content":{"rendered":"<p><a href=\"https:\/\/www.corsenetinfos.corsica\/En-Corse-la-multiplication-des-incendies-criminels-inquiete_a84970.html\" target=\"_blank\" rel=\"noreferrer noopener\">Corse Net Infos<\/a> &#8211; VL<\/p>\n\n\n\n<div style=\"height:32px\" aria-hidden=\"true\" class=\"wp-block-spacer\"><\/div>\n\n\n\n<hr class=\"wp-block-separator has-alpha-channel-opacity\" \/>\n\n\n\n<div style=\"height:32px\" aria-hidden=\"true\" class=\"wp-block-spacer\"><\/div>\n\n\n\n<p>Il \u00e9tait environ 4 heures du matin, ce mercredi 4 juin, lorsque l\u2019alerte a \u00e9t\u00e9 donn\u00e9e. Le catamaran Dolce Vita, un bateau hybride de 23 m\u00e8tres \u00e9quip\u00e9 de voiles et de panneaux solaires, a \u00e9t\u00e9 enti\u00e8rement ravag\u00e9 par les flammes dans le port de Calvi. <\/p>\n\n\n\n<p>L\u2019embarcation appartenait \u00e0 une soci\u00e9t\u00e9 sp\u00e9cialis\u00e9e dans les croisi\u00e8res touristiques. Malgr\u00e9 l\u2019intervention rapide des secours et la mobilisation de moyens importants, le navire a \u00e9t\u00e9 totalement d\u00e9truit. Un barrage flottant antipollution a aussit\u00f4t \u00e9t\u00e9 d\u00e9ploy\u00e9.<br><br>Ce nouveau sinistre vient s\u2019ajouter \u00e0 une s\u00e9rie d\u2019incendies qui visent directement des entreprises du secteur maritime insulaire. La veille, cinq embarcations semi-rigides appartenant \u00e0 trois soci\u00e9t\u00e9s de promenade en mer \u2014 Corse Promenade, Calvi Aventure et Giru Mare \u2014 avaient \u00e9t\u00e9 incendi\u00e9es. <\/p>\n\n\n\n<p>Le 29 avril \u00e0 Saint-Florent, quatre bateaux avaient \u00e9t\u00e9 d\u00e9truits, dont&nbsp;<em>Le Popeye<\/em>, un navire embl\u00e9matique actif depuis plus de 30 ans. Le 12 mai, un bateau de la compagnie Nave Va avait \u00e9t\u00e9 la cible d\u2019un incendie \u00e0 Ajaccio, apr\u00e8s une premi\u00e8re tentative sur la m\u00eame embarcation en f\u00e9vrier.<\/p>\n\n\n\n<p><strong>Face \u00e0 cette escalade, la Chambre de commerce et d\u2019industrie de Corse a publi\u00e9 ce mercredi un communiqu\u00e9.<\/strong><\/p>\n\n\n\n<p><em>&nbsp;<strong>\u00ab \u00c0 trois reprises depuis le d\u00e9but de l\u2019ann\u00e9e, nous avons publiquement exprim\u00e9 notre soutien aux professionnels victimes d\u2019attentats, d\u2019incendies et d\u2019autres atteintes \u00e0 leurs commerces ou entreprises \u00bb<\/strong>,&nbsp;<\/em>rappelle l\u2019institution consulaire. Mais cette fois, le ton est plus grave encore :<em>&nbsp;<strong>\u00ab Les d\u00e9g\u00e2ts physiques, financiers et psychologiques de cette spirale d\u00e9sastreuse ne laissent plus aucun r\u00e9pit \u00e0 celles et ceux qui font vivre notre territoire. \u00bb<\/strong><\/em>&nbsp;<\/p>\n\n\n\n<p>Dans un message sans d\u00e9tour, la CCI alerte sur le risque d\u2019effondrement \u00e9conomique de certains secteurs insulaires :&nbsp;<em><strong>\u00ab Ces actes condamnent des familles, des emplois, des pans entiers de notre \u00e9conomie au d\u00e9clin, voire \u00e0 la disparition. \u00bb<\/strong><\/em>&nbsp;Et d\u2019ajouter :&nbsp;<em><strong>\u00ab Les auteurs et commanditaires de cette vague de violence autodestructrice doivent \u00eatre mis hors d\u2019\u00e9tat de nuire sans d\u00e9lai, au risque de pr\u00e9cipiter l\u2019\u00e9conomie corse, d\u00e9j\u00e0 fragile, vers le chaos et l\u2019anarchie. \u00bb<\/strong><\/em><br><br>Le communiqu\u00e9 insiste \u00e9galement sur la menace que ces violences font peser sur l\u2019avenir entrepreneurial de la jeunesse corse :&nbsp;<em><strong>\u00ab Elles annihilent nos valeurs, d\u00e9truisent la libert\u00e9 du commerce et ferment les perspectives de cr\u00e9ation d\u2019activit\u00e9 pour les jeunes g\u00e9n\u00e9rations. \u00bb<\/strong><\/em>&nbsp;<\/p>\n\n\n\n<p>La CCI appelle \u00e0 une r\u00e9ponse imm\u00e9diate de l\u2019\u00c9tat, de la justice et des forces de l\u2019ordre, pour enrayer une dynamique de peur et d\u2019instabilit\u00e9 croissante. Elle rappelle aussi que ces violences ne sont pas seulement le fait d\u2019actes isol\u00e9s mais qu\u2019elles<strong><em>&nbsp;\u00ab<\/em><\/strong><em><strong> sapent les fondations m\u00eame de notre soci\u00e9t\u00e9, en instaurant un climat de d\u00e9fiance et de repli \u00bb.<\/strong><\/em><\/p>\n\n\n\n<p><\/p>","protected":false},"excerpt":{"rendered":"<p>Vingt-quatre heures apr\u00e8s l\u2019incendie criminel de cinq bateaux \u00e0 Calvi, un catamaran d&rsquo;une soci\u00e9t\u00e9 de promenade en mer a \u00e9t\u00e9 enti\u00e8rement d\u00e9truit dans la nuit de mardi \u00e0 mercredi. Le dernier \u00e9pisode d&rsquo;une s\u00e9rie d\u2019incendies criminels ciblant le secteur du tourisme maritime et qui fait r\u00e9agir.<\/p>","protected":false},"author":6,"featured_media":7926,"comment_status":"closed","ping_status":"closed","sticky":false,"template":"","format":"standard","meta":{"_acf_changed":false,"_seopress_robots_primary_cat":"none","_seopress_titles_title":"","_seopress_titles_desc":"","_seopress_robots_index":"","footnotes":""},"categories":[16],"tags":[58],"class_list":["post-7923","post","type-post","status-publish","format-standard","has-post-thumbnail","hentry","category-revue-de-presse","tag-economie"],"acf":[],"_links":{"self":[{"href":"https:\/\/www.cci.corsica\/co\/wp-json\/wp\/v2\/posts\/7923","targetHints":{"allow":["GET"]}}],"collection":[{"href":"https:\/\/www.cci.corsica\/co\/wp-json\/wp\/v2\/posts"}],"about":[{"href":"https:\/\/www.cci.corsica\/co\/wp-json\/wp\/v2\/types\/post"}],"author":[{"embeddable":true,"href":"https:\/\/www.cci.corsica\/co\/wp-json\/wp\/v2\/users\/6"}],"replies":[{"embeddable":true,"href":"https:\/\/www.cci.corsica\/co\/wp-json\/wp\/v2\/comments?post=7923"}],"version-history":[{"count":2,"href":"https:\/\/www.cci.corsica\/co\/wp-json\/wp\/v2\/posts\/7923\/revisions"}],"predecessor-version":[{"id":7928,"href":"https:\/\/www.cci.corsica\/co\/wp-json\/wp\/v2\/posts\/7923\/revisions\/7928"}],"wp:featuredmedia":[{"embeddable":true,"href":"https:\/\/www.cci.corsica\/co\/wp-json\/wp\/v2\/media\/7926"}],"wp:attachment":[{"href":"https:\/\/www.cci.corsica\/co\/wp-json\/wp\/v2\/media?parent=7923"}],"wp:term":[{"taxonomy":"category","embeddable":true,"href":"https:\/\/www.cci.corsica\/co\/wp-json\/wp\/v2\/categories?post=7923"},{"taxonomy":"post_tag","embeddable":true,"href":"https:\/\/www.cci.corsica\/co\/wp-json\/wp\/v2\/tags?post=7923"}],"curies":[{"name":"wp","href":"https:\/\/api.w.org\/{rel}","templated":true}]}}