{"id":7929,"date":"2025-06-05T15:12:15","date_gmt":"2025-06-05T13:12:15","guid":{"rendered":"https:\/\/www.cci.corsica\/?p=7929"},"modified":"2025-06-05T15:12:16","modified_gmt":"2025-06-05T13:12:16","slug":"grande-exposition-fabrique-en-france-2025-candidature-corse","status":"publish","type":"post","link":"https:\/\/www.cci.corsica\/co\/grande-exposition-fabrique-en-france-2025-candidature-corse\/","title":{"rendered":"La Grande Exposition du Fabriqu\u00e9 en France 2025 \u2013 Candidatez pour repr\u00e9senter la Corse \u00e0 l\u2019\u00c9lys\u00e9e !"},"content":{"rendered":"<p>La&nbsp;<strong>5e \u00e9dition<\/strong>&nbsp;de la&nbsp;<strong>Grande Exposition du Fabriqu\u00e9 en France<\/strong>&nbsp;se tiendra les&nbsp;<strong>15 et 16 novembre 2025<\/strong>&nbsp;au Palais de l\u2019\u00c9lys\u00e9e. Cet \u00e9v\u00e9nement prestigieux met \u00e0 l\u2019honneur les entreprises, artisans, producteurs et industriels engag\u00e9s dans la fabrication fran\u00e7aise.<\/p>\n\n\n\n<h2 class=\"wp-block-heading\"><strong>Pourquoi candidater ?<\/strong><\/h2>\n\n\n\n<ul class=\"wp-block-list\">\n<li>Valoriser un produit embl\u00e9matique de votre activit\u00e9<\/li>\n\n\n\n<li>B\u00e9n\u00e9ficier d\u2019une visibilit\u00e9 nationale exceptionnelle<\/li>\n\n\n\n<li>Repr\u00e9senter les savoir-faire de la Corse<\/li>\n<\/ul>\n\n\n\n<p>Toutes les entreprises, quelle que soit leur taille ou leur secteur d\u2019activit\u00e9, peuvent candidater d\u00e8s lors qu\u2019elles fabriquent en France.<br>Les crit\u00e8res de s\u00e9lection portent notamment sur :<\/p>\n\n\n\n<ul class=\"wp-block-list\">\n<li>la part de la valeur ajout\u00e9e produite en France<\/li>\n\n\n\n<li>les labels qualit\u00e9 ou d\u2019origine<\/li>\n\n\n\n<li>l\u2019engagement environnemental et social<\/li>\n\n\n\n<li>la contribution au d\u00e9veloppement local ou \u00e0 la relocalisation<\/li>\n<\/ul>\n\n\n\n<p><strong>Un produit sera s\u00e9lectionn\u00e9 par d\u00e9partement<\/strong>\u00a0apr\u00e8s pr\u00e9-s\u00e9lection par les pr\u00e9fectures de r\u00e9gion, en lien avec les r\u00e9seaux consulaires et les partenaires \u00e9conomiques.<\/p>\n\n\n\n<p><strong>Cl\u00f4ture des candidatures : vendredi 14 juin 2025 \u00e0 23h59<\/strong><br><\/p>\n\n\n\n<p><strong>D\u00e9posez votre dossier de candidature ici<\/strong>\u00a0: <a href=\"https:\/\/www.elysee.fr\/emmanuel-macron\/2025\/05\/22\/grande-exposition-du-fabrique-en-france-a-lelysee-ouverture-de-lappel-a-candidatures-2025\" data-type=\"link\" data-id=\"https:\/\/www.elysee.fr\/emmanuel-macron\/2025\/05\/22\/grande-exposition-du-fabrique-en-france-a-lelysee-ouverture-de-lappel-a-candidatures-2025\" target=\"_blank\" rel=\"noreferrer noopener\">Elysee.fr <\/a><\/p>\n\n\n\n<p><\/p>","protected":false},"excerpt":{"rendered":"<p>La&nbsp;5e \u00e9dition&nbsp;de la&nbsp;Grande Exposition du Fabriqu\u00e9 en France&nbsp;se tiendra les&nbsp;15 et 16 novembre 2025&nbsp;au Palais de l\u2019\u00c9lys\u00e9e. Cet \u00e9v\u00e9nement prestigieux met \u00e0 l\u2019honneur les entreprises, artisans, producteurs et industriels engag\u00e9s dans la fabrication fran\u00e7aise. Pourquoi candidater ? Toutes les entreprises, quelle que soit leur taille ou leur secteur d\u2019activit\u00e9, peuvent candidater d\u00e8s lors qu\u2019elles fabriquent [&hellip;]<\/p>\n","protected":false},"author":4,"featured_media":7931,"comment_status":"closed","ping_status":"closed","sticky":false,"template":"","format":"standard","meta":{"_acf_changed":false,"_seopress_robots_primary_cat":"none","_seopress_titles_title":"","_seopress_titles_desc":"","_seopress_robots_index":"","footnotes":""},"categories":[25],"tags":[],"class_list":["post-7929","post","type-post","status-publish","format-standard","has-post-thumbnail","hentry","category-actualite"],"acf":[],"_links":{"self":[{"href":"https:\/\/www.cci.corsica\/co\/wp-json\/wp\/v2\/posts\/7929","targetHints":{"allow":["GET"]}}],"collection":[{"href":"https:\/\/www.cci.corsica\/co\/wp-json\/wp\/v2\/posts"}],"about":[{"href":"https:\/\/www.cci.corsica\/co\/wp-json\/wp\/v2\/types\/post"}],"author":[{"embeddable":true,"href":"https:\/\/www.cci.corsica\/co\/wp-json\/wp\/v2\/users\/4"}],"replies":[{"embeddable":true,"href":"https:\/\/www.cci.corsica\/co\/wp-json\/wp\/v2\/comments?post=7929"}],"version-history":[{"count":1,"href":"https:\/\/www.cci.corsica\/co\/wp-json\/wp\/v2\/posts\/7929\/revisions"}],"predecessor-version":[{"id":7932,"href":"https:\/\/www.cci.corsica\/co\/wp-json\/wp\/v2\/posts\/7929\/revisions\/7932"}],"wp:featuredmedia":[{"embeddable":true,"href":"https:\/\/www.cci.corsica\/co\/wp-json\/wp\/v2\/media\/7931"}],"wp:attachment":[{"href":"https:\/\/www.cci.corsica\/co\/wp-json\/wp\/v2\/media?parent=7929"}],"wp:term":[{"taxonomy":"category","embeddable":true,"href":"https:\/\/www.cci.corsica\/co\/wp-json\/wp\/v2\/categories?post=7929"},{"taxonomy":"post_tag","embeddable":true,"href":"https:\/\/www.cci.corsica\/co\/wp-json\/wp\/v2\/tags?post=7929"}],"curies":[{"name":"wp","href":"https:\/\/api.w.org\/{rel}","templated":true}]}}