{"id":7933,"date":"2025-06-11T10:44:15","date_gmt":"2025-06-11T08:44:15","guid":{"rendered":"https:\/\/www.cci.corsica\/?p=7933"},"modified":"2025-06-11T10:48:57","modified_gmt":"2025-06-11T08:48:57","slug":"la-lettre-i-u-senatu","status":"publish","type":"post","link":"https:\/\/www.cci.corsica\/co\/la-lettre-i-u-senatu\/","title":{"rendered":"La Lettre I U Senatu appone u so sugellu\u00a0!"},"content":{"rendered":"<p><strong>Riforma cunsularia<\/strong><\/p>\n\n\n\n<p>Qualessa sia a lungura di u caminu, ci\u00f2 ch\u00ec conta h\u00e8 a distinazione. Ci averanu purtatu sei annate longhe suminate \u00e0 trampali \u00e0 sta ghjurnata decisiva di stu luni u 2 di ghjugnu. \u00d9n era ancu propiu a linea d\u2019arrivu u Palazzu di u Lussemburgu ma una ultima girata neguziata cum\u2019ellu ci vole&nbsp;: h\u00e8 \u00e0 l\u2019unanimit\u00e0 ch\u2019ellu h\u00e0 aderitu u Senatu \u00e0 a creazione di u Stabilimentu publicu di u Cummerciu \u00e8 di l\u2019Industria inde u perimetru di a Cullettivit\u00e0 di Corsica. <\/p>\n\n\n\n<p>S\u2019ella piglia listessa via l\u2019Assemblea naziunale vutendu din\u00f9 ella u prugettu di lege cum\u2019ellu h\u00e8 &#8211; un scenariu ch\u00ec si p\u00f2 imagin\u00e0 propiu &#8211; si h\u00e0 da gir\u00e0 di modu definitivu una pagina di a storia di a CCI di Corsica. Ma a storia, h\u00e8 sempre un ricumenciamentu eternu\u2026<\/p>\n\n\n\n<div style=\"height:35px\" aria-hidden=\"true\" class=\"wp-block-spacer\"><\/div>\n\n\n\n<h3 class=\"wp-block-heading\"><strong>\u00ab&nbsp;Risponde \u00e0 specificit\u00e0 uniche in Francia&nbsp;\u00bb<\/strong><\/h3>\n\n\n\n<p>H\u00e0 tenutu Fran\u00e7ois Rebsamen l\u2019ingagiamentu ch\u2019ellu avia pigliatu \u00e0 u Palazzu cunsulariu di Bastia mentre a so prima visita ufficiale in Corsica, di ferraghju scorsu, quellu di apre a porta parlamentaria per f\u00e0 ci entre u prugettu di lege rilativu \u00e0 a riforma istituziunale di a camera. <\/p>\n\n\n\n<p>H\u00e8 statu u primu \u00e0 cull\u00e0 \u00e0 a tribuna di u Senatu u ministru di l\u2019Accunciamentu di u territoriu \u00e8 di a Decentralisazione per difende u so testu <em>\u00ab&nbsp;vutatu \u00e0 l\u2019unanimit\u00e0 da l\u2019Assemblea di Corsica, equilibriatu, securizatu \u00e0 u livellu ghjuridicu \u00e8 ch\u00ec risponde \u00e0 specificit\u00e0 lucale uniche in Francia.&nbsp;\u00bb<\/em><\/p>\n\n\n\n<p> Li h\u00e0 cunferitu a validazione di u Cunsigliu di Statu tutta a so legittimit\u00e0. H\u00e0 purtatu c\u00f9 soni \u00e8 trumpette Fran\u00e7ois Rebsamen un argumentu ch\u00ec li h\u00e0 permessu di culleg\u00e0 i senatori \u00e0 a so causa&nbsp;: u futuru stabilimentu publicu, ch\u00ec h\u00e0 vucazione \u00e0 ripigli\u00e0 e missione, l\u2019attribuzione, l\u2019acquisti \u00e8 e risorze umane di a CCI di Corsica di modu integrale, h\u00e0 da guarantisce a maestria publica di a gestione di i porti \u00e8 di l\u2019aeroporti di l\u2019isula. <\/p>\n\n\n\n<p>Ser\u00e0 assicurata a so guvernanza di manera cunghjunta da i raprisentanti di a Cullettivit\u00e0 di Corsica \u00e8 di i sucio prufessiunali. H\u00e8 stata aduprata listessa dialettica c\u00f9 briu da Olivia Richard, a rappurtadrice di a Cummissione di e lege&nbsp;: <em>\u00ab&nbsp;A maestria di i trasporti, cum\u2019\u00e8 quella di u turisimu o di l\u2019impurtazione, s\u00f2 sinonimi di libert\u00e0 per a Corsica&nbsp;!&nbsp;\u00bb<\/em> <\/p>\n\n\n\n<p>Dopu \u00e0 u ministru, h\u00e0 difesu l\u2019amendamenti arrecati \u00e0 u testu ch\u00ec s\u00f2 stati, din\u00f9 elli, validati \u00e0 l\u2019unanimit\u00e0&nbsp;: rivene di dirittu a presidenza di u stabilimentu publicu \u00e0 u presidente es-qualit\u00e0 di u Cunsigliu esecutivu di Corsica&nbsp;; sedenu i presidenti di l\u2019agenzie \u00e8 di l\u2019uffizii \u00e0 u so cunsigliu d\u2019amministrazione. <\/p>\n\n\n\n<p>Ci seranu din\u00f9 raprisentati duvutamente i persunali c\u00f9 un votu cunsultativu. <em>\u00ab&nbsp;Un prucedimentu longu ma un cunsensu largu&nbsp;\u00bb<\/em>, h\u00e0 riassuntu a senatrice, di a quale h\u00e8 stata salutata \u00e8 ricunnisciuta in sianza publica a spertizia apprufundita di u testu, ch\u00ec si era digi\u00e0 vista in cummissione.<\/p>\n\n\n\n<div style=\"height:35px\" aria-hidden=\"true\" class=\"wp-block-spacer\"><\/div>\n\n\n\n<h3 class=\"wp-block-heading\"><strong>\u00ab&nbsp;Un prugettu aspettatu, cunsensuale \u00e8 beneficu&nbsp;\u00bb<\/strong><\/h3>\n\n\n\n<p>Si h\u00e8 pussutu misur\u00e0 u cunsensu per via di e sfarente intervenzione. H\u00e0 stimatu a senatrice verde M\u00e9lanie Vogel ch\u2019ellu era<em> \u00ab&nbsp;urgente \u00e8 necessariu&nbsp;\u00bb<\/em> u trasferimentu, cunsiderendu lu cum\u2019\u00e8 qualch\u00ec picculu stulettu nant\u2019\u00e0 a strada di l\u2019autunumia ch\u2019ella chjama c\u00f9 unepochi d\u2019auguri&nbsp;: <em>\u00ab&nbsp;\u00c0 a Republica, li tocca \u00e0 evulu\u00e0 \u00e8 \u00e0 sorte da a pulitica di i picculi passi.&nbsp;\u00bb<\/em> <\/p>\n\n\n\n<p>Per u senatore sucialistu \u00c9ric Kerrouche, h\u00e8 a riforma<em> \u00ab&nbsp;una scelta pulitica forte per premun\u00ec si di pettu \u00e0 a privatisazione di u trasportu in Corsica.&nbsp;\u00bb<\/em> \u00c0 nome di u gruppu ecumenicu di l\u2019Independenti, ci vede Vanina Paoli-Gagin<em> \u00ab&nbsp;una petra arrecata \u00e0 l\u2019edifiziu di u rinnovu ecunomicu di l\u2019isula.&nbsp;\u00bb<\/em> Porta voce di u gruppu Rassemblement des d\u00e9mocrates et progressistes, h\u00e8 propiu furmale Marie-Laure Phinera-Horth&nbsp;: \u00ab<em>&nbsp;H\u00e8 un prugettu aspettatu, cunsensuale \u00e8 beneficu.&nbsp;\u00bb<\/em> <\/p>\n\n\n\n<p>Si s\u00f2 raghjunti i dui senatori corsi, Jean-Jacques Panunzi, apparentatu c\u00f9 i LR, \u00e8 Paulu Santu Parigi, autunumistu membru di u gruppu di l\u2019Unione centrista. Per u primu, h\u00e8 un<em> \u00ab&nbsp;puntu cardinale&nbsp;\u00bb<\/em> a gestione publica di i porti \u00e8 di l\u2019aeroporti. Cum\u2019\u00e8 inde u tradiziunale Chjama \u00e8 rispondi, difende u secondu un prugettu ch\u00ec, rispechjendu a <em>\u00ab&nbsp;maturit\u00e0 di l\u2019eletti di a Corsica&nbsp;\u00bb<\/em>, ser\u00e0 messu in ballu <em>\u00ab&nbsp;inde a trasparenza \u00e8 a sinergia custruttiva \u00e0 u serviziu di l\u2019ecunumia.&nbsp;\u00bb<\/em> <\/p>\n\n\n\n<p>H\u00e0 mutivatu solu a senatrice cumunista Marie-Claude Varaillas a so astinzione per via di a scelta di u mudellu ghjuridicu ch\u2019ella stima <em>\u00ab&nbsp;vulnerabile.&nbsp;\u00bb<\/em> <\/p>\n\n\n\n<p>In fine, mancu un votu contru. Ser\u00e0 statu qualch\u00ec sullevu per Gilles Simeoni, Nanette Maupertuis \u00e8 Jean Dominici ch\u00ec si eranu spiazzati tutti per l\u2019uccasione. Si face strada oramai ver\u2019di u Palazzu Bourbon\u2026<\/p>\n\n\n\n<div style=\"height:50px\" aria-hidden=\"true\" class=\"wp-block-spacer\"><\/div>\n\n\n\n<div class=\"wp-block-media-text is-stacked-on-mobile\"><figure class=\"wp-block-media-text__media\"><img fetchpriority=\"high\" decoding=\"async\" width=\"1024\" height=\"768\" src=\"https:\/\/www.cci.corsica\/wp-content\/uploads\/2025\/06\/fb-1024x768.png\" alt=\"\" class=\"wp-image-7940 size-full\" srcset=\"https:\/\/www.cci.corsica\/wp-content\/uploads\/2025\/06\/fb-1024x768.png 1024w, https:\/\/www.cci.corsica\/wp-content\/uploads\/2025\/06\/fb-300x225.png 300w, https:\/\/www.cci.corsica\/wp-content\/uploads\/2025\/06\/fb-768x576.png 768w, https:\/\/www.cci.corsica\/wp-content\/uploads\/2025\/06\/fb-16x12.png 16w, https:\/\/www.cci.corsica\/wp-content\/uploads\/2025\/06\/fb.png 1067w\" sizes=\"(max-width: 1024px) 100vw, 1024px\" \/><\/figure><div class=\"wp-block-media-text__content\">\n<p>Article paru dans <a href=\"https:\/\/www.calameo.com\/read\/006340018964beff2af59\" target=\"_blank\" rel=\"noreferrer noopener\"><strong>La Lettre N\u00b0 55<\/strong><\/a> <\/p>\n\n\n\n<p><\/p>\n<\/div><\/div>\n\n\n\n<p><\/p>","protected":false},"excerpt":{"rendered":"<p>\u00d9n si h\u00e8 pisata mancu una voce senaturiale luni scorsu in sianza publica contru \u00e0 u prugettu di lege nant\u2019\u00e0 l\u2019avvicinamentu di a camera ver\u2019di a Cullettivit\u00e0 di Corsica. Si h\u00e0 da scioglie oramai l\u2019affare \u00e0 l\u2019Assemblea naziunale<\/p>","protected":false},"author":6,"featured_media":7939,"comment_status":"closed","ping_status":"closed","sticky":false,"template":"","format":"standard","meta":{"_acf_changed":false,"_seopress_robots_primary_cat":"none","_seopress_titles_title":"","_seopress_titles_desc":"","_seopress_robots_index":"","footnotes":""},"categories":[25],"tags":[34],"class_list":["post-7933","post","type-post","status-publish","format-standard","has-post-thumbnail","hentry","category-actualite","tag-institution"],"acf":[],"_links":{"self":[{"href":"https:\/\/www.cci.corsica\/co\/wp-json\/wp\/v2\/posts\/7933","targetHints":{"allow":["GET"]}}],"collection":[{"href":"https:\/\/www.cci.corsica\/co\/wp-json\/wp\/v2\/posts"}],"about":[{"href":"https:\/\/www.cci.corsica\/co\/wp-json\/wp\/v2\/types\/post"}],"author":[{"embeddable":true,"href":"https:\/\/www.cci.corsica\/co\/wp-json\/wp\/v2\/users\/6"}],"replies":[{"embeddable":true,"href":"https:\/\/www.cci.corsica\/co\/wp-json\/wp\/v2\/comments?post=7933"}],"version-history":[{"count":5,"href":"https:\/\/www.cci.corsica\/co\/wp-json\/wp\/v2\/posts\/7933\/revisions"}],"predecessor-version":[{"id":7943,"href":"https:\/\/www.cci.corsica\/co\/wp-json\/wp\/v2\/posts\/7933\/revisions\/7943"}],"wp:featuredmedia":[{"embeddable":true,"href":"https:\/\/www.cci.corsica\/co\/wp-json\/wp\/v2\/media\/7939"}],"wp:attachment":[{"href":"https:\/\/www.cci.corsica\/co\/wp-json\/wp\/v2\/media?parent=7933"}],"wp:term":[{"taxonomy":"category","embeddable":true,"href":"https:\/\/www.cci.corsica\/co\/wp-json\/wp\/v2\/categories?post=7933"},{"taxonomy":"post_tag","embeddable":true,"href":"https:\/\/www.cci.corsica\/co\/wp-json\/wp\/v2\/tags?post=7933"}],"curies":[{"name":"wp","href":"https:\/\/api.w.org\/{rel}","templated":true}]}}