{"id":7945,"date":"2025-06-12T10:55:46","date_gmt":"2025-06-12T08:55:46","guid":{"rendered":"https:\/\/www.cci.corsica\/?p=7945"},"modified":"2025-06-20T16:38:25","modified_gmt":"2025-06-20T14:38:25","slug":"la-lettre-i-le-senat","status":"publish","type":"post","link":"https:\/\/www.cci.corsica\/co\/la-lettre-i-le-senat\/","title":{"rendered":"La Lettre I Le S\u00e9nat appose son sceau\u00a0!"},"content":{"rendered":"<p><strong>R\u00e9forme consulaire<\/strong><\/p>\n\n\n\n<p>Quelle que soit la longueur du chemin, ce qui compte c\u2019est la destination. Six longues ann\u00e9es d\u2019un parcours sem\u00e9 d\u2019embuches auront conduit \u00e0 cette journ\u00e9e d\u00e9cisive du lundi 2 juin. Le Palais du Luxembourg, ce n\u2019\u00e9tait pas encore tout \u00e0 fait la ligne d\u2019arriv\u00e9e mais un dernier virage parfaitement n\u00e9goci\u00e9\u00a0: c\u2019est \u00e0 l\u2019unanimit\u00e9 que le S\u00e9nat a adh\u00e9r\u00e9 \u00e0 la cr\u00e9ation de l\u2019\u00c9tablissement public du Commerce et de l\u2019Industrie au sein de la Collectivit\u00e9 de Corse. <\/p>\n\n\n\n<p>Si l\u2019Assembl\u00e9e nationale saisit la balle au bond et vote \u00e0 son tour le projet de loi tel quel \u2013 un sc\u00e9nario tout \u00e0 fait concevable \u2013 se tournera ainsi d\u00e9finitivement une page d\u2019histoire de la CCI de Corse. Mais l\u2019histoire, c\u2019est toujours un \u00e9ternel recommencement\u2026<\/p>\n\n\n\n<div style=\"height:31px\" aria-hidden=\"true\" class=\"wp-block-spacer\"><\/div>\n\n\n\n<h3 class=\"wp-block-heading\"><strong>\u00ab&nbsp;R\u00e9pondre \u00e0 des sp\u00e9cificit\u00e9s uniques en France&nbsp;\u00bb<\/strong><\/h3>\n\n\n\n<p>Fran\u00e7ois Rebsamen a tenu son engagement pris \u00e0 l\u2019h\u00f4tel consulaire de Bastia lors de sa premi\u00e8re visite officielle en Corse, en f\u00e9vrier dernier, celui de pousser la porte parlementaire pour faire entrer le projet de loi relatif \u00e0 la r\u00e9forme institutionnelle de la chambre. <\/p>\n\n\n\n<p>Le ministre de l\u2019Am\u00e9nagement du territoire et de la D\u00e9centralisation a \u00e9t\u00e9 le premier \u00e0 monter \u00e0 la tribune du S\u00e9nat pour d\u00e9fendre son texte <em>\u00ab\u00a0vot\u00e9 \u00e0 l\u2019unanimit\u00e9 par l\u2019Assembl\u00e9e de Corse, \u00e9quilibr\u00e9, juridiquement s\u00e9curis\u00e9 et r\u00e9pondant \u00e0 des sp\u00e9cificit\u00e9s locales uniques en France.\u00a0\u00bb<\/em> La validation du Conseil d\u2019\u00c9tat lui a conf\u00e9r\u00e9 toute sa l\u00e9gitimit\u00e9. <\/p>\n\n\n\n<p>Fran\u00e7ois Rebsamen a port\u00e9 haut et fort un argument\u00a0qui a ralli\u00e9 les s\u00e9nateurs \u00e0 sa cause : le futur \u00e9tablissement public, qui a vocation \u00e0 reprendre les missions, les attributions, les biens et les ressources humaines de la CCI de Corse dans leur int\u00e9gralit\u00e9, garantira la ma\u00eetrise publique de la gestion des ports et des a\u00e9roports de l\u2019\u00eele. Sa gouvernance sera assur\u00e9e conjointement par les repr\u00e9sentants de la Collectivit\u00e9 de Corse et les socioprofessionnels. <\/p>\n\n\n\n<p>C\u2019est la m\u00eame dialectique qui a \u00e9t\u00e9 utilis\u00e9e avec brio par Olivia Richard, la rapporteure de la Commission des lois\u00a0: <em>\u00ab\u00a0La maitrise des transports, comme du tourisme ou des importations, sont synonymes de libert\u00e9 pour la Corse\u00a0!\u00a0\u00bb<\/em> Apr\u00e8s le ministre, elle a d\u00e9fendu les amendements apport\u00e9s au texte qui ont \u00e9t\u00e9 eux-m\u00eames unanimement valid\u00e9s\u00a0: la pr\u00e9sidence de l\u2019\u00e9tablissement public revient de droit au pr\u00e9sident es-qualit\u00e9 du Conseil ex\u00e9cutif de Corse\u00a0; les pr\u00e9sidents des agences et offices si\u00e8gent \u00e0 son conseil d\u2019administration. <\/p>\n\n\n\n<p>Les personnels y seront aussi d\u00fbment repr\u00e9sent\u00e9s avec voix consultative. <em>\u00ab\u00a0Un long processus mais un tr\u00e8s large consensus\u00a0\u00bb<\/em> a r\u00e9sum\u00e9 la s\u00e9natrice dont l\u2019expertise approfondie du texte, d\u00e9j\u00e0 d\u00e9montr\u00e9e en commission, a \u00e9t\u00e9 salu\u00e9e et reconnue en s\u00e9ance publique.<\/p>\n\n\n\n<div style=\"height:31px\" aria-hidden=\"true\" class=\"wp-block-spacer\"><\/div>\n\n\n\n<h3 class=\"wp-block-heading\"><strong>\u00ab&nbsp;Un projet attendu, consensuel et b\u00e9n\u00e9fique&nbsp;\u00bb<\/strong><\/h3>\n\n\n\n<p>Le consensus a pu se mesurer \u00e0 travers les diff\u00e9rentes interventions. La s\u00e9natrice verte M\u00e9lanie Vogel a estim\u00e9 le transfert <em>\u00ab\u00a0urgent et n\u00e9cessaire\u00a0\u00bb<\/em>, le consid\u00e9rant comme un petit jalon sur la route de l\u2019autonomie qu\u2019elle appelle de ses v\u0153ux\u00a0: <em>\u00ab\u00a0La R\u00e9publique doit \u00e9voluer et sortir de la politique des petits pas.\u00a0\u00bb<\/em> <\/p>\n\n\n\n<p>Pour le socialiste \u00c9ric Kerrouche, la r\u00e9forme est <em>\u00ab\u00a0un choix politique fort pour se pr\u00e9munir contre la privatisation du transport en Corse.\u00a0\u00bb<\/em> Au nom du groupe \u0153cum\u00e9nique des Ind\u00e9pendants, Vanina Paoli-Gagin y voit <em>\u00ab\u00a0une pierre \u00e0 l\u2019\u00e9difice du renouveau \u00e9conomique de l\u2019\u00eele.\u00a0\u00bb<\/em> Porte-parole du groupe Rassemblement des d\u00e9mocrates et progressistes, Marie-Laure Phinera-Horth, est formelle\u00a0: <em>\u00ab\u00a0C\u2019est un projet attendu, consensuel et b\u00e9n\u00e9fique.\u00a0\u00bb<\/em><\/p>\n\n\n\n<p>Les deux s\u00e9nateurs corses, Jean-Jacques Panunzi, apparent\u00e9 LR, et Paul Parigi, autonomiste membre du groupe Union centriste, se sont rejoints. Pour le premier, la gestion publique des ports et des a\u00e9roports est un <em>\u00ab\u00a0point cardinal\u00a0\u00bb<\/em>. Comme dans le traditionnel <em>Chjama \u00e8 rispondi<\/em>, le second d\u00e9fend un projet qui, refl\u00e9tant <em>\u00ab\u00a0la maturit\u00e9 des \u00e9lus de la Corse\u00a0\u00bb, <\/em>sera mis en \u0153uvre <em>\u00ab\u00a0dans la transparence et la synergie constructive au service de l\u2019\u00e9conomie.\u00a0\u00bb<\/em> <\/p>\n\n\n\n<p>Seule, la s\u00e9natrice communiste Marie-Claude Varaillas a motiv\u00e9 son abstention par le choix du mod\u00e8le juridique qu\u2019elle estime <em>\u00ab\u00a0vuln\u00e9rable\u00a0\u00bb<\/em>.<\/p>\n\n\n\n<p>Au final, pas un seul suffrage contre. Un soulagement pour Gilles Simeoni, Nanette Maupertuis et Jean Dominici qui s\u2019\u00e9taient d\u00e9plac\u00e9s pour l\u2019occasion.<\/p>\n\n\n\n<p>Cap d\u00e9sormais sur le Palais Bourbon\u2026<\/p>\n\n\n\n<div style=\"height:55px\" aria-hidden=\"true\" class=\"wp-block-spacer\"><\/div>\n\n\n\n<div class=\"wp-block-media-text is-stacked-on-mobile\"><figure class=\"wp-block-media-text__media\"><img fetchpriority=\"high\" decoding=\"async\" width=\"1024\" height=\"768\" src=\"https:\/\/www.cci.corsica\/wp-content\/uploads\/2025\/06\/fb-1024x768.png\" alt=\"\" class=\"wp-image-7940 size-full\" srcset=\"https:\/\/www.cci.corsica\/wp-content\/uploads\/2025\/06\/fb-1024x768.png 1024w, https:\/\/www.cci.corsica\/wp-content\/uploads\/2025\/06\/fb-300x225.png 300w, https:\/\/www.cci.corsica\/wp-content\/uploads\/2025\/06\/fb-768x576.png 768w, https:\/\/www.cci.corsica\/wp-content\/uploads\/2025\/06\/fb-16x12.png 16w, https:\/\/www.cci.corsica\/wp-content\/uploads\/2025\/06\/fb.png 1067w\" sizes=\"(max-width: 1024px) 100vw, 1024px\" \/><\/figure><div class=\"wp-block-media-text__content\">\n<p>Article paru dans\u00a0<a href=\"https:\/\/www.calameo.com\/read\/006340018964beff2af59\" target=\"_blank\" rel=\"noreferrer noopener\"><strong>La Lettre N\u00b0 55<\/strong><\/a><\/p>\n<\/div><\/div>\n\n\n\n<p><\/p>","protected":false},"excerpt":{"rendered":"<p>Pas une seule voix s\u00e9natoriale ne s\u2019est \u00e9lev\u00e9e lundi dernier en s\u00e9ance publique contre le projet de loi sur le rapprochement de la chambre vers la Collectivit\u00e9 de Corse. Place maintenant \u00e0 l\u2019Assembl\u00e9e nationale<\/p>","protected":false},"author":6,"featured_media":7939,"comment_status":"closed","ping_status":"closed","sticky":false,"template":"","format":"standard","meta":{"_acf_changed":false,"_seopress_robots_primary_cat":"none","_seopress_titles_title":"","_seopress_titles_desc":"","_seopress_robots_index":"","footnotes":""},"categories":[25],"tags":[34],"class_list":["post-7945","post","type-post","status-publish","format-standard","has-post-thumbnail","hentry","category-actualite","tag-institution"],"acf":[],"_links":{"self":[{"href":"https:\/\/www.cci.corsica\/co\/wp-json\/wp\/v2\/posts\/7945","targetHints":{"allow":["GET"]}}],"collection":[{"href":"https:\/\/www.cci.corsica\/co\/wp-json\/wp\/v2\/posts"}],"about":[{"href":"https:\/\/www.cci.corsica\/co\/wp-json\/wp\/v2\/types\/post"}],"author":[{"embeddable":true,"href":"https:\/\/www.cci.corsica\/co\/wp-json\/wp\/v2\/users\/6"}],"replies":[{"embeddable":true,"href":"https:\/\/www.cci.corsica\/co\/wp-json\/wp\/v2\/comments?post=7945"}],"version-history":[{"count":1,"href":"https:\/\/www.cci.corsica\/co\/wp-json\/wp\/v2\/posts\/7945\/revisions"}],"predecessor-version":[{"id":7948,"href":"https:\/\/www.cci.corsica\/co\/wp-json\/wp\/v2\/posts\/7945\/revisions\/7948"}],"wp:featuredmedia":[{"embeddable":true,"href":"https:\/\/www.cci.corsica\/co\/wp-json\/wp\/v2\/media\/7939"}],"wp:attachment":[{"href":"https:\/\/www.cci.corsica\/co\/wp-json\/wp\/v2\/media?parent=7945"}],"wp:term":[{"taxonomy":"category","embeddable":true,"href":"https:\/\/www.cci.corsica\/co\/wp-json\/wp\/v2\/categories?post=7945"},{"taxonomy":"post_tag","embeddable":true,"href":"https:\/\/www.cci.corsica\/co\/wp-json\/wp\/v2\/tags?post=7945"}],"curies":[{"name":"wp","href":"https:\/\/api.w.org\/{rel}","templated":true}]}}