{"id":7950,"date":"2025-06-13T11:14:10","date_gmt":"2025-06-13T09:14:10","guid":{"rendered":"https:\/\/www.cci.corsica\/?p=7950"},"modified":"2025-06-20T16:38:35","modified_gmt":"2025-06-20T14:38:35","slug":"la-lettre-i-une-chambre-forte","status":"publish","type":"post","link":"https:\/\/www.cci.corsica\/co\/la-lettre-i-une-chambre-forte\/","title":{"rendered":"La Lettre I Une chambre forte\u00a0!"},"content":{"rendered":"<p><em><strong>\u00ab\u00a0La CCI renvoie une image positive, dynamique et pleine d\u2019esp\u00e9rance pour la Corse.\u00a0\u00bb<\/strong><\/em><\/p>\n\n\n\n<p>J\u00e9r\u00f4me Filippini, pr\u00e9fet de Corse, assembl\u00e9e g\u00e9n\u00e9rale du 27 mai<\/p>\n\n\n\n<div style=\"height:34px\" aria-hidden=\"true\" class=\"wp-block-spacer\"><\/div>\n\n\n\n<hr class=\"wp-block-separator has-alpha-channel-opacity\" \/>\n\n\n\n<div style=\"height:38px\" aria-hidden=\"true\" class=\"wp-block-spacer\"><\/div>\n\n\n\n<p><strong>&#8211; Assembl\u00e9e g\u00e9n\u00e9rale &#8211;<\/strong><\/p>\n\n\n\n<p>Le sentiment in\u00e9branlable du devoir accompli et une confiance tangible en l\u2019avenir. En cette ann\u00e9e-charni\u00e8re qui va, selon toute vraisemblance, d\u00e9boucher sur le rapprochement de la CCI de Corse vers la Collectivit\u00e9 de Corse par voie l\u00e9gislative, c\u2019est la double empreinte de l\u2019assembl\u00e9e g\u00e9n\u00e9rale. <\/p>\n\n\n\n<p>Tous les rapports ont \u00e9t\u00e9 adopt\u00e9s \u00e0 l\u2019unanimit\u00e9. Le bilan \u00e9valu\u00e9, chiffr\u00e9 et argument\u00e9 est le meilleur rempart, selon le pr\u00e9sident Jean Dominici, aux assauts des rumeurs frelat\u00e9es et des man\u0153uvres malveillantes instill\u00e9es pour d\u00e9cr\u00e9dibiliser l\u2019institution. <\/p>\n\n\n\n<p>Or celle-ci, malgr\u00e9 les crises et une conjoncture difficile, ne s\u2019est jamais aussi bien port\u00e9e. Un constat objectif port\u00e9 en place publique avec humilit\u00e9. <em>\u00ab&nbsp;Tous nos indicateurs sont au vert, des records ont \u00e9t\u00e9 atteints et m\u00eame largement d\u00e9pass\u00e9s sur les valeurs les plus repr\u00e9sentatives comme la capacit\u00e9 d\u2019autofinancement.&nbsp;\u00bb <\/em><\/p>\n\n\n\n<p>Pas question pour autant de noyer le bilan sous les lauriers. La rigueur de la gestion, l\u2019esprit d\u2019initiative et le travail des \u00e9quipes, la coh\u00e9sion des ressortissants qui se manifeste notamment \u00e0 travers du Collectif des organisations professionnelles ne sont pas \u00e9trangers aux excellents r\u00e9sultats.<\/p>\n\n\n\n<div style=\"height:36px\" aria-hidden=\"true\" class=\"wp-block-spacer\"><\/div>\n\n\n\n<h3 class=\"wp-block-heading\"><strong>Ne pas s\u2019endormir sur ses lauriers\u2026<\/strong><\/h3>\n\n\n\n<p>Des ressources suffisantes pour consolider l\u2019institution et une large marge de man\u0153uvre pour investir. De quoi poser sa pierre \u00e0 l\u2019\u00e9difice de l\u2019\u00c9cole h\u00f4teli\u00e8re avec le soutien \u00f4 combien pr\u00e9cieux de l\u2019\u00c9tat, de la Collectivit\u00e9 de Corse et du Pays ajaccien&nbsp;! <\/p>\n\n\n\n<p>Quant au plan quinquennal d\u2019investissement, le potentiel est de 364 M\u20ac soumis \u00e0 l\u2019arbitrage du Conseil ex\u00e9cutif de Corse. En revanche, des efforts sont \u00e0 consentir dans trois directions&nbsp;: la formation qui jouit, pour ce faire, d\u2019une fondation solide avec la plateforme Ampar\u00e0 M\u00e9diterran\u00e9e cr\u00e9\u00e9e avec la Chambre r\u00e9gionale de M\u00e9tiers et de l\u2019Artisanat, le Palais des Congr\u00e8s dont les travaux de r\u00e9novation sont programm\u00e9s pour le rendre plus attrayant \u00e0 l\u2019\u00e9v\u00e8nementiel et donc plus rentable, et le soutien aux entreprises et aux territoires en surmontant le traitement in\u00e9quitable de la CCI de Corse par le r\u00e9seau consulaire national, comme l\u2019a rappel\u00e9 le pr\u00e9sident Dominici qui n\u2019a pas \u00e9lud\u00e9 la question du prix du transport a\u00e9rien parfois exorbitant&nbsp;: d\u2019abord, parce que c\u2019est un frein \u00e0 la destination&nbsp;; ensuite parce que la CCI de Corse est montr\u00e9e injustement du doigt&nbsp;: la part de la redevance par passager qu\u2019elle per\u00e7oit pour la gestion et la modernisation des a\u00e9roports, est inf\u00e9rieure \u00e0 1 %&nbsp;!<\/p>\n\n\n\n<p>Le coup de main pour acc\u00e9l\u00e9rer la r\u00e9forme institutionnelle, l\u2019apport substantiel en faveur de l\u2019\u00c9cole h\u00f4teli\u00e8re (1,3 M\u20ac dont la moiti\u00e9 au titre inesp\u00e9r\u00e9 du Fonds vert), la cr\u00e9ation d\u2019une <em>\u00ab&nbsp;cellule \u00e9conomique&nbsp;\u00bb<\/em> pour aider les chefs d\u2019entreprises \u00e0 surmonter leurs difficult\u00e9s et \u00e0 relever les d\u00e9fis, la mobilisation de cr\u00e9dits et d\u2019ing\u00e9nierie pour les impliquer dans les appels \u00e0 projets estampill\u00e9s \u00ab&nbsp;France 2030&nbsp;\u00bb&nbsp;: J\u00e9r\u00f4me Filippini, le pr\u00e9fet de Corse, a \u00e9t\u00e9 un partenaire attentif et efficace. Il explique son implication \u00e0 nos c\u00f4t\u00e9s par ces mots&nbsp;: <em>\u00ab&nbsp;La CCI renvoie une image positive, dynamique et pleine d\u2019esp\u00e9rance pour la Corse.&nbsp;\u00bb<\/em> Ce seront les mots de la fin\u2026<\/p>\n\n\n\n<div style=\"height:39px\" aria-hidden=\"true\" class=\"wp-block-spacer\"><\/div>\n\n\n\n<hr class=\"wp-block-separator has-alpha-channel-opacity\" \/>\n\n\n\n<div style=\"height:29px\" aria-hidden=\"true\" class=\"wp-block-spacer\"><\/div>\n\n\n\n<h3 class=\"wp-block-heading\"><strong>Le barom\u00e8tre d\u2019une gestion efficace<\/strong><\/h3>\n\n\n\n<p><strong>91,4 M\u20ac<\/strong> : le montant des capitaux propres de l\u2019institution au 31 d\u00e9cembre 2024<\/p>\n\n\n\n<p><strong>102,8 M\u20ac<\/strong> : le chiffre d\u2019affaires pour l\u2019exercice \u00e9coul\u00e9<\/p>\n\n\n\n<p><strong>55, 2 M\u20ac<\/strong> : le montant de la tr\u00e9sorerie disponible<\/p>\n\n\n\n<p><strong>15, 5 M\u20ac<\/strong> : la capacit\u00e9 annuelle d\u2019autofinancement, une progression de 400 % en 4 ans<\/p>\n\n\n\n<p><strong>85,2 M\u20ac<\/strong> : le montant global de l\u2019investissement en 5 ans<\/p>\n\n\n\n<p><strong>364 M\u20ac<\/strong><em> <\/em>: le montant du PPI, le Plan pluriannuel d\u2019investissement sur 5 ans qui attend validation en tout ou partie de la Collectivit\u00e9 de Corse<\/p>\n\n\n\n<div style=\"height:36px\" aria-hidden=\"true\" class=\"wp-block-spacer\"><\/div>\n\n\n\n<hr class=\"wp-block-separator has-alpha-channel-opacity\" \/>\n\n\n\n<div style=\"height:32px\" aria-hidden=\"true\" class=\"wp-block-spacer\"><\/div>\n\n\n\n<h3 class=\"wp-block-heading\"><strong>\u00c9radiquer la gangr\u00e8ne de la violence<\/strong><\/h3>\n\n\n\n<p>Les espoirs que laissent augurer la saine situation financi\u00e8re de la chambre, l\u2019ambition de ses projets et la promesse de conserver la gestion publique des ports et des a\u00e9roports, ne d\u00e9lestent pas le climat de confiance ambiant de la chape de plomb que constitue la vague de violence \u2013 incendies et attentats \u2013 qui frappe indiff\u00e9remment les chefs d\u2019entreprises, les artisans, les commer\u00e7ants, les agriculteurs. \u00c0 maintes reprises, le pr\u00e9sident Jean Dominici ne s\u2019est pas born\u00e9 \u00e0 des communiqu\u00e9s de soutien aux victimes. Il en appelle chaque fois aux pouvoirs r\u00e9galiens de l\u2019\u00c9tat et \u00e0 une mobilisation collective des Corses. <em>\u00ab&nbsp;Il n\u2019y a aucune fatalit\u00e9 \u00e0 rester captif de ce tourbillon mortif\u00e8re face auquel il faut une vigoureuse r\u00e9action collective de rejet de ces pratiques inacceptables et une action d\u00e9termin\u00e9e des pouvoirs publics pour y mettre un terme.&nbsp;\u00bb<\/em><\/p>\n\n\n\n<div style=\"height:45px\" aria-hidden=\"true\" class=\"wp-block-spacer\"><\/div>\n\n\n\n<div class=\"wp-block-media-text is-stacked-on-mobile\"><figure class=\"wp-block-media-text__media\"><img fetchpriority=\"high\" decoding=\"async\" width=\"1024\" height=\"768\" src=\"https:\/\/www.cci.corsica\/wp-content\/uploads\/2025\/06\/fb-1024x768.png\" alt=\"\" class=\"wp-image-7940 size-full\" srcset=\"https:\/\/www.cci.corsica\/wp-content\/uploads\/2025\/06\/fb-1024x768.png 1024w, https:\/\/www.cci.corsica\/wp-content\/uploads\/2025\/06\/fb-300x225.png 300w, https:\/\/www.cci.corsica\/wp-content\/uploads\/2025\/06\/fb-768x576.png 768w, https:\/\/www.cci.corsica\/wp-content\/uploads\/2025\/06\/fb-16x12.png 16w, https:\/\/www.cci.corsica\/wp-content\/uploads\/2025\/06\/fb.png 1067w\" sizes=\"(max-width: 1024px) 100vw, 1024px\" \/><\/figure><div class=\"wp-block-media-text__content\">\n<p>Article paru dans&nbsp;<a href=\"https:\/\/www.calameo.com\/read\/006340018964beff2af59\" target=\"_blank\" rel=\"noreferrer noopener\"><strong>La Lettre N\u00b0 55<\/strong><\/a><\/p>\n<\/div><\/div>","protected":false},"excerpt":{"rendered":"<p>La solidit\u00e9 du bilan, la robustesse des r\u00e9sultats et le potentiel d\u2019investissement permettent d\u2019envisager la r\u00e9forme institutionnelle avec s\u00e9r\u00e9nit\u00e9 et confiance<\/p>","protected":false},"author":6,"featured_media":7953,"comment_status":"closed","ping_status":"closed","sticky":false,"template":"","format":"standard","meta":{"_acf_changed":false,"_seopress_robots_primary_cat":"none","_seopress_titles_title":"","_seopress_titles_desc":"","_seopress_robots_index":"","footnotes":""},"categories":[18],"tags":[58,34],"class_list":["post-7950","post","type-post","status-publish","format-standard","has-post-thumbnail","hentry","category-a-la-une","tag-economie","tag-institution"],"acf":[],"_links":{"self":[{"href":"https:\/\/www.cci.corsica\/co\/wp-json\/wp\/v2\/posts\/7950","targetHints":{"allow":["GET"]}}],"collection":[{"href":"https:\/\/www.cci.corsica\/co\/wp-json\/wp\/v2\/posts"}],"about":[{"href":"https:\/\/www.cci.corsica\/co\/wp-json\/wp\/v2\/types\/post"}],"author":[{"embeddable":true,"href":"https:\/\/www.cci.corsica\/co\/wp-json\/wp\/v2\/users\/6"}],"replies":[{"embeddable":true,"href":"https:\/\/www.cci.corsica\/co\/wp-json\/wp\/v2\/comments?post=7950"}],"version-history":[{"count":2,"href":"https:\/\/www.cci.corsica\/co\/wp-json\/wp\/v2\/posts\/7950\/revisions"}],"predecessor-version":[{"id":7955,"href":"https:\/\/www.cci.corsica\/co\/wp-json\/wp\/v2\/posts\/7950\/revisions\/7955"}],"wp:featuredmedia":[{"embeddable":true,"href":"https:\/\/www.cci.corsica\/co\/wp-json\/wp\/v2\/media\/7953"}],"wp:attachment":[{"href":"https:\/\/www.cci.corsica\/co\/wp-json\/wp\/v2\/media?parent=7950"}],"wp:term":[{"taxonomy":"category","embeddable":true,"href":"https:\/\/www.cci.corsica\/co\/wp-json\/wp\/v2\/categories?post=7950"},{"taxonomy":"post_tag","embeddable":true,"href":"https:\/\/www.cci.corsica\/co\/wp-json\/wp\/v2\/tags?post=7950"}],"curies":[{"name":"wp","href":"https:\/\/api.w.org\/{rel}","templated":true}]}}