{"id":7956,"date":"2025-06-16T11:24:34","date_gmt":"2025-06-16T09:24:34","guid":{"rendered":"https:\/\/www.cci.corsica\/?p=7956"},"modified":"2025-06-20T16:38:42","modified_gmt":"2025-06-20T14:38:42","slug":"la-lettre-i-un-jour-heureux","status":"publish","type":"post","link":"https:\/\/www.cci.corsica\/co\/la-lettre-i-un-jour-heureux\/","title":{"rendered":"La Lettre I \u00ab\u00a0Un jour heureux\u00a0\u00bb"},"content":{"rendered":"<p><em><strong>\u00ab&nbsp;\u00c0 la CCI de Corse, la solidarit\u00e9 n\u2019est pas un concept, c\u2019est une pratique&nbsp;\u00bb<\/strong><\/em><\/p>\n\n\n\n<p>Jean Dominici, discours d\u2019inauguration<\/p>\n\n\n\n<div style=\"height:32px\" aria-hidden=\"true\" class=\"wp-block-spacer\"><\/div>\n\n\n\n<hr class=\"wp-block-separator has-alpha-channel-opacity\" \/>\n\n\n\n<p><\/p>\n\n\n\n<p>La plus terrible des maladies est l\u2019indiff\u00e9rence. En Corse, gr\u00e2ce \u00e0 l\u2019association <em>Inseme<\/em>, elle n\u2019est pas incurable. Et ce n\u2019est pas non plus le sentiment qui anime la CCI de Corse. La preuve. L\u2019association a sollicit\u00e9 par courrier en date du 8 septembre sa collaboration pour am\u00e9liorer la prise en charge des patients dans les ports et les a\u00e9roports de Corse. <\/p>\n\n\n\n<p>\u00c0 peine trois jours plus tard, le pr\u00e9sident Jean Dominici r\u00e9pondait favorablement \u00e0 ce projet de partenariat renforc\u00e9. Les valeurs, l\u2019\u00e9tat d\u2019esprit et la philosophie affich\u00e9s par notre institution ont hiss\u00e9 au rang d\u2019enjeu primordial la qualit\u00e9 de l\u2019accueil et de la prise en charge des patients et de leurs proches dans les installations que lui confie la Collectivit\u00e9 de Corse. <\/p>\n\n\n\n<p>Elle suit depuis des ann\u00e9es avec admiration les initiatives d\u2019<em>Inseme <\/em>couronn\u00e9es de succ\u00e8s. Aussi, la cr\u00e9ation de salles d\u2019attente con\u00e7ues comme des espaces chaleureux avant le d\u00e9part pour un rendez-vous m\u00e9dical ou une hospitalisation \u00e9tait plac\u00e9e au sommet de la pile\u2026<\/p>\n\n\n\n<div style=\"height:36px\" aria-hidden=\"true\" class=\"wp-block-spacer\"><\/div>\n\n\n\n<h3 class=\"wp-block-heading\"><strong>Prot\u00e9ger les passagers m\u00e9dicaux<\/strong><\/h3>\n\n\n\n<p>Apr\u00e8s avoir convaincu l\u2019exploitant de Paris-Orly et Air Corsica pour Marseille-Provence et Nice- C\u00f4te d\u2019Azur, l\u2019association a b\u00e9n\u00e9fici\u00e9 de la r\u00e9activit\u00e9 imm\u00e9diate de la CCI de Corse tr\u00e8s sensible au fait de doter chaque a\u00e9roport de l\u2019\u00eele d\u2019une salle de repos \u00e0 l\u2019\u00e9cart du bruit et de l\u2019effervescence des flux de passagers, surtout en p\u00e9riodes de pointe quand les salles d\u2019embarquement sont pleines et les places assises rares. <\/p>\n\n\n\n<p>D\u2019autre part, une panne m\u00e9canique, une mauvaise m\u00e9t\u00e9o ou un mouvement de gr\u00e8ve peuvent retarder les vols de plusieurs heures rendant indispensable la qualit\u00e9 d\u2019accueil des passagers m\u00e9dicaux. En plus de la confrontation \u00e0 la maladie et des difficult\u00e9s logistiques et financi\u00e8res, les d\u00e9placements m\u00e9dicaux produisent une charge \u00e9motionnelle et physique importante. <\/p>\n\n\n\n<p>Une source de stress suppl\u00e9mentaire augmente la fragilit\u00e9 de patients d\u00e9j\u00e0 vuln\u00e9rables. Un douloureux constat pour lequel <em>Inseme<\/em> a sensibilis\u00e9 l\u2019opinion et les pouvoirs publics sur la n\u00e9cessit\u00e9 de proposer aux patients qui voyagent pour des soins parfois tr\u00e8s lourds un environnement s\u00e9curis\u00e9 et apaisant, avant et apr\u00e8s les consultations ou les op\u00e9rations.<\/p>\n\n\n\n<div style=\"height:31px\" aria-hidden=\"true\" class=\"wp-block-spacer\"><\/div>\n\n\n\n<h3 class=\"wp-block-heading\"><strong>\u00c0 Ajaccio, une bulle de s\u00e9r\u00e9nit\u00e9<\/strong> <\/h3>\n\n\n\n<p>Le premier <em>Spaziu Inseme<\/em> a \u00e9t\u00e9 inaugur\u00e9 le 27 mai \u00e0 l\u2019a\u00e9roport Napol\u00e9on-Bonaparte d\u2019Ajaccio en pr\u00e9sence de nombreuses personnalit\u00e9s. Emp\u00each\u00e9e pour des raisons de sant\u00e9, la pr\u00e9sidente d<em>\u2019Inseme<\/em>, Laetitia Cucchi-Genovesi \u00e9tait repr\u00e9sent\u00e9e par la vice-pr\u00e9sidente Christine Berenguer, la directrice Nathalie Lanfranchi et la secr\u00e9taire Marie-France M\u00e9durio. <\/p>\n\n\n\n<p>Pour autant, Jean Dominici a tenu \u00e0 saluer son action&nbsp;: <em>\u00ab&nbsp;Vous portez depuis quinze ans avec c\u0153ur et intelligence une cause noble et n\u00e9cessaire. Ce <\/em>Spaziu <em>est une belle victoire, la v\u00f4tre et celle de toutes les familles corses que vous accompagnez avec tant de d\u00e9vouement\u2026&nbsp;\u00bb <\/em><\/p>\n\n\n\n<p>Le pr\u00e9sident a aussi f\u00e9licit\u00e9 la direction de l\u2019a\u00e9roport et l\u2019ensemble des \u00e9quipes qui, avec promptitude et professionnalisme, ont am\u00e9nag\u00e9 avec go\u00fbt et amour ce <em>Spaziu<\/em> cosy situ\u00e9 au premier \u00e9tage du terminal, accessible par l\u2019escalier ou par ascenseur. <\/p>\n\n\n\n<p>Sa superficie (50 m2) permet de r\u00e9server un endroit ludique pour les enfants avec livres et jouets. Il b\u00e9n\u00e9ficie d\u2019un mobilier confortable pour le repos ainsi que d\u2019un espace repas. L\u2019isolation phonique et la lumi\u00e8re tamis\u00e9e confortent la sensation de bien-\u00eatre. <\/p>\n\n\n\n<p>La CCI de Corse souhaite aller encore plus loin pour faciliter le parcours des passagers m\u00e9dicaux en instaurant un acc\u00e8s prioritaire aux comptoirs d\u2019enregistrement ainsi qu\u2019aux contr\u00f4les de s\u00e9curit\u00e9. Pour un accompagnement aux petits soins\u2026<\/p>\n\n\n\n<div style=\"height:36px\" aria-hidden=\"true\" class=\"wp-block-spacer\"><\/div>\n\n\n\n<hr class=\"wp-block-separator has-alpha-channel-opacity\" \/>\n\n\n\n<div style=\"height:37px\" aria-hidden=\"true\" class=\"wp-block-spacer\"><\/div>\n\n\n\n<h3 class=\"wp-block-heading\"><strong>Tous les a\u00e9roports mobilis\u00e9s&nbsp;!<\/strong><\/h3>\n\n\n\n<p>La CCI de Corse cr\u00e9era des espaces d\u00e9di\u00e9s aux passagers m\u00e9dicaux dans tous ses a\u00e9roports. Leur direction respective a pris attache avec l\u2019association <em>Inseme<\/em> afin de d\u00e9finir avec pr\u00e9cision ses besoins et lui soumettre la meilleure solution possible, f\u00fbt-elle provisoire dans l\u2019attente des travaux futurs. <\/p>\n\n\n\n<p>Ainsi, \u00e0 Bastia-Poretta, le <em>Spaziu<\/em> est en voie de finalisation. \u00c0 Calvi-Sainte-Catherine, le choix de l\u2019emplacement est fait et les am\u00e9nagements en passe d\u2019\u00eatre programm\u00e9s. Enfin, Figari planche actuellement sur la localisation.<\/p>\n\n\n\n<p>La chambre envisage \u00e0 moyen terme d\u2019en faire autant dans les ports de l\u2019\u00eele pour les passagers m\u00e9dicaux qui choisissent de rejoindre le Continent par la mer.<\/p>\n\n\n\n<div style=\"height:58px\" aria-hidden=\"true\" class=\"wp-block-spacer\"><\/div>\n\n\n\n<div class=\"wp-block-media-text is-stacked-on-mobile\"><figure class=\"wp-block-media-text__media\"><img fetchpriority=\"high\" decoding=\"async\" width=\"1024\" height=\"768\" src=\"https:\/\/www.cci.corsica\/wp-content\/uploads\/2025\/06\/fb-1024x768.png\" alt=\"\" class=\"wp-image-7940 size-full\" srcset=\"https:\/\/www.cci.corsica\/wp-content\/uploads\/2025\/06\/fb-1024x768.png 1024w, https:\/\/www.cci.corsica\/wp-content\/uploads\/2025\/06\/fb-300x225.png 300w, https:\/\/www.cci.corsica\/wp-content\/uploads\/2025\/06\/fb-768x576.png 768w, https:\/\/www.cci.corsica\/wp-content\/uploads\/2025\/06\/fb-16x12.png 16w, https:\/\/www.cci.corsica\/wp-content\/uploads\/2025\/06\/fb.png 1067w\" sizes=\"(max-width: 1024px) 100vw, 1024px\" \/><\/figure><div class=\"wp-block-media-text__content\">\n<p>Article paru dans&nbsp;<a href=\"https:\/\/www.calameo.com\/read\/006340018964beff2af59\" target=\"_blank\" rel=\"noreferrer noopener\"><strong>La Lettre N\u00b0 55<\/strong><\/a><\/p>\n<\/div><\/div>","protected":false},"excerpt":{"rendered":"<p>Ce sont les mots du pr\u00e9sident Jean Dominici au moment o\u00f9 le premier \u00ab Spaziu Inseme \u00bb a \u00e9t\u00e9 inaugur\u00e9 \u00e0 l\u2019a\u00e9roport d\u2019Ajaccio. Les \u00e9quipes de la CCI l\u2019ont am\u00e9nag\u00e9 avec beaucoup de go\u00fbt et de sensibilit\u00e9\u2026<\/p>","protected":false},"author":6,"featured_media":7959,"comment_status":"closed","ping_status":"closed","sticky":false,"template":"","format":"standard","meta":{"_acf_changed":false,"_seopress_robots_primary_cat":"none","_seopress_titles_title":"","_seopress_titles_desc":"","_seopress_robots_index":"","footnotes":""},"categories":[25],"tags":[38,28],"class_list":["post-7956","post","type-post","status-publish","format-standard","has-post-thumbnail","hentry","category-actualite","tag-aerien","tag-transports"],"acf":[],"_links":{"self":[{"href":"https:\/\/www.cci.corsica\/co\/wp-json\/wp\/v2\/posts\/7956","targetHints":{"allow":["GET"]}}],"collection":[{"href":"https:\/\/www.cci.corsica\/co\/wp-json\/wp\/v2\/posts"}],"about":[{"href":"https:\/\/www.cci.corsica\/co\/wp-json\/wp\/v2\/types\/post"}],"author":[{"embeddable":true,"href":"https:\/\/www.cci.corsica\/co\/wp-json\/wp\/v2\/users\/6"}],"replies":[{"embeddable":true,"href":"https:\/\/www.cci.corsica\/co\/wp-json\/wp\/v2\/comments?post=7956"}],"version-history":[{"count":3,"href":"https:\/\/www.cci.corsica\/co\/wp-json\/wp\/v2\/posts\/7956\/revisions"}],"predecessor-version":[{"id":7970,"href":"https:\/\/www.cci.corsica\/co\/wp-json\/wp\/v2\/posts\/7956\/revisions\/7970"}],"wp:featuredmedia":[{"embeddable":true,"href":"https:\/\/www.cci.corsica\/co\/wp-json\/wp\/v2\/media\/7959"}],"wp:attachment":[{"href":"https:\/\/www.cci.corsica\/co\/wp-json\/wp\/v2\/media?parent=7956"}],"wp:term":[{"taxonomy":"category","embeddable":true,"href":"https:\/\/www.cci.corsica\/co\/wp-json\/wp\/v2\/categories?post=7956"},{"taxonomy":"post_tag","embeddable":true,"href":"https:\/\/www.cci.corsica\/co\/wp-json\/wp\/v2\/tags?post=7956"}],"curies":[{"name":"wp","href":"https:\/\/api.w.org\/{rel}","templated":true}]}}