{"id":7962,"date":"2025-06-17T11:36:23","date_gmt":"2025-06-17T09:36:23","guid":{"rendered":"https:\/\/www.cci.corsica\/?p=7962"},"modified":"2025-06-20T16:38:48","modified_gmt":"2025-06-20T14:38:48","slug":"la-lettre-i-le-partenariat","status":"publish","type":"post","link":"https:\/\/www.cci.corsica\/co\/la-lettre-i-le-partenariat\/","title":{"rendered":"La Lettre I \u00ab\u00a0Le partenariat avec la CCI nous fait chaud au c\u0153ur\u00a0\u00bb"},"content":{"rendered":"<p><strong>L&rsquo;entretien<\/strong><\/p>\n\n\n\n<div style=\"height:37px\" aria-hidden=\"true\" class=\"wp-block-spacer\"><\/div>\n\n\n\n<p>&#8211; <strong>L\u2019Agence r\u00e9gionale de Sant\u00e9 recense chaque ann\u00e9e 28 000 d\u00e9placements entre la Corse et le Continent pour des raisons m\u00e9dicales. Quelle est la part qui fait appel \u00e0 l\u2019association&nbsp;?<\/strong><\/p>\n\n\n\n<p>Nous aidons environ 1 500 familles par an, ce qui est d\u00e9j\u00e0 beaucoup \u00e0 notre \u00e9chelle. Mais trop de gens encore m\u00e9connaissent notre association et les actions concr\u00e8tes qu\u2019elle peut mener \u00e0 leurs c\u00f4t\u00e9s pour les soulager.<\/p>\n\n\n\n<p>&#8211; <strong>Quelle forme peut prendre cette assistance aupr\u00e8s des familles&nbsp;?<\/strong><\/p>\n\n\n\n<p>La premi\u00e8re de nos missions est d\u2019informer les Corses sur les d\u00e9marches \u00e0 accomplir pour obtenir la prise en charge du titre de transport. Il existe tout un panel de proc\u00e9dures administratives \u00e0 satisfaire pour lequel nous informons le public mais aussi les professionnels de sant\u00e9, les m\u00e9decins qui font la prescription, les pharmaciens, kin\u00e9s, mutuelles, etc. La deuxi\u00e8me est une mission de solidarit\u00e9 qui nous conduit \u00e0 collecter des fonds pour aider les familles \u00e0 faire face aux surco\u00fbts que g\u00e9n\u00e8rent ces d\u00e9placements, en l\u2019occurrence les billets des accompagnateurs qui ne sont pas rembours\u00e9s par l\u2019Assurance maladie et l\u2019h\u00e9bergement pour lequel nous avons fait \u00e0 ce jour l\u2019acquisition de huit appartements, six \u00e0 Marseille, un \u00e0 Nice et un \u00e0 Paris.<\/p>\n\n\n\n<p>&#8211; <strong>Un enfant malade peut \u00eatre accompagn\u00e9 par ses deux parents&nbsp;?<\/strong><\/p>\n\n\n\n<p>En 2021, nous avons obtenu de haute lutte la prise en charge du second accompagnateur pour un jeune malade de moins de 16 ans, mais le financement de cette mesure n\u2019est pas p\u00e9rennis\u00e9e, contrairement \u00e0 ce qui avait \u00e9t\u00e9 promis. L\u2019association finance le billet du second parent pour les 16\/18 ans comme elle prend en charge le transport des parents seuls lorsque l\u2019enfant, soign\u00e9 pour une maladie grave, reste plusieurs mois sur le Continent.<\/p>\n\n\n\n<p>&#8211; <strong>Paris, Nice et Marseille ont un espace d\u00e9di\u00e9 aux patients corses. Pourquoi le faire dans nos a\u00e9roports ?<\/strong><\/p>\n\n\n\n<p>Le Continent \u00e9tait la priorit\u00e9 car c\u2019est l\u00e0 qu\u2019on attend le plus. Mais en Corse, des circonstances compliqu\u00e9es \u00e9taient \u00e0 prendre en consid\u00e9ration&nbsp;: un vol retard\u00e9, ce sont parfois des heures d\u2019attente et, dans les p\u00e9riodes o\u00f9 les a\u00e9rogares sont bond\u00e9es, il n\u2019y a plus aucun si\u00e8ge de libre pour s\u2019asseoir. Or, les passagers m\u00e9dicaux, fatigu\u00e9s et fragiles, ont besoin d\u2019\u00eatre \u00e0 l\u2019abri du bruit et de la cohue pour patienter jusqu\u2019\u00e0 leur d\u00e9part. D\u2019o\u00f9 la d\u00e9marche aupr\u00e8s de la CCI de Corse.<\/p>\n\n\n\n<p>&#8211; <strong>Comment votre requ\u00eate a-t-elle \u00e9t\u00e9 re\u00e7ue et trait\u00e9e par la CCI de Corse&nbsp;?<\/strong><\/p>\n\n\n\n<p>La r\u00e9ponse a \u00e9t\u00e9 instantan\u00e9e. Ce n\u2019\u00e9tait pas une simple promesse, le \u00ab&nbsp;oui&nbsp;\u00bb imm\u00e9diat du pr\u00e9sident Jean Dominici a \u00e9t\u00e9 aussit\u00f4t suivi d\u2019effet. Nous avons tout de suite eu des rendez-vous sur place avec les directions des a\u00e9roports pour trouver des espaces provisoires dans l\u2019attente des am\u00e9nagements d\u00e9finitifs. Nous nous sommes sentis comme chez nous. Il suffit de voir avec quel amour les \u00e9quipes de la chambre ont am\u00e9nag\u00e9 et d\u00e9cor\u00e9 le <em>Spaziu<\/em> \u00e0 Ajaccio. Pour l\u2019association, ce partenariat crucial fait chaud au c\u0153ur&nbsp;!<\/p>\n\n\n\n<p>&#8211; <strong>L\u2019exp\u00e9rience vous a-t-elle permis de faire des demandes particuli\u00e8res ?<\/strong><\/p>\n\n\n\n<p>Oui, nous avons \u00e9labor\u00e9 un cahier des charges assez pr\u00e9cis. Pour nous, la salle id\u00e9ale est celle qui est proche de l\u2019embarquement juste apr\u00e8s les contr\u00f4les de s\u00e9curit\u00e9, les malades souhaitant se lib\u00e9rer rapidement des formalit\u00e9s pour se poser et attendre. C\u2019est celle aussi qui est assez grande pour r\u00e9server un espace aux plus jeunes. Une fois la porte referm\u00e9e, on ne doit plus se sentir dans un a\u00e9roport mais dans une bulle de tranquillit\u00e9 o\u00f9 l\u2019on peut lire, se restaurer, coucher ou changer un enfant. En cela, Ajaccio est une r\u00e9ussite.<\/p>\n\n\n\n<p>&#8211; <strong>La CCI a d\u00e9cid\u00e9 d\u2019aller plus loin en instaurant une priorit\u00e9 aux comptoirs d\u2019enregistrement et au passage \u00e0 la s\u00e9curit\u00e9. C\u2019est important&nbsp;?<\/strong><\/p>\n\n\n\n<p>Oui, c\u2019est une grande innovation. Cette volont\u00e9 de franchir un nouveau palier pour le bien-\u00eatre de nos passagers qui n\u2019auront plus \u00e0 faire la queue, c\u2019est ce qui me r\u00e9jouit de ce partenariat avec la CCI&nbsp;: on arrive \u00e0 l\u2019a\u00e9roport, on pr\u00e9sente le justificatif de son rendez-vous m\u00e9dical et on dispose d\u2019une carte magn\u00e9tique qui donne la priorit\u00e9 \u00e0 l\u2019enregistrement et aux contr\u00f4les et permet d\u2019acc\u00e9der \u00e0 notre espace. \u00c7a va vraiment changer la vie des familles. Notre objectif ultime est d\u2019obtenir la m\u00eame chose sur le Continent.<\/p>\n\n\n\n<p>&#8211; <strong>Le fait de les confiner, ce n\u2019est pas v\u00e9cu comme une forme d\u2019isolement suppl\u00e9mentaire&nbsp;?<\/strong><\/p>\n\n\n\n<p>Non, ce n\u2019est pas une contrainte mais une option propos\u00e9e \u00e0 celles et ceux qui en ont besoin. Il y a, en effet, des personnes qui n\u2019ont pas envie de faire savoir qu\u2019elles sont malades ou, pour des raisons de moral, ne veulent pas se retrouver avec d\u2019autres malades. Tous les choix sont respectables et respect\u00e9s.<\/p>\n\n\n\n<p>&#8211; <strong>Quelle est la nouvelle croisade que vous menez actuellement&nbsp;?<\/strong><\/p>\n\n\n\n<p>L\u2019achat de huit appartements sur le Continent nous donne le sentiment d\u2019avoir franchi l\u2019Everest. Pourtant, ils sont tous complets. Notre d\u00e9fi en 2025, c\u2019est l\u2019acquisition d\u2019un nouvel appartement \u00e0 Nice o\u00f9 l\u2019on rencontre les plus grandes difficult\u00e9s \u00e0 loger les familles.<\/p>\n\n\n\n<p>&#8211; <strong>Il vous faut des fonds. En dehors des institutions, qui vous soutient financi\u00e8rement&nbsp;?<\/strong><\/p>\n\n\n\n<p>Nous avons un budget annuel d\u2019environ 850 000 \u20ac dont un petit tiers d\u2019argent public. Tout le reste provient de la g\u00e9n\u00e9rosit\u00e9 des Corses, soit des particuliers soit des entreprises. Ils forment une cha\u00eene de solidarit\u00e9 exceptionnelle. Nous avons l\u2019argent n\u00e9cessaire pour l\u2019appartement de Nice. L\u2019id\u00e9al, pour r\u00e9pondre \u00e0 la demande, serait de le trouver \u00e0 proximit\u00e9 de l\u2019h\u00f4pital p\u00e9diatrique Lenval.<\/p>\n\n\n\n<p>&#8211; <strong>Vous regrettez l\u2019augmentation sensible du tarif r\u00e9sident&nbsp;?<\/strong><\/p>\n\n\n\n<p>Chaque euro de plus pour les familles est un euro de trop. Le combat que nous menons aujourd\u2019hui est contre l\u2019augmentation de la taxe sur les billets d\u2019avion impos\u00e9e par le gouvernement. On a le soutien des parlementaires et de l\u2019Assembl\u00e9e de Corse et on esp\u00e8re qu\u2019ils nous aideront \u00e0 obtenir l\u2019exon\u00e9ration pour les familles qui n\u2019ont pas le choix de voyager pour se faire soigner et subissent ainsi une double peine.<\/p>\n\n\n\n<p>&#8211; <strong>Apr\u00e8s Ajaccio, est-il salutaire qu\u2019un nouveau centre hospitalier voie le jour \u00e0 Bastia&nbsp;?<\/strong> <\/p>\n\n\n\n<p>Renforcer l\u2019offre de soins, faire venir r\u00e9guli\u00e8rement des sp\u00e9cialistes pour consulter et d\u00e9velopper la t\u00e9l\u00e9m\u00e9decine r\u00e9duirait drastiquement les d\u00e9placements. Or les d\u00e9placements les moins \u00e9prouvants et les moins co\u00fbteux sont ceux qu\u2019on n\u2019a pas \u00e0 faire.<\/p>\n\n\n\n<div style=\"height:63px\" aria-hidden=\"true\" class=\"wp-block-spacer\"><\/div>\n\n\n\n<div class=\"wp-block-media-text is-stacked-on-mobile\"><figure class=\"wp-block-media-text__media\"><img fetchpriority=\"high\" decoding=\"async\" width=\"1024\" height=\"768\" src=\"https:\/\/www.cci.corsica\/wp-content\/uploads\/2025\/06\/fb-1024x768.png\" alt=\"\" class=\"wp-image-7940 size-full\" srcset=\"https:\/\/www.cci.corsica\/wp-content\/uploads\/2025\/06\/fb-1024x768.png 1024w, https:\/\/www.cci.corsica\/wp-content\/uploads\/2025\/06\/fb-300x225.png 300w, https:\/\/www.cci.corsica\/wp-content\/uploads\/2025\/06\/fb-768x576.png 768w, https:\/\/www.cci.corsica\/wp-content\/uploads\/2025\/06\/fb-16x12.png 16w, https:\/\/www.cci.corsica\/wp-content\/uploads\/2025\/06\/fb.png 1067w\" sizes=\"(max-width: 1024px) 100vw, 1024px\" \/><\/figure><div class=\"wp-block-media-text__content\">\n<p>Article paru dans&nbsp;<a href=\"https:\/\/www.calameo.com\/read\/006340018964beff2af59\" target=\"_blank\" rel=\"noreferrer noopener\"><strong>La Lettre N\u00b0 55<\/strong><\/a><\/p>\n<\/div><\/div>","protected":false},"excerpt":{"rendered":"<p>Depuis sa cr\u00e9ation en 2009, l\u2019Association Inseme se mobilise pour les familles oblig\u00e9es de se rendre sur le Continent pour raison m\u00e9dicale. La pr\u00e9sidente Laetitia Cucchi-Genovesi nous embarque avec elle dans cette utile et g\u00e9n\u00e9reuse aventure humaine<\/p>","protected":false},"author":6,"featured_media":7965,"comment_status":"closed","ping_status":"closed","sticky":false,"template":"","format":"standard","meta":{"_acf_changed":false,"_seopress_robots_primary_cat":"none","_seopress_titles_title":"","_seopress_titles_desc":"","_seopress_robots_index":"","footnotes":""},"categories":[18],"tags":[38,28],"class_list":["post-7962","post","type-post","status-publish","format-standard","has-post-thumbnail","hentry","category-a-la-une","tag-aerien","tag-transports"],"acf":[],"_links":{"self":[{"href":"https:\/\/www.cci.corsica\/co\/wp-json\/wp\/v2\/posts\/7962","targetHints":{"allow":["GET"]}}],"collection":[{"href":"https:\/\/www.cci.corsica\/co\/wp-json\/wp\/v2\/posts"}],"about":[{"href":"https:\/\/www.cci.corsica\/co\/wp-json\/wp\/v2\/types\/post"}],"author":[{"embeddable":true,"href":"https:\/\/www.cci.corsica\/co\/wp-json\/wp\/v2\/users\/6"}],"replies":[{"embeddable":true,"href":"https:\/\/www.cci.corsica\/co\/wp-json\/wp\/v2\/comments?post=7962"}],"version-history":[{"count":2,"href":"https:\/\/www.cci.corsica\/co\/wp-json\/wp\/v2\/posts\/7962\/revisions"}],"predecessor-version":[{"id":7967,"href":"https:\/\/www.cci.corsica\/co\/wp-json\/wp\/v2\/posts\/7962\/revisions\/7967"}],"wp:featuredmedia":[{"embeddable":true,"href":"https:\/\/www.cci.corsica\/co\/wp-json\/wp\/v2\/media\/7965"}],"wp:attachment":[{"href":"https:\/\/www.cci.corsica\/co\/wp-json\/wp\/v2\/media?parent=7962"}],"wp:term":[{"taxonomy":"category","embeddable":true,"href":"https:\/\/www.cci.corsica\/co\/wp-json\/wp\/v2\/categories?post=7962"},{"taxonomy":"post_tag","embeddable":true,"href":"https:\/\/www.cci.corsica\/co\/wp-json\/wp\/v2\/tags?post=7962"}],"curies":[{"name":"wp","href":"https:\/\/api.w.org\/{rel}","templated":true}]}}