{"id":7971,"date":"2025-06-18T11:41:02","date_gmt":"2025-06-18T09:41:02","guid":{"rendered":"https:\/\/www.cci.corsica\/?p=7971"},"modified":"2025-07-23T10:43:29","modified_gmt":"2025-07-23T08:43:29","slug":"la-lettre-i-le-tourisme-durable","status":"publish","type":"post","link":"https:\/\/www.cci.corsica\/co\/la-lettre-i-le-tourisme-durable\/","title":{"rendered":"La Lettre I Le tourisme durable pose ses valises en Corse"},"content":{"rendered":"<p>&#8211; <strong>Festival Green Orizonte<\/strong> &#8211;<\/p>\n\n\n\n<p>Il y a vingt ans, le tourisme durable \u00e9tait une utopie, aujourd\u2019hui, c\u2019est un id\u00e9al et demain ce sera une n\u00e9cessit\u00e9 absolue. Pour les professionnels de la fili\u00e8re, la pr\u00e9servation de l\u2019environnement, la maitrise des ressources naturelles, l\u2019accueil \u00e0 taille humaine rel\u00e8vent autant de la conscience citoyenne que du besoin de faire vivre un patrimoine, une famille, une \u00e9conomie locale. <\/p>\n\n\n\n<p>La qu\u00eate de labellisation \u00e9cologique qui les anime ob\u00e9it au souci permanent de ne pas \u00eatre \u00e0 la tra\u00eene. La deuxi\u00e8me \u00e9dition du festival <em>Green Orizonte<\/em>, qui s\u2019est d\u00e9roul\u00e9e sur plusieurs jours en Balagne, t\u00e9moigne d\u2019une Corse qui a encore pas mal de chemin \u00e0 faire mais qui ne s\u2019est jamais laiss\u00e9e distancer. <\/p>\n\n\n\n<p>Un \u00e9v\u00e8nement \u00e0 la fois studieux et festif, plac\u00e9 sous l\u2019\u00e9gide de la Collectivit\u00e9 de Corse par le truchement de l\u2019ATC, son Agence de Tourisme, et soutenu par la CCI de Corse. Au-del\u00e0 des conf\u00e9rences \u00e9loquentes, des expertises \u00e9m\u00e9rites et des tables rondes immersives, un pas significatif a \u00e9t\u00e9 franchi en faveur d\u2019un tourisme corse qui \u00e9toffe son offre, d\u00e9ploie ses ailes de saison, am\u00e9liore les conditions d\u2019accueil de tous les publics \u2013 y compris les personnes \u00e0 mobilit\u00e9 r\u00e9duite \u2013 et porte l\u2019ambition de mettre l\u2019intelligence artificielle au service du mode de vie, de la culture et des lieux phares de la destination.<\/p>\n\n\n\n<div style=\"height:37px\" aria-hidden=\"true\" class=\"wp-block-spacer\"><\/div>\n\n\n\n<h3 class=\"wp-block-heading\"><strong>La Corse ap\u00f4tre de l\u2019\u00e9co labellisation<\/strong><\/h3>\n\n\n\n<p>C\u2019est \u00e0 Lumio, <em>au Spaziu Edmond Simeoni<\/em>, que toute une journ\u00e9e a \u00e9t\u00e9 d\u00e9di\u00e9e aux professionnels invit\u00e9s \u00e0 r\u00e9fl\u00e9chir \u00e0 la construction du tourisme du futur qui se conjugue, en r\u00e9alit\u00e9, d\u00e9j\u00e0 au pr\u00e9sent car la crise climatique, le contexte international incandescent et la fulgurance avec laquelle d\u00e9boulent les nouvelles technologies de l\u2019information et de la communication, imposent d\u2019ores et d\u00e9j\u00e0 de se connecter les uns aux autres pour une adaptation collective.<\/p>\n\n\n\n<p>L\u2019id\u00e9e de d\u00e9part \u00e9tait de proposer un rendez-vous autour de l\u2019\u00e9cologie positive et cr\u00e9ative au service d\u2019un tourisme plus durable, plus r\u00e9silient, plus inclusif qui prend soin de la nature et des humains. <em>\u00ab\u00a0Cette deuxi\u00e8me \u00e9dition fraie aussi un chemin \u00e0 l\u2019intelligence artificielle qui vient bouleverser nos vies et nos m\u00e9tiers. Je sais les difficult\u00e9s des professionnels \u00e0 acc\u00e9der \u00e0 des financements pour la r\u00e9novation et la modernisation de leurs h\u00e9bergements\u00a0; les \u00e9lus doivent continuer \u00e0 pers\u00e9v\u00e9rer dans ce sens, mais il ne faut pas refuser d\u2019avancer pour autant. D\u2019ailleurs, je souligne que la Corse figure au premier rang des r\u00e9gions qui recensent le plus grand nombre d\u2019\u00e9tablissements \u00e9colabellis\u00e9s, entrant ainsi de plain-pied dans une d\u00e9marche de tourisme durable. Nous n\u2019avons pas \u00e0 rougir, bien au contraire.\u00a0\u00bb<\/em> <\/p>\n\n\n\n<p>Anne-Marie Piazzoli, t\u00eate pensante de la manifestation, estime indispensable d\u2019\u00e9tirer la saison sur un plus grand nombre de mois. <em>\u00ab\u00a0L\u2019arri\u00e8re-saison est de plus en plus attractive et il y a de belles choses qui se passent en hiver. Ici, le tourisme \u00e0 l\u2019ann\u00e9e peut exister parce qu\u2019on a du contenu, il suffit de le faire conna\u00eetre et de le valoriser\u2026\u00a0\u00bb<\/em><\/p>\n\n\n\n<div style=\"height:30px\" aria-hidden=\"true\" class=\"wp-block-spacer\"><\/div>\n\n\n\n<h3 class=\"wp-block-heading\"><strong>Le sceau \u00e0 venir du tourisme durable<\/strong><\/h3>\n\n\n\n<p>Une autre initiative importante a \u00e9t\u00e9 d\u00e9fendue lors de l\u2019\u00e9v\u00e8nement. L\u2019ATC a officiellement pr\u00e9sent\u00e9 la candidature de la Corse pour l\u2019obtention d\u2019un label universel : <em>Green Destinations<\/em>. La fondation internationale \u00e9ponyme, cr\u00e9\u00e9e en 2014 et bas\u00e9e aux Pays Bas, est accr\u00e9dit\u00e9e pour porter une certification reconnue par le Conseil Mondial du Tourisme Durable, la plus haute instance traitant du tourisme durable au niveau mondial affili\u00e9e \u00e0 l\u2019ONU.<\/p>\n\n\n\n<p>Jean-Louis Moretti, responsable du P\u00f4le D\u00e9veloppement et Ing\u00e9nierie \u00e0 l\u2019ATC, est la cheville ouvri\u00e8re du projet. <em>\u00ab\u00a0Le label n\u2019est pas accord\u00e9 \u00e0 titre individuel mais \u00e0 un territoire. D\u00e9j\u00e0, une soixantaine d\u2019h\u00f4teliers ont obtenu une certification \u00e9cologique et d\u2019autres sont en passe de l\u2019acqu\u00e9rir. Nous sommes \u00e0 leur c\u00f4t\u00e9 de mani\u00e8re \u00e0 ce que la Corse soit la r\u00e9gion comptant le plus d\u2019h\u00e9bergements d\u00e9positaires de l\u2019\u00e9colabel europ\u00e9en.\u00a0\u00bb<\/em> <\/p>\n\n\n\n<p>La multiplication de ces d\u00e9marches priv\u00e9es soutenues par l\u2019UMIH Corsica, pr\u00e9sid\u00e9e par Karina Goffi, la pr\u00e9sidence de notre commission Tourisme, a encourag\u00e9 la Collectivit\u00e9 de Corse \u00e0 plancher sur la labellisation de la destination qui passe par l\u2019adh\u00e9sion \u00e0 84 crit\u00e8res relatifs au triptyque du d\u00e9veloppement durable\u00a0: Environnement, Social, \u00c9conomie. <\/p>\n\n\n\n<p>Le dossier est actuellement en instruction. La Corse est bien plac\u00e9e pour acc\u00e9der \u00e0 l\u2019un des m\u00e9taux rares de la labellisation : le bronze, l\u2019argent, l\u2019or et le platine. <em>\u00ab\u00a0Nous aurons une r\u00e9ponse \u00e0 l\u2019automne. Le bronze ou l\u2019argent serait une excellente nouvelle car \u00e7a nous inciterait \u00e0 travailler sur nos marges de progression\u00a0\u00bb<\/em> argumente encore Jean-Louis Moretti.<\/p>\n\n\n\n<p><em>Green Destinations <\/em>est intrins\u00e8quement une plus-value pour le tourisme corse et une boussole pour les pays auxquels la CCI de Corse ouvre ses bras a\u00e9riens.<\/p>\n\n\n\n<div style=\"height:40px\" aria-hidden=\"true\" class=\"wp-block-spacer\"><\/div>\n\n\n\n<hr class=\"wp-block-separator has-alpha-channel-opacity\" \/>\n\n\n\n<div style=\"height:41px\" aria-hidden=\"true\" class=\"wp-block-spacer\"><\/div>\n\n\n\n<h3 class=\"wp-block-heading\"><strong>Un soutien innovant de la chambre<\/strong><\/h3>\n\n\n\n<p>Pr\u00e9sentes sur place au <em>Spaziu Edmond Simeoni<\/em>, deux \u00e9missaires de la Direction des entreprises et des territoires de la chambre, Nicole Spinosi et \u00c9lisa Martelli, ont promu aupr\u00e8s des professionnels le projet \u00ab&nbsp;Smart Twin Transition&nbsp;\u00bb inscrit en lettres majuscules dans le Programme 2021\/2027 de la coop\u00e9ration Interreg Italie-France. Son but est de d\u00e9velopper les outils novateurs, dont l\u2019IA, pour aider les entreprises du secteur touristique (h\u00f4teliers, voyagistes, transporteurs, artisans, etc.) \u00e0 r\u00e9ussir leurs transitions num\u00e9rique et \u00e9cologique. Un soutien \u00e0 la fois financier et logistique leur est propos\u00e9 \u00e0 travers notamment des programmes de formation et d\u2019engagement participatif. Notre tandem d\u2019ambassadrices au festival <em>Green Orizonte<\/em> leur ont servi de guides.<\/p>\n\n\n\n<div style=\"height:54px\" aria-hidden=\"true\" class=\"wp-block-spacer\"><\/div>\n\n\n\n<div class=\"wp-block-media-text is-stacked-on-mobile\"><figure class=\"wp-block-media-text__media\"><img fetchpriority=\"high\" decoding=\"async\" width=\"1024\" height=\"768\" src=\"https:\/\/www.cci.corsica\/wp-content\/uploads\/2025\/06\/fb-1024x768.png\" alt=\"\" class=\"wp-image-7940 size-full\" srcset=\"https:\/\/www.cci.corsica\/wp-content\/uploads\/2025\/06\/fb-1024x768.png 1024w, https:\/\/www.cci.corsica\/wp-content\/uploads\/2025\/06\/fb-300x225.png 300w, https:\/\/www.cci.corsica\/wp-content\/uploads\/2025\/06\/fb-768x576.png 768w, https:\/\/www.cci.corsica\/wp-content\/uploads\/2025\/06\/fb-16x12.png 16w, https:\/\/www.cci.corsica\/wp-content\/uploads\/2025\/06\/fb.png 1067w\" sizes=\"(max-width: 1024px) 100vw, 1024px\" \/><\/figure><div class=\"wp-block-media-text__content\">\n<p>Article paru dans\u00a0<a href=\"https:\/\/www.calameo.com\/read\/006340018964beff2af59\" target=\"_blank\" rel=\"noreferrer noopener\"><strong>La Lettre N\u00b0 55<\/strong><\/a><\/p>\n<\/div><\/div>","protected":false},"excerpt":{"rendered":"<p>Le point d\u2019orgue de l\u2019\u00e9v\u00e8nement qui s\u2019est d\u00e9roul\u00e9 d\u00e9but mai en Balagne a \u00e9t\u00e9 la pr\u00e9sentation du dossier de candidature ficel\u00e9 par l\u2019ATC pour l\u2019obtention du label international \u00ab Green Destinations \u00bb<\/p>","protected":false},"author":6,"featured_media":7974,"comment_status":"closed","ping_status":"closed","sticky":false,"template":"","format":"standard","meta":{"_acf_changed":false,"_seopress_robots_primary_cat":"none","_seopress_titles_title":"","_seopress_titles_desc":"","_seopress_robots_index":"","footnotes":""},"categories":[25],"tags":[30],"class_list":["post-7971","post","type-post","status-publish","format-standard","has-post-thumbnail","hentry","category-actualite","tag-tourisme"],"acf":[],"_links":{"self":[{"href":"https:\/\/www.cci.corsica\/co\/wp-json\/wp\/v2\/posts\/7971","targetHints":{"allow":["GET"]}}],"collection":[{"href":"https:\/\/www.cci.corsica\/co\/wp-json\/wp\/v2\/posts"}],"about":[{"href":"https:\/\/www.cci.corsica\/co\/wp-json\/wp\/v2\/types\/post"}],"author":[{"embeddable":true,"href":"https:\/\/www.cci.corsica\/co\/wp-json\/wp\/v2\/users\/6"}],"replies":[{"embeddable":true,"href":"https:\/\/www.cci.corsica\/co\/wp-json\/wp\/v2\/comments?post=7971"}],"version-history":[{"count":1,"href":"https:\/\/www.cci.corsica\/co\/wp-json\/wp\/v2\/posts\/7971\/revisions"}],"predecessor-version":[{"id":7975,"href":"https:\/\/www.cci.corsica\/co\/wp-json\/wp\/v2\/posts\/7971\/revisions\/7975"}],"wp:featuredmedia":[{"embeddable":true,"href":"https:\/\/www.cci.corsica\/co\/wp-json\/wp\/v2\/media\/7974"}],"wp:attachment":[{"href":"https:\/\/www.cci.corsica\/co\/wp-json\/wp\/v2\/media?parent=7971"}],"wp:term":[{"taxonomy":"category","embeddable":true,"href":"https:\/\/www.cci.corsica\/co\/wp-json\/wp\/v2\/categories?post=7971"},{"taxonomy":"post_tag","embeddable":true,"href":"https:\/\/www.cci.corsica\/co\/wp-json\/wp\/v2\/tags?post=7971"}],"curies":[{"name":"wp","href":"https:\/\/api.w.org\/{rel}","templated":true}]}}