{"id":8002,"date":"2025-06-06T16:42:32","date_gmt":"2025-06-06T14:42:32","guid":{"rendered":"https:\/\/www.cci.corsica\/?p=8002"},"modified":"2025-07-08T17:03:52","modified_gmt":"2025-07-08T15:03:52","slug":"la-lettre-juin-2025","status":"publish","type":"post","link":"https:\/\/www.cci.corsica\/co\/la-lettre-juin-2025\/","title":{"rendered":"La Lettre n\u00b055 &#8211; juin 2025"},"content":{"rendered":"<p>La \u00ab Lettre \u00bb du mois de juin rend compte d\u2019une marche historique qui vient d\u2019\u00eatre gravie : le vote unanime des s\u00e9nateurs en faveur de la cr\u00e9ation de l\u2019\u00c9tablissement public du Commerce et de l\u2019Industrie de Corse, pierre angulaire du projet de loi relatif au rapprochement avec la Collectivit\u00e9 de Corse. Que le ministre Fran\u00e7ois Rebsamen soit vivement remerci\u00e9 pour avoir port\u00e9 le texte \u00e0 bout de bras en tenant compte des am\u00e9liorations souhait\u00e9es par notre institution. Celle-ci sort grandie de cette premi\u00e8re \u00e9tape l\u00e9gislative avant la deuxi\u00e8me, d\u00e9cisive, l\u2019examen du projet de loi par l\u2019Assembl\u00e9e nationale. Grandie aussi par le bilan financier en tous points positif d\u00e9cortiqu\u00e9 \u00e0 l\u2019occasion de notre assembl\u00e9e g\u00e9n\u00e9rale.<\/p>\n\n\n\n<p>Mais la r\u00e9ussite collective ne s\u2019arr\u00eate pas aux r\u00e9sultats budg\u00e9taires et au potentiel d\u2019investissement qui illustrent une gestion saine et rigoureuse. Elle s\u2019exprime aussi dans notre partenariat avec l\u2019association Inseme pour am\u00e9nager des espaces chaleureux, des refuges, pour les passagers m\u00e9dicaux et ce, dans tous nos a\u00e9roports. Celui d\u2019Ajaccio, premier Spaziu Inseme \u00e0 \u00eatre inaugur\u00e9, est un mod\u00e8le d\u2019agencement et la marque tangible de la g\u00e9n\u00e9rosit\u00e9 et des qualit\u00e9s de c\u0153ur de nos \u00e9quipes.&nbsp;<\/p>\n\n\n\n<p>Sur tous ces sujets, la CCI de Corse, ses \u00e9lus, ses salari\u00e9s et la grande famille de ses ressortissants, peuvent \u00eatre au moins aussi fiers que je le suis.<\/p>\n\n\n\n<p>Vous souhaitant une bonne lecture, je vous adresse mes salutations les plus amicales.<\/p>\n\n\n\n<p>Jean DOMINICI<\/p>\n\n\n\n<div class=\"wp-block-media-text is-stacked-on-mobile\"><figure class=\"wp-block-media-text__media\"><a href=\"https:\/\/www.calameo.com\/read\/006340018964beff2af59\"><img fetchpriority=\"high\" decoding=\"async\" width=\"1024\" height=\"768\" src=\"https:\/\/www.cci.corsica\/wp-content\/uploads\/2025\/06\/fb-1024x768-2.png\" alt=\"\" class=\"wp-image-8045 size-full\" srcset=\"https:\/\/www.cci.corsica\/wp-content\/uploads\/2025\/06\/fb-1024x768-2.png 1024w, https:\/\/www.cci.corsica\/wp-content\/uploads\/2025\/06\/fb-1024x768-2-300x225.png 300w, https:\/\/www.cci.corsica\/wp-content\/uploads\/2025\/06\/fb-1024x768-2-768x576.png 768w, https:\/\/www.cci.corsica\/wp-content\/uploads\/2025\/06\/fb-1024x768-2-16x12.png 16w\" sizes=\"(max-width: 1024px) 100vw, 1024px\" \/><\/a><\/figure><div class=\"wp-block-media-text__content\">\n<p><a href=\"https:\/\/www.calameo.com\/read\/006340018964beff2af59\">Lire La Lettre n\u00b055<\/a><\/p>\n<\/div><\/div>","protected":false},"excerpt":{"rendered":"<p>La \u00ab Lettre \u00bb du mois de juin rend compte d\u2019une marche historique qui vient d\u2019\u00eatre gravie : le vote unanime des s\u00e9nateurs en faveur de la cr\u00e9ation de l\u2019\u00c9tablissement public du Commerce et de l\u2019Industrie de Corse, pierre angulaire du projet de loi relatif au rapprochement avec la Collectivit\u00e9 de Corse.<\/p>","protected":false},"author":4,"featured_media":7940,"comment_status":"closed","ping_status":"closed","sticky":false,"template":"","format":"standard","meta":{"_acf_changed":false,"_seopress_robots_primary_cat":"none","_seopress_titles_title":"","_seopress_titles_desc":"","_seopress_robots_index":"","footnotes":""},"categories":[17],"tags":[],"class_list":["post-8002","post","type-post","status-publish","format-standard","has-post-thumbnail","hentry","category-la-lettre"],"acf":[],"_links":{"self":[{"href":"https:\/\/www.cci.corsica\/co\/wp-json\/wp\/v2\/posts\/8002","targetHints":{"allow":["GET"]}}],"collection":[{"href":"https:\/\/www.cci.corsica\/co\/wp-json\/wp\/v2\/posts"}],"about":[{"href":"https:\/\/www.cci.corsica\/co\/wp-json\/wp\/v2\/types\/post"}],"author":[{"embeddable":true,"href":"https:\/\/www.cci.corsica\/co\/wp-json\/wp\/v2\/users\/4"}],"replies":[{"embeddable":true,"href":"https:\/\/www.cci.corsica\/co\/wp-json\/wp\/v2\/comments?post=8002"}],"version-history":[{"count":3,"href":"https:\/\/www.cci.corsica\/co\/wp-json\/wp\/v2\/posts\/8002\/revisions"}],"predecessor-version":[{"id":8054,"href":"https:\/\/www.cci.corsica\/co\/wp-json\/wp\/v2\/posts\/8002\/revisions\/8054"}],"wp:featuredmedia":[{"embeddable":true,"href":"https:\/\/www.cci.corsica\/co\/wp-json\/wp\/v2\/media\/7940"}],"wp:attachment":[{"href":"https:\/\/www.cci.corsica\/co\/wp-json\/wp\/v2\/media?parent=8002"}],"wp:term":[{"taxonomy":"category","embeddable":true,"href":"https:\/\/www.cci.corsica\/co\/wp-json\/wp\/v2\/categories?post=8002"},{"taxonomy":"post_tag","embeddable":true,"href":"https:\/\/www.cci.corsica\/co\/wp-json\/wp\/v2\/tags?post=8002"}],"curies":[{"name":"wp","href":"https:\/\/api.w.org\/{rel}","templated":true}]}}