{"id":8085,"date":"2025-07-09T16:53:10","date_gmt":"2025-07-09T14:53:10","guid":{"rendered":"https:\/\/www.cci.corsica\/?p=8085"},"modified":"2025-09-10T09:37:27","modified_gmt":"2025-09-10T07:37:27","slug":"a-lettera-missione-cumpita","status":"publish","type":"post","link":"https:\/\/www.cci.corsica\/co\/a-lettera-missione-cumpita\/","title":{"rendered":"A Lettera I Una missione cumpita\u00a0!"},"content":{"rendered":"<p><em>\u00ab&nbsp;S\u00f2 dece anni di travagliu \u00e8 un\u2019opera di custruzzione ch\u00ec s\u00f2 sbuccati di modu favurevule. Simu ghjunti \u00e0 u scopu. S\u00f2 pisate tutte l\u2019incertezze nant\u2019\u00e0 a gestione publica di i porti \u00e8 di l\u2019aeroporti, a perennit\u00e0 di e missione, di a spertizia, di l\u2019impieghi \u00e8 di l\u2019arnesi di a nostra camera, \u00e8 per u sempre daretu \u00e0 noi. Simu suddisfatti \u00e8 sullevati per l\u2019agenti di a CCI, per a Corsica \u00e8 i Corsi ch\u00ec \u00f9n averanu pi\u00f9 \u00e0 primur\u00e0 si di e velleit\u00e0 di predazione di pettu \u00e0 e so infrastrutture di trasportu. Oramai, s\u00f2 aperti l\u2019orizonti. Ci pudemu avvi\u00e0 av\u00e0, di modu pusitivu, c\u00f9 cunfidenza \u00e8 serenit\u00e0, ver\u2019di a riescita di a riforma, oramai irreversibile, di a so messa in ballu, \u00e8 l\u2019accumpagnamentu di a nova istituzione.&nbsp;\u00bb<\/em><\/p>\n\n\n\n<p><strong>Jean Dominici, presidente di a CCI di Corsica.<\/strong><\/p>\n\n\n\n<p><em>\u00ab Una lotta aspra, longa \u00e8 difficiule, ch\u00ec h\u00e8 stata vinta per via di l\u2019unit\u00e0 d\u2019azzione \u00e8 a cunfidenza tr\u00e0 a Cullettivit\u00e0 di Corsica, a CCI, i salariati \u00e8 l\u2019urganisazione sindicale, senza scurd\u00e0 si, di sicuru, di a CMA. H\u00e0 sappiutu vince a Corsica a cunfidenza \u00e8 u sustegnu di u guvernu \u2013 prima c\u00f9 Catherine Vautrin po, inde a fasa finale, l\u2019ingagiamentu decisivu di Fran\u00e7ois Rebsamen \u2013 ma din\u00f9 quelli di u Parlamentu per via di u so votu unanimu. Custatta a lege un\u2019avanzata mai\u00f2 per a Corsica \u00e8 i Corsi \u00e0 u livellu strategicu, ecunomicu \u00e8 suciale. Cunfidenza \u00e8 determinazione : avemu da riesce inseme !&nbsp;\u00bb<\/em><\/p>\n\n\n\n<p><strong>Gilles Simeoni, presidente di u Cunsigliu esecutivu di Corsica.<\/strong><\/p>\n\n\n\n<div style=\"height:31px\" aria-hidden=\"true\" class=\"wp-block-spacer\"><\/div>\n\n\n\n<hr class=\"wp-block-separator has-alpha-channel-opacity\" \/>\n\n\n\n<div style=\"height:32px\" aria-hidden=\"true\" class=\"wp-block-spacer\"><\/div>\n\n\n\n<p>Travaglia nant\u2019\u00e0 sta riforma a CCI di Corsica dapoi dece anni. Si h\u00e8 fattu a mai\u00f2 parte di u travagliu da l\u2019iniziu nant\u2019\u00e0 u nostru territoriu. Ci ser\u00e0 vulsutu \u00e0 cunvince ch\u2019ella era a sola \u00e8 a pi\u00f9 bona suluzione per priserv\u00e0 a camera, e missione, a spertizia \u00e8 l\u2019integralit\u00e0 di l\u2019effettivi \u00e8 di u so statutu suciale \u00e8, bella sicura, inde u listessu tempu, cunfid\u00e0 a maestria publica di i trasporti \u00e0 a Cullettivit\u00e0 di Corsica. <\/p>\n\n\n\n<p>A pertinenza di sta suluzione, spiecata c\u00f9 pedagugia \u00e8 l\u2019argumenti ch\u00ec \u00f9n si ponu cuntrast\u00e0, arrimbati \u00e0 i studii messi in ballu dapoi u 2019 \u00e8 a lege PACTE, h\u00e0 permessu di custruisce un cunsensu \u00e0 u livellu lucale.<\/p>\n\n\n\n<h3 class=\"wp-block-heading\"><strong>U cunsensu lucale diventa un cunsensu naziunale<\/strong><\/h3>\n\n\n\n<p>H\u00e0 avanzatu \u00e0 bella megliu u cartulare, c\u00f9 periudi appesi \u00e8 periudi d\u2019accelerazione fin\u2019\u00e0 l\u2019annu scorsu \u00e8 a capalzera, d\u2019ottobre 2024, mossa da un muvimentu di greva subitaniu, ch\u2019ellu h\u00e0 sappiutu smin\u00e0 prestu prestu u guvernu, \u00e8 po da u pianu B, validatu \u00e0 l\u2019unanimit\u00e0 da l\u2019Assemblea di Corsica, quellu di a creazione di dui SMO (sindicati misti aperti) per i porti \u00e8 l\u2019aeroporti, ma ch\u00ec u Statu stimava troppu fragile \u00e0 u livellu ghjuridicu, ci\u00f2 ch\u00ec h\u00e0 avutu per effettu di f\u00e0 ricull\u00e0 \u00e0 a surfazia u Pianu A di u prugettu di lege. <\/p>\n\n\n\n<p>Catherine Vautrin, ministru di u guvernu effimeru di Michel Barnier, si n\u2019h\u00e8 impatrunitu per mette lu nant\u2019\u00e0 a strada bona. \u00c8 po h\u00e8 statu Fran\u00e7ois Rebsamen, u ministru di l\u2019Accunciamentu di u territoriu \u00e8 di a Decentralisazione di u guvernu Bayrou, ch\u00ec h\u00e0 ripigliatu l\u2019affare \u00e8 ch\u00ec h\u00e0 messu tutta a so energia per porghje u prugettu fin\u2019\u00e0 u Parlamentu induv\u2019elle parianu strette e finestre per entre ci, cum\u2019\u00e8 s\u2019elle fussinu state qualch\u00ec feritoghja.<\/p>\n\n\n\n<p>Da tandu h\u00e8 diventatu u cunsensu lucale un cunsensu naziunale per via di a vulunt\u00e0 bona di u guvernu \u00e0 u livellu puliticu, ch\u00ec h\u00e0 fattu a scelta di cullabur\u00e0 di manera stretta c\u00f9 u presidente di u Cunsigliu esecutivu, e squadre cunsularie di u presidente Dominici \u00e8 puru c\u00f9 i partinarii suciali.<\/p>\n\n\n\n<h3 class=\"wp-block-heading\"><strong>Ver\u2019di una prumulazione pronta di a lege<\/strong><\/h3>\n\n\n\n<p>Si h\u00e8 cuncretizatu stu cunsensu naziunale da dui voti successivi \u00e8 unanimi&nbsp;: \u00e0 u Senatu, u luni u 2 di ghjugnu, po \u00e0 l\u2019Assemblea naziunale, u mercuri u 2 di lugliu, appena nanzu \u00e0 mezanotte. C\u00f9 un slanciu solu, anu aduttatu in modu definitivu l\u2019inseme di i gruppu parlamentarii u prugettu di lege da purt\u00e0 a creazione di u stabilimentu publicu di u cummerciu \u00e8 di l\u2019industria di Corsica toccu u primu di ghjennaghju di u 2026. S\u2019\u00e8 no fussimu inde un\u2019arena spurtiva, si puderia parl\u00e0 di una perfurmanza mai vista. <\/p>\n\n\n\n<p>\u00c0 i tempi cum\u2019elli s\u00f2 oghje, c\u00f9 un furmatu puliticu naziunale pi\u00f9 ch\u00e8 spizziculatu, e muzione di censura ch\u2019elli inalbureghjanu i capizzoni di l\u2019oppusizione cum\u2019\u00e8 qualch\u00ec stracciu rossu, u fattu di busc\u00e0 si dui voti di fila \u00e0 l\u2019unanimit\u00e0 nant\u2019\u00e0 un testu elaburatu in quattru \u00e8 tr\u00e8 sette, senza av\u00e8 ricorsu n\u00e8 \u00e0 a navetta parlamentaria n\u00e8 mancu \u00e0 a cummissione mista paritaria da f\u00e0 un arbitragiu aleatoriu, s\u2019assumiglia propiu \u00e0 un fattone.<\/p>\n\n\n\n<p>Din\u00f9, inc\u00f9 a voce di u so presidente Jean Dominici, ringrazia propiu a CCI di Corsica \u00e0 Catherine Vautrin \u00e8 \u00e0 Fran\u00e7ois Rebsamen, l\u2019inseme di a raprisentazione naziunale \u00e8 in particulare i dui rapurtadori Olivia Richard \u00e0 u Senatu \u00e8 Jean Moulli\u00e8re \u00e0 u Palazzu Bourbon, ch\u00ec anu ammaestratu l\u2019imbusche ecunomiche \u00e8 suciale ma din\u00f9 e custrette di u calendariu, fendu a prova di una diligenza di prima trinca longu \u00e0 a procedura. <\/p>\n\n\n\n<p>Si p\u00f2 f\u00e0 una menzione speziale \u00e0 i parlamentarii corsi, i senatori \u00e8 i deputati, ch\u00ec anu sappiutu cunvince i so culleghi in i currid\u00f2 \u00e8 puru \u00e0 a tribuna. In fine, h\u00e0 prumessu u ministru Fran\u00e7ois Rebsamen una prumulazione pronta di a lege.<\/p>\n\n\n\n<div style=\"height:34px\" aria-hidden=\"true\" class=\"wp-block-spacer\"><\/div>\n\n\n\n<hr class=\"wp-block-separator has-alpha-channel-opacity\" \/>\n\n\n\n<div style=\"height:34px\" aria-hidden=\"true\" class=\"wp-block-spacer\"><\/div>\n\n\n\n<h3 class=\"wp-block-heading\"><strong>In una parolla cum\u2019\u00e8 in centu\u2026<\/strong><\/h3>\n\n\n\n<p><a>Nanzu \u00e0 u votu unanimu \u00e0 l\u2019Assemblea naziunale, si s\u00f2 successi \u00e0 a tribuna parechji oratorii. Eccu un picculu flurileghju di e so intervenzione : <\/a><\/p>\n\n\n\n<p><em>\u00ab&nbsp;Ch\u2019ella appartenghi a gestione di i porti \u00e8 di l\u2019aeroporti di a Corsica \u00e0 a putenza publica, ghj\u00e8 un affare d\u2019interessu generale&nbsp;\u00bb<\/em> (Fran\u00e7ois Rebsamen, ministru).<\/p>\n\n\n\n<p><em>\u00ab&nbsp;Participeghja stu testu di lege \u00e0 u rinfurzamentu di l\u2019autunumia di a Corsica&nbsp;\u00bb<\/em> (Jean Moulli\u00e8re, rapurtadore)<\/p>\n\n\n\n<p><em>\u00ab Mi ralegru di a raprisentazione ghjusta di i persunali&nbsp;\u00bb<\/em> (Jacques Oberti, PS).<\/p>\n\n\n\n<p><em>\u00ab&nbsp;Firmer\u00e0 a guvernanza \u00e0 l\u2019attori ecunomichi di a Corsica&nbsp;\u00bb<\/em> (Fran\u00e7ois-Xavier Ceccoli, LR).<\/p>\n\n\n\n<p><em>\u00ab&nbsp;Stu prugettu, h\u00e8 una vittoria di i travagliadori di a CCI nant\u2019\u00e0 e multinaziunale&nbsp;\u00bb<\/em> (Hendrick Davi, Verdi).<\/p>\n\n\n\n<p><em>\u00ab&nbsp;Securizeghja stu testu a nostra cuntinuit\u00e0 territuriale \u00e8 u nostru sviluppu&nbsp;\u00bb<\/em> (Xavier Lacombe, Horizon).<\/p>\n\n\n\n<p><em>\u00ab Una scelta pultica forte contru \u00e0 a predazione. Deve av\u00e8 a Corsica e cumpetenze di e so realit\u00e0 ecunomiche \u00e8 suciale \u00bb<\/em> (Michel Castellani, LIOT).<\/p>\n\n\n\n<p><em>\u00ab&nbsp;Seremu attenti in quantu \u00e0 a sudezza di i mezi dedicati \u00e0 stu novu stabilimentu publicu&nbsp;\u00bb<\/em> (Ugo Bernalicis, LFI).<\/p>\n\n\n\n<div style=\"height:53px\" aria-hidden=\"true\" class=\"wp-block-spacer\"><\/div>\n\n\n\n<div class=\"wp-block-media-text is-stacked-on-mobile\"><figure class=\"wp-block-media-text__media\"><img fetchpriority=\"high\" decoding=\"async\" width=\"1024\" height=\"768\" src=\"https:\/\/www.cci.corsica\/wp-content\/uploads\/2025\/07\/fb-une2-1024x768.png\" alt=\"\" class=\"wp-image-8301 size-full\" srcset=\"https:\/\/www.cci.corsica\/wp-content\/uploads\/2025\/07\/fb-une2-1024x768.png 1024w, https:\/\/www.cci.corsica\/wp-content\/uploads\/2025\/07\/fb-une2-300x225.png 300w, https:\/\/www.cci.corsica\/wp-content\/uploads\/2025\/07\/fb-une2-768x576.png 768w, https:\/\/www.cci.corsica\/wp-content\/uploads\/2025\/07\/fb-une2-1536x1152.png 1536w, https:\/\/www.cci.corsica\/wp-content\/uploads\/2025\/07\/fb-une2-16x12.png 16w, https:\/\/www.cci.corsica\/wp-content\/uploads\/2025\/07\/fb-une2.png 1667w\" sizes=\"(max-width: 1024px) 100vw, 1024px\" \/><\/figure><div class=\"wp-block-media-text__content\">\n<p>Retrouvez l&rsquo;article en Fran\u00e7ais (pages 2\/3) dans <\/p>\n\n\n\n<p><strong><a href=\"https:\/\/www.calameo.com\/read\/006340018ac70569f0c2b\" target=\"_blank\" rel=\"noreferrer noopener\">La Lettre n\u00b0 56<\/a><\/strong><\/p>\n<\/div><\/div>\n\n\n\n<p><\/p>","protected":false},"excerpt":{"rendered":"<p>Toccu u primu di ghjennaghju di u 2026, u stabilimentu publicu di u cummerciu \u00e8 di l\u2019industria di Corsica h\u00e0 da pigli\u00e0 a seguita di a CCI, e so missione, i so decidori ecunomichi, e so risorze umane. H\u00e0 oramai forza di lege a riforma imaginata dece anni f\u00e0<\/p>","protected":false},"author":6,"featured_media":8092,"comment_status":"closed","ping_status":"closed","sticky":false,"template":"","format":"standard","meta":{"_acf_changed":false,"_seopress_robots_primary_cat":"none","_seopress_titles_title":"","_seopress_titles_desc":"","_seopress_robots_index":"","footnotes":""},"categories":[18,25],"tags":[34],"class_list":["post-8085","post","type-post","status-publish","format-standard","has-post-thumbnail","hentry","category-a-la-une","category-actualite","tag-institution"],"acf":[],"_links":{"self":[{"href":"https:\/\/www.cci.corsica\/co\/wp-json\/wp\/v2\/posts\/8085","targetHints":{"allow":["GET"]}}],"collection":[{"href":"https:\/\/www.cci.corsica\/co\/wp-json\/wp\/v2\/posts"}],"about":[{"href":"https:\/\/www.cci.corsica\/co\/wp-json\/wp\/v2\/types\/post"}],"author":[{"embeddable":true,"href":"https:\/\/www.cci.corsica\/co\/wp-json\/wp\/v2\/users\/6"}],"replies":[{"embeddable":true,"href":"https:\/\/www.cci.corsica\/co\/wp-json\/wp\/v2\/comments?post=8085"}],"version-history":[{"count":4,"href":"https:\/\/www.cci.corsica\/co\/wp-json\/wp\/v2\/posts\/8085\/revisions"}],"predecessor-version":[{"id":8303,"href":"https:\/\/www.cci.corsica\/co\/wp-json\/wp\/v2\/posts\/8085\/revisions\/8303"}],"wp:featuredmedia":[{"embeddable":true,"href":"https:\/\/www.cci.corsica\/co\/wp-json\/wp\/v2\/media\/8092"}],"wp:attachment":[{"href":"https:\/\/www.cci.corsica\/co\/wp-json\/wp\/v2\/media?parent=8085"}],"wp:term":[{"taxonomy":"category","embeddable":true,"href":"https:\/\/www.cci.corsica\/co\/wp-json\/wp\/v2\/categories?post=8085"},{"taxonomy":"post_tag","embeddable":true,"href":"https:\/\/www.cci.corsica\/co\/wp-json\/wp\/v2\/tags?post=8085"}],"curies":[{"name":"wp","href":"https:\/\/api.w.org\/{rel}","templated":true}]}}