{"id":8094,"date":"2025-07-10T10:27:00","date_gmt":"2025-07-10T08:27:00","guid":{"rendered":"https:\/\/www.cci.corsica\/?p=8094"},"modified":"2025-09-10T09:41:13","modified_gmt":"2025-09-10T07:41:13","slug":"la-lettre-i-mission","status":"publish","type":"post","link":"https:\/\/www.cci.corsica\/co\/la-lettre-i-mission\/","title":{"rendered":"La Lettre I Mission accomplie\u00a0!"},"content":{"rendered":"<p><em>\u00ab&nbsp;Ce sont dix ann\u00e9es de travail et une \u0153uvre de construction qui ont favorablement abouti. L\u2019objectif est atteint. Toutes les incertitudes sur la gestion publique des ports et des a\u00e9roports, la p\u00e9rennit\u00e9 des missions, de l\u2019expertise, des emplois et des outils de notre chambre, sont lev\u00e9es et \u00e0 jamais derri\u00e8re nous. Nous sommes satisfaits et soulag\u00e9s pour les agents de la CCI, pour la Corse et les Corses qui n\u2019auront plus \u00e0 se soucier de toute vell\u00e9it\u00e9 de pr\u00e9dation de leurs infrastructures de transport. Dor\u00e9navant, les horizons sont d\u00e9gag\u00e9s. Nous pouvons d\u00e9sormais nous orienter positivement, avec confiance et s\u00e9r\u00e9nit\u00e9, vers la r\u00e9ussite de la r\u00e9forme, d\u00e9sormais irr\u00e9versible, de sa mise en \u0153uvre et l\u2019accompagnement de la nouvelle institution.&nbsp;\u00bb<\/em><\/p>\n\n\n\n<p><strong>Jean Dominici, pr\u00e9sident de la CCI de Corse<\/strong><\/p>\n\n\n\n<p><em>\u00ab&nbsp;Un combat \u00e2pre, long et difficile remport\u00e9 gr\u00e2ce \u00e0 l\u2019unit\u00e9 d\u2019action et la confiance construite entre la Collectivit\u00e9 de Corse, la CCI, les salari\u00e9s et organisations syndicales, sans oublier bien s\u00fbr la CMA. La Corse a su gagner la confiance et le soutien du gouvernement \u2013 avec d\u2019abord Catherine Vautrin puis, dans la phase finale, l\u2019engagement d\u00e9cisif de Fran\u00e7ois Rebsamen \u2013 et aussi ceux du Parlement \u00e0 travers son vote unanime. La loi acte une avanc\u00e9e majeure pour la Corse et les Corses aux plans strat\u00e9gique, \u00e9conomique et social. Confiance et d\u00e9termination&nbsp;: nous allons r\u00e9ussir ensemble&nbsp;!&nbsp;\u00bb<\/em><\/p>\n\n\n\n<p><strong>Gilles Simeoni, pr\u00e9sident du Conseil ex\u00e9cutif de Corse<\/strong><\/p>\n\n\n\n<div style=\"height:41px\" aria-hidden=\"true\" class=\"wp-block-spacer\"><\/div>\n\n\n\n<hr class=\"wp-block-separator has-alpha-channel-opacity\" \/>\n\n\n\n<div style=\"height:41px\" aria-hidden=\"true\" class=\"wp-block-spacer\"><\/div>\n\n\n\n<p>La CCI de Corse planche sur cette r\u00e9forme depuis dix ans. La grande partie du travail initial s\u2019est d\u00e9roul\u00e9e sur notre territoire. Il y a fallu convaincre que c\u2019\u00e9tait la seule et la meilleure solution pour pr\u00e9server la chambre, les missions, l\u2019expertise et l\u2019int\u00e9gralit\u00e9 des effectifs et de leur statut social et, bien s\u00fbr, en m\u00eame temps, confier la ma\u00eetrise publique des transports \u00e0 la Collectivit\u00e9 de Corse. <\/p>\n\n\n\n<p>La pertinence de cette solution, expliqu\u00e9e avec p\u00e9dagogie et des arguments intangibles adoss\u00e9s aux \u00e9tudes diligent\u00e9es \u00e0 partir de 2019 et la loi PACTE, a permis de construire un consensus local.<\/p>\n\n\n\n<h3 class=\"wp-block-heading\">Le consensus local devient consensus national<\/h3>\n\n\n\n<p>Le dossier a avanc\u00e9 tant bien que mal, avec des p\u00e9riodes de latence et des p\u00e9riodes d\u2019acc\u00e9l\u00e9ration jusqu\u2019\u00e0 l\u2019ann\u00e9e derni\u00e8re et la bascule, en octobre 2024, d\u00e9clench\u00e9e par le mouvement de gr\u00e8ve spontan\u00e9, que le gouvernement a su rapidement d\u00e9miner, puis par le plan B, valid\u00e9 \u00e0 l\u2019unanimit\u00e9 par l\u2019Assembl\u00e9e de Corse, celui de la cr\u00e9ation de deux SMO (syndicats mixtes ouverts) pour les ports et les a\u00e9roports, mais que l\u2019\u00c9tat estimait juridiquement trop fragile, ce qui a eu pour effet de faire remonter le Plan A du projet de loi \u00e0 la surface. <\/p>\n\n\n\n<p>Catherine Vautrin, ministre du gouvernement \u00e9ph\u00e9m\u00e8re Barnier, s\u2019en est empar\u00e9e pour le placer sur de bons rails. Puis, c\u2019est Fran\u00e7ois Rebsamen, ministre de l\u2019Am\u00e9nagement du territoire et de la D\u00e9centralisation du gouvernement Bayrou, qui a repris le flambeau et mis toute son \u00e9nergie \u00e0 pousser le projet jusqu\u2019au Parlement o\u00f9 les fen\u00eatres de tir pour son examen \u00e9taient aussi r\u00e9tr\u00e9cies que des meurtri\u00e8res. <\/p>\n\n\n\n<p>D\u00e8s lors, le consensus local est devenu un consensus national par la volont\u00e9 politique du gouvernement qui a choisi d\u2019embl\u00e9e de collaborer \u00e9troitement avec le pr\u00e9sident du Conseil ex\u00e9cutif, les \u00e9quipes consulaires du pr\u00e9sident Dominici ainsi que les partenaires sociaux.<\/p>\n\n\n\n<h3 class=\"wp-block-heading\">Vers une promulgation rapide de la loi<\/h3>\n\n\n\n<p>Ce consensus national s\u2019est traduit par deux votes successifs unanimes&nbsp;: au S\u00e9nat le lundi 2 juin puis \u00e0 l\u2019Assembl\u00e9e nationale le mercredi 2 juillet peu avant minuit. D\u2019un seul \u00e9lan, l\u2019ensemble des groupes parlementaires des deux chambres ont d\u00e9finitivement adopt\u00e9 le projet de loi portant cr\u00e9ation de l\u2019\u00e9tablissement public du commerce et de l\u2019industrie de Corse au 1<sup>er<\/sup> janvier 2026. Si on \u00e9tait dans une ar\u00e8ne sportive, on \u00e9voquerait une performance sans pr\u00e9c\u00e9dent. <\/p>\n\n\n\n<p>Par les temps qui courent, le format politique national \u00e9clat\u00e9, les motions de censure que les leaders d\u2019opposition brandissent comme un chiffon rouge, obtenir deux votes cons\u00e9cutifs \u00e0 l\u2019unanimit\u00e9 sur un texte \u00e9labor\u00e9 dans des d\u00e9lais records, sans avoir recours ni \u00e0 la navette parlementaire ni m\u00eame \u00e0 la commission mixte paritaire pour un arbitrage al\u00e9atoire, rel\u00e8ve de l\u2019exploit.<\/p>\n\n\n\n<p>Aussi, par la voix de son pr\u00e9sident Jean Dominici, la CCI de Corse remercie vivement Catherine Vautrin et Fran\u00e7ois Rebsamen, l\u2019ensemble de la repr\u00e9sentation nationale et plus particuli\u00e8rement les deux rapporteurs Olivia Richard au S\u00e9nat et Jean Moulli\u00e8re au Palais Bourbon, qui ont saisi les enjeux \u00e9conomiques et sociaux du projet de loi ainsi que les contraintes du calendrier, faisant preuve d\u2019une remarquable diligence tout au long de la proc\u00e9dure. <\/p>\n\n\n\n<p>Mention sp\u00e9ciale aux parlementaires corses, s\u00e9nateurs et d\u00e9put\u00e9s, qui ont su convaincre leurs coll\u00e8gues dans les couloirs et \u00e0 la tribune. <em>In fine<\/em>, le ministre Fran\u00e7ois Rebsamen a promis une promulgation rapide de la loi.<\/p>\n\n\n\n<p><\/p>\n\n\n\n<h3 class=\"wp-block-heading\">En un mot comme en cent\u2026<\/h3>\n\n\n\n<p>Avant le vote unanime \u00e0 l\u2019Assembl\u00e9e nationale, plusieurs orateurs se sont succ\u00e9d\u00e9 \u00e0 la tribune. Petit floril\u00e8ge des interventions :<\/p>\n\n\n\n<p><em>\u00ab&nbsp;Que la gestion des ports et des a\u00e9roports de Corse appartienne \u00e0 la puissance publique rel\u00e8ve de l\u2019int\u00e9r\u00eat g\u00e9n\u00e9ral&nbsp;\u00bb<\/em> (Fran\u00e7ois Rebsamen, ministre)<\/p>\n\n\n\n<p><em>\u00ab&nbsp;Ce texte de loi participe du renforcement de l\u2019autonomie de la Corse&nbsp;\u00bb<\/em> (Jean Moulli\u00e8re, rapporteur)<\/p>\n\n\n\n<p>\u00ab&nbsp;<em>Je me r\u00e9jouis de la juste repr\u00e9sentation des personnels&nbsp;\u00bb<\/em> (Jacques Oberti, PS)<\/p>\n\n\n\n<p><em>\u00ab&nbsp;La gouvernance restera aux acteurs \u00e9conomiques de la Corse&nbsp;\u00bb<\/em> (Fran\u00e7ois-Xavier Ceccoli, LR)<\/p>\n\n\n\n<p><em>\u00ab&nbsp;Ce projet, c\u2019est une victoire des travailleurs de la CCI sur les multinationales&nbsp;\u00bb<\/em> (Hendrick Davi, Vert)<\/p>\n\n\n\n<p><em>\u00ab&nbsp;Ce texte s\u00e9curise notre continuit\u00e9 territoriale et notre d\u00e9veloppement&nbsp;\u00bb<\/em> (Xavier Lacombe, Horizon)<\/p>\n\n\n\n<p><em>\u00ab Un choix politique fort contre la pr\u00e9dation. La Corse doit avoir les comp\u00e9tences de ses r\u00e9alit\u00e9s \u00e9conomiques et sociales \u00bb<\/em> (Michel Castellani, LIOT)<\/p>\n\n\n\n<div style=\"height:41px\" aria-hidden=\"true\" class=\"wp-block-spacer\"><\/div>\n\n\n\n<div class=\"wp-block-media-text is-stacked-on-mobile\"><figure class=\"wp-block-media-text__media\"><img fetchpriority=\"high\" decoding=\"async\" width=\"1024\" height=\"768\" src=\"https:\/\/www.cci.corsica\/wp-content\/uploads\/2025\/07\/fb-une2-1024x768.png\" alt=\"\" class=\"wp-image-8301 size-full\" srcset=\"https:\/\/www.cci.corsica\/wp-content\/uploads\/2025\/07\/fb-une2-1024x768.png 1024w, https:\/\/www.cci.corsica\/wp-content\/uploads\/2025\/07\/fb-une2-300x225.png 300w, https:\/\/www.cci.corsica\/wp-content\/uploads\/2025\/07\/fb-une2-768x576.png 768w, https:\/\/www.cci.corsica\/wp-content\/uploads\/2025\/07\/fb-une2-1536x1152.png 1536w, https:\/\/www.cci.corsica\/wp-content\/uploads\/2025\/07\/fb-une2-16x12.png 16w, https:\/\/www.cci.corsica\/wp-content\/uploads\/2025\/07\/fb-une2.png 1667w\" sizes=\"(max-width: 1024px) 100vw, 1024px\" \/><\/figure><div class=\"wp-block-media-text__content\">\n<p><strong><a href=\"https:\/\/www.calameo.com\/read\/006340018ac70569f0c2b\" target=\"_blank\" rel=\"noreferrer noopener\">Lire La Lettre n\u00b0 56<\/a><\/strong><\/p>\n<\/div><\/div>\n\n\n\n<p><\/p>","protected":false},"excerpt":{"rendered":"<p>Au 1er janvier 2026, l\u2019\u00e9tablissement public du commerce et de l\u2019industrie de Corse va prendre le relais de la CCI, ses missions, ses d\u00e9cideurs \u00e9conomiques, ses ressources humaines. La r\u00e9forme imagin\u00e9e il y a dix ans a d\u00e9sormais force de loi<\/p>","protected":false},"author":6,"featured_media":8097,"comment_status":"closed","ping_status":"closed","sticky":false,"template":"","format":"standard","meta":{"_acf_changed":false,"_seopress_robots_primary_cat":"none","_seopress_titles_title":"","_seopress_titles_desc":"","_seopress_robots_index":"","footnotes":""},"categories":[18,25],"tags":[34],"class_list":["post-8094","post","type-post","status-publish","format-standard","has-post-thumbnail","hentry","category-a-la-une","category-actualite","tag-institution"],"acf":[],"_links":{"self":[{"href":"https:\/\/www.cci.corsica\/co\/wp-json\/wp\/v2\/posts\/8094","targetHints":{"allow":["GET"]}}],"collection":[{"href":"https:\/\/www.cci.corsica\/co\/wp-json\/wp\/v2\/posts"}],"about":[{"href":"https:\/\/www.cci.corsica\/co\/wp-json\/wp\/v2\/types\/post"}],"author":[{"embeddable":true,"href":"https:\/\/www.cci.corsica\/co\/wp-json\/wp\/v2\/users\/6"}],"replies":[{"embeddable":true,"href":"https:\/\/www.cci.corsica\/co\/wp-json\/wp\/v2\/comments?post=8094"}],"version-history":[{"count":3,"href":"https:\/\/www.cci.corsica\/co\/wp-json\/wp\/v2\/posts\/8094\/revisions"}],"predecessor-version":[{"id":8307,"href":"https:\/\/www.cci.corsica\/co\/wp-json\/wp\/v2\/posts\/8094\/revisions\/8307"}],"wp:featuredmedia":[{"embeddable":true,"href":"https:\/\/www.cci.corsica\/co\/wp-json\/wp\/v2\/media\/8097"}],"wp:attachment":[{"href":"https:\/\/www.cci.corsica\/co\/wp-json\/wp\/v2\/media?parent=8094"}],"wp:term":[{"taxonomy":"category","embeddable":true,"href":"https:\/\/www.cci.corsica\/co\/wp-json\/wp\/v2\/categories?post=8094"},{"taxonomy":"post_tag","embeddable":true,"href":"https:\/\/www.cci.corsica\/co\/wp-json\/wp\/v2\/tags?post=8094"}],"curies":[{"name":"wp","href":"https:\/\/api.w.org\/{rel}","templated":true}]}}