{"id":8104,"date":"2025-07-11T14:34:29","date_gmt":"2025-07-11T12:34:29","guid":{"rendered":"https:\/\/www.cci.corsica\/?p=8104"},"modified":"2025-09-10T09:45:27","modified_gmt":"2025-09-10T07:45:27","slug":"la-lettre-i-temps","status":"publish","type":"post","link":"https:\/\/www.cci.corsica\/co\/la-lettre-i-temps\/","title":{"rendered":"La Lettre I Temps de partage chez les Gouverneurs"},"content":{"rendered":"<p><em>\u00ab&nbsp;Si le processus d\u2019autonomie en cours se concr\u00e9tise, la Corse b\u00e9n\u00e9ficiera d\u2019une plus grande ma\u00eetrise de son destin \u00e9conomique&nbsp;\u00bb<\/em><\/p>\n\n\n\n<p><strong>Jean-Christophe Tortora, directeur g\u00e9n\u00e9ral de CMA M\u00e9dia<\/strong><\/p>\n\n\n\n<div style=\"height:32px\" aria-hidden=\"true\" class=\"wp-block-spacer\"><\/div>\n\n\n\n<hr class=\"wp-block-separator has-alpha-channel-opacity\" \/>\n\n\n\n<div style=\"height:33px\" aria-hidden=\"true\" class=\"wp-block-spacer\"><\/div>\n\n\n\n<p>L\u2019\u00e9conomie ne se change pas par d\u00e9cret, disait Michel Rocard. Bien davantage qu\u2019un trait de plume \u00e9tatique, en effet, il faut une forte dose de volont\u00e9 politique, de comp\u00e9tence, de confiance en soi et en l\u2019avenir et, plus encore, de passion immod\u00e9r\u00e9e pour la terre o\u00f9 l\u2019on veut semer les graines du d\u00e9veloppement. <\/p>\n\n\n\n<p>La Corse, qui se pr\u00e9pare \u00e0 entrer dans une nouvelle \u00e8re, celle de l\u2019autonomie, et soucieuse de b\u00e2tir un nouveau mod\u00e8le \u00e9conomique, qui embrasse les enjeux et d\u00e9fis du XXIe si\u00e8cle, est au confluent de son histoire contemporaine faite d\u2019ombres et de lumi\u00e8re. <\/p>\n\n\n\n<p>Le bon moment, en tout cas, pour accueillir un \u00e9v\u00e8nement aussi notable qu\u2019un sommet \u00e9conomique, conjointement organis\u00e9 par <em>La Tribune<\/em> et <em>Corse-Matin<\/em>, en partenariat avec la Collectivit\u00e9 de Corse, et pour lequel la CCI de Corse avait d\u00e9p\u00each\u00e9 Pierre Orsini, son vice-pr\u00e9sident.<\/p>\n\n\n\n<h3 class=\"wp-block-heading\">Gilles Simeoni&nbsp;: \u00ab&nbsp;L\u2019autonomie, c\u2019est une prise de responsabilit\u00e9&nbsp;\u00bb<\/h3>\n\n\n\n<p>Directeur g\u00e9n\u00e9ral de CMA M\u00e9dia*, filiale de l\u2019armateur CMA CGM, et pr\u00e9sident de La Tribune, Jean-Christophe Tortora a \u00e9t\u00e9 \u00e0 la man\u0153uvre pour pr\u00e9parer ce sommet qui a d\u00e9j\u00e0 fait ses preuves dans d\u2019autres r\u00e9gions&nbsp;: <em>\u00ab&nbsp;Je suis venu plusieurs fois en Corse \u00e0 titre professionnel et personnel. J\u2019ai rencontr\u00e9 des \u00e9lus et des acteurs \u00e9conomiques de l\u2019\u00eele. Ces pr\u00e9cieux \u00e9changes m\u2019ont un peu plus convaincu de la n\u00e9cessit\u00e9 d\u2019organiser ce rendez-vous afin de construire collectivement un moment de partage dans lequel on se projette sur l\u2019avenir en partant des r\u00e9alit\u00e9s du tissu \u00e9conomique corse. Il ne s\u2019agit pas d\u2019\u00eatre hors sol mais d\u2019imaginer, dans un esprit \u00e0 la fois cr\u00e9atif et pragmatique, une prospective qui int\u00e8gre les atouts et les faiblesses du territoire.&nbsp;\u00bb <\/em><\/p>\n\n\n\n<p>\u00c0 ce propos, la Corse est une p\u00e9pini\u00e8re de paradoxes&nbsp;: le caract\u00e8re parfois archa\u00efque de son mode de vie et de pens\u00e9e ne le c\u00e8de en rien \u00e0 sa force cr\u00e9atrice et \u00e0 sa soif d\u2019innovation&nbsp;; elle aspire \u00e0 un statut d\u2019autonomie qui lui conf\u00e8rerait un pouvoir l\u00e9gislatif mais r\u00e9fute tout d\u00e9sengagement de l\u2019\u00c9tat pour combler le retard historique de ses infrastructures (routes, barrages hydrauliques, centrales thermiques, h\u00f4pitaux, etc.) et assumer pleinement ses pouvoirs r\u00e9galiens afin de faire refluer la vague d\u00e9ferlante de la criminalit\u00e9 organis\u00e9e qui d\u00e9molit l\u2019\u00e9conomie, ce que n\u2019a eu de cesse de demander fermement le pr\u00e9sident de la CCI de Corse.<\/p>\n\n\n\n<p>Ce sommet aura aussi permis de confirmer \u00e0 quel point les institutions politiques corses sont intimement li\u00e9es \u00e0 l\u2019\u00e9conomie pour laquelle l\u2019insularit\u00e9 est davantage un tremplin qu\u2019un handicap d\u00e8s lors qu\u2019on la dote d\u2019une fiscalit\u00e9 sp\u00e9cifique et d\u2019un pouvoir d\u2019adaptation des textes. Un credo que Gilles Simeoni, pr\u00e9sident du Conseil ex\u00e9cutif de Corse, traduit en ces mots&nbsp;: <em>\u00ab&nbsp;L\u2019autonomie, ce n\u2019est pas une prise de distance, c\u2019est une prise de responsabilit\u00e9.&nbsp;\u00bb<\/em><\/p>\n\n\n\n<h3 class=\"wp-block-heading\">Pierre Orsini&nbsp;: \u00ab&nbsp;\u00catre fort \u00e0 domicile avant d\u2019esp\u00e9rer gagner \u00e0 l\u2019ext\u00e9rieur&nbsp;\u00bb<\/h3>\n\n\n\n<p>Un tissu compos\u00e9 pour l\u2019essentiel de TPE, PME et de 20 000 artisans, c\u2019est une chance. Le dynamisme cr\u00e9atif, la capacit\u00e9 de r\u00e9silience et une ruralit\u00e9 comme terre de pr\u00e9dilection pour une \u00e9conomie de proximit\u00e9. \u00ab&nbsp;<em>De quoi voir le verre \u00e0 moiti\u00e9 plein&nbsp;\u00bb<\/em> r\u00e9conforte Gilles Giovannangeli, pr\u00e9sident de l\u2019ADEC. <\/p>\n\n\n\n<p>Pierre angulaire de l\u2019\u00e9conomie, le tourisme est pr\u00eat \u00e0 se d\u00e9ployer sur les ailes de saison voire toute l\u2019ann\u00e9e&nbsp;: les d\u00e9sirs des vacanciers ne sont plus confin\u00e9s \u00e0 la plage, la CCI de Corse cr\u00e9e des dispositifs incitatifs aupr\u00e8s des op\u00e9rateurs a\u00e9riens et m\u00eame le r\u00e9chauffement climatique rend toutes les saisons attractives.<\/p>\n\n\n\n<p>La table ronde d\u00e9di\u00e9e \u00e0 l\u2019exportation d\u00e9montre qu\u2019une production marginale, dite de niche, peut s\u00e9duire le Continent, l\u2019Europe et au-del\u00e0. Quelques figures de proue de l\u2019export pr\u00e9sentes, le g\u00e9n\u00e9rateur d\u2019applications digitales GoodBarber, la brasserie Pietra, Corsica Comptoir ou l\u2019Atelier Corse Fruits et L\u00e9gumes, ont t\u00e9moign\u00e9 de la capacit\u00e9 de la Corse \u00e0 rayonner dans le monde. <\/p>\n\n\n\n<p>Le vice-pr\u00e9sident de la CCI de Corse, Pierre Orsini, a fait ses preuves dans le domaine de l\u2019exportation. Son intervention a \u00e9t\u00e9 remarqu\u00e9e pour son bon sens&nbsp;: <em>\u00ab&nbsp;Il faut d\u2019abord \u00eatre tr\u00e8s fort sur son propre march\u00e9, \u00e0 domicile, avant de penser \u00e0 exporter et \u00e0 gagner \u00e0 l\u2019ext\u00e9rieur. Si la Corse veut se d\u00e9velopper en empruntant cette voie, elle doit choisir ses contraintes et ne pas les subir. Il y a des co\u00fbts cach\u00e9s et des surco\u00fbts inh\u00e9rents \u00e0 la logistique, au stockage, \u00e0 la maintenance. Autant d\u2019obstacles qui valent d\u2019\u00eatre surmont\u00e9s si l\u2019on identifie parfaitement ce que l\u2019on doit produire et dans l\u2019optique de la qualit\u00e9. Car seule la qualit\u00e9 permettra de jouer des coudes sur des march\u00e9s concurrentiels et parfois d\u00e9loyaux.&nbsp;\u00bb <\/em>Selon lui, une ing\u00e9nierie plus tangible est aussi la cl\u00e9 de la r\u00e9ussite.<\/p>\n\n\n\n<p><em>*P\u00f4le presse qui regroupe La Tribune, La Provence, Corse-Matin, BFM<\/em><\/p>\n\n\n\n<div style=\"height:54px\" aria-hidden=\"true\" class=\"wp-block-spacer\"><\/div>\n\n\n\n<div class=\"wp-block-media-text is-stacked-on-mobile\"><figure class=\"wp-block-media-text__media\"><img fetchpriority=\"high\" decoding=\"async\" width=\"1024\" height=\"768\" src=\"https:\/\/www.cci.corsica\/wp-content\/uploads\/2025\/07\/fb-une2-1024x768.png\" alt=\"\" class=\"wp-image-8301 size-full\" srcset=\"https:\/\/www.cci.corsica\/wp-content\/uploads\/2025\/07\/fb-une2-1024x768.png 1024w, https:\/\/www.cci.corsica\/wp-content\/uploads\/2025\/07\/fb-une2-300x225.png 300w, https:\/\/www.cci.corsica\/wp-content\/uploads\/2025\/07\/fb-une2-768x576.png 768w, https:\/\/www.cci.corsica\/wp-content\/uploads\/2025\/07\/fb-une2-1536x1152.png 1536w, https:\/\/www.cci.corsica\/wp-content\/uploads\/2025\/07\/fb-une2-16x12.png 16w, https:\/\/www.cci.corsica\/wp-content\/uploads\/2025\/07\/fb-une2.png 1667w\" sizes=\"(max-width: 1024px) 100vw, 1024px\" \/><\/figure><div class=\"wp-block-media-text__content\">\n<p><strong><a href=\"https:\/\/www.calameo.com\/read\/006340018ac70569f0c2b\" target=\"_blank\" rel=\"noreferrer noopener\">Lire La Lettre n\u00b0 56<\/a><\/strong><\/p>\n<\/div><\/div>\n\n\n\n<p><\/p>","protected":false},"excerpt":{"rendered":"<p>Sous l\u2019\u00e9gide de La Tribune et Corse-Matin, en partenariat avec la Collectivit\u00e9 de Corse et en collaboration avec notre institution, un sommet sur l\u2019\u00e9conomie insulaire a laiss\u00e9 bourgeonner quelques pistes de r\u00e9flexion et quelques espoirs dans les jardins suspendus du Palais des Gouverneurs de Bastia<\/p>","protected":false},"author":6,"featured_media":8107,"comment_status":"closed","ping_status":"closed","sticky":false,"template":"","format":"standard","meta":{"_acf_changed":false,"_seopress_robots_primary_cat":"none","_seopress_titles_title":"","_seopress_titles_desc":"","_seopress_robots_index":"","footnotes":""},"categories":[18,25],"tags":[58,57],"class_list":["post-8104","post","type-post","status-publish","format-standard","has-post-thumbnail","hentry","category-a-la-une","category-actualite","tag-economie","tag-entreprise"],"acf":[],"_links":{"self":[{"href":"https:\/\/www.cci.corsica\/co\/wp-json\/wp\/v2\/posts\/8104","targetHints":{"allow":["GET"]}}],"collection":[{"href":"https:\/\/www.cci.corsica\/co\/wp-json\/wp\/v2\/posts"}],"about":[{"href":"https:\/\/www.cci.corsica\/co\/wp-json\/wp\/v2\/types\/post"}],"author":[{"embeddable":true,"href":"https:\/\/www.cci.corsica\/co\/wp-json\/wp\/v2\/users\/6"}],"replies":[{"embeddable":true,"href":"https:\/\/www.cci.corsica\/co\/wp-json\/wp\/v2\/comments?post=8104"}],"version-history":[{"count":2,"href":"https:\/\/www.cci.corsica\/co\/wp-json\/wp\/v2\/posts\/8104\/revisions"}],"predecessor-version":[{"id":8309,"href":"https:\/\/www.cci.corsica\/co\/wp-json\/wp\/v2\/posts\/8104\/revisions\/8309"}],"wp:featuredmedia":[{"embeddable":true,"href":"https:\/\/www.cci.corsica\/co\/wp-json\/wp\/v2\/media\/8107"}],"wp:attachment":[{"href":"https:\/\/www.cci.corsica\/co\/wp-json\/wp\/v2\/media?parent=8104"}],"wp:term":[{"taxonomy":"category","embeddable":true,"href":"https:\/\/www.cci.corsica\/co\/wp-json\/wp\/v2\/categories?post=8104"},{"taxonomy":"post_tag","embeddable":true,"href":"https:\/\/www.cci.corsica\/co\/wp-json\/wp\/v2\/tags?post=8104"}],"curies":[{"name":"wp","href":"https:\/\/api.w.org\/{rel}","templated":true}]}}