{"id":8118,"date":"2025-07-16T11:33:46","date_gmt":"2025-07-16T09:33:46","guid":{"rendered":"https:\/\/www.cci.corsica\/?p=8118"},"modified":"2025-09-10T09:56:53","modified_gmt":"2025-09-10T07:56:53","slug":"la-lettre-i-nos-aeroports","status":"publish","type":"post","link":"https:\/\/www.cci.corsica\/co\/la-lettre-i-nos-aeroports\/","title":{"rendered":"La Lettre I Nos a\u00e9roports, refuges de la biodiversit\u00e9 !"},"content":{"rendered":"<p><strong>Le chiffre : 4 400<br><em>Le nombre d\u2019esp\u00e8ces v\u00e9g\u00e9tales et animales recens\u00e9es par l\u2019association A\u00e9robiodiversit\u00e9 dont 50 esp\u00e8ces d\u2019orchid\u00e9es rares et 350 esp\u00e8ces d\u2019oiseaux.<\/em><\/strong><\/p>\n\n\n\n<div style=\"height:29px\" aria-hidden=\"true\" class=\"wp-block-spacer\"><\/div>\n\n\n\n<hr class=\"wp-block-separator has-alpha-channel-opacity\" \/>\n\n\n\n<div style=\"height:28px\" aria-hidden=\"true\" class=\"wp-block-spacer\"><\/div>\n\n\n\n<p>Pour un passager, un a\u00e9roport c\u2019est un univers peupl\u00e9 d\u2019avions, de bagages, d\u2019agents de s\u00e9curit\u00e9, parfois de cohue. L\u2019esprit est au voyage, loin d\u2019imaginer que tout pr\u00e8s cohabitent des esp\u00e8ces animales et v\u00e9g\u00e9tales sauvages. Rien d\u2019inattendu pour l\u2019association A\u00e9robiodiversit\u00e9 qui f\u00eate cette ann\u00e9e ses dix ans d\u2019existence et \u00e0 laquelle adh\u00e8re la CCI de Corse. Et pour cause. Les plateformes sont des zones closes et pr\u00e9serv\u00e9es des activit\u00e9s humaines et du d\u00e9veloppement urbain pour des raisons de s\u00e9curit\u00e9. Parce que les prairies sont parmi les milieux naturels les plus menac\u00e9s en Europe, la biodiversit\u00e9 a\u00e9roportuaire m\u00e9rite d\u2019\u00eatre consid\u00e9r\u00e9e. En 2021, l\u2019association a cr\u00e9\u00e9 le label A\u00e9robio qui refl\u00e8te l\u2019engagement des a\u00e9roports dans ce domaine. Nos a\u00e9roports ont franchi les premiers niveaux et vont pers\u00e9v\u00e9rer car leurs prairies sont plus r\u00e9silientes \u00e0 la s\u00e8cheresse. Non seulement la Corse a\u00e9roportuaire se distingue par le nombre et la vari\u00e9t\u00e9 des esp\u00e8ces qu\u2019elle h\u00e9berge \u2013 certaines sont end\u00e9miques \u2013 mais elle accueille chaque ann\u00e9e de nouvelles, plantes, insectes, reptiles et mammif\u00e8res.<br>Mais on ne jouit bien que de ce qu\u2019on partage. Des expositions \u00e0 destination du grand public sont organis\u00e9es pour r\u00e9v\u00e9ler cet environnement pour beaucoup insoup\u00e7onn\u00e9. Bastia donne le top d\u00e9part le 15 juillet, Calvi et Ajaccio suivront dans la foul\u00e9e. Bravo aux \u00e9quipes !<\/p>\n\n\n\n<div style=\"height:29px\" aria-hidden=\"true\" class=\"wp-block-spacer\"><\/div>\n\n\n\n<h3 class=\"wp-block-heading\">Ajaccio Napol\u00e9on Bonaparte : 125 hectares de prairies<\/h3>\n\n\n\n<p><strong>L\u2019association et l\u2019a\u00e9roport\u2026<\/strong><br>Depuis 2015, l\u2019association A\u00e9ro Biodiversit\u00e9 oeuvre pour la pr\u00e9servation et la valorisation de la biodiversit\u00e9 sur les plateformes a\u00e9roportuaires fran\u00e7aises. Ajaccio est l\u2019un des pionniers de la d\u00e9marche et accueille l\u2019association depuis 2016. Pour distinguer les a\u00e9roports les plus impliqu\u00e9s dans une gestion durable de l\u2019environnement, A\u00e9ro Biodiversit\u00e9 a cr\u00e9\u00e9 le label \u00ab a\u00e9robio \u00bb. Il r\u00e9compense la diversit\u00e9 \u00e9cologique, la mobilisation du personnel, ainsi que les actions de sensibilisation men\u00e9es sur le terrain.<\/p>\n\n\n\n<p><strong>Pourquoi une exposition photo ?<\/strong><br>Les prairies situ\u00e9es sur les terrains a\u00e9roportuaires jouent un r\u00f4le cl\u00e9 dans la conservation de la faune et de la flore \u00e0 l\u2019\u00e9chelle nationale. Elles repr\u00e9sentent pr\u00e8s de 500 km\u00b2 d\u2019espaces verts pr\u00e9serv\u00e9s, non exploit\u00e9s pour l\u2019agriculture ou le p\u00e2turage. \u00e0 Ajaccio, la surface de la plateforme est de 180 hectares, dont 125 de prairies ! \u00c0 travers cette exposition photographique, nous vous invitons \u00e0 d\u00e9couvrir la richesse botanique et animale de notre a\u00e9roport c\u00f4tier, un \u00e9cosyst\u00e8me que nous cherchons \u00e0 mieux comprendre pour mieux le prot\u00e9ger.<\/p>\n\n\n\n<p><strong>L&rsquo;a\u00e9roport en quelques chiffres<\/strong><br>&#8211; 324 esp\u00e8ces de plantes recens\u00e9es<br>&#8211; 94 esp\u00e8ces d\u2019oiseaux<br>&#8211; 9 esp\u00e8ces de chauves-souris<br>&#8211; 113 esp\u00e8ces d\u2019invert\u00e9br\u00e9s terrestres<br>&#8211; 341 esp\u00e8ces d\u2019insectes<br>&#8211; 45 esp\u00e8ces de papillons<\/p>\n\n\n\n<div style=\"height:29px\" aria-hidden=\"true\" class=\"wp-block-spacer\"><\/div>\n\n\n\n<h3 class=\"wp-block-heading\">Bastia- Poretta : 13 nouvelles esp\u00e8ces<\/h3>\n\n\n\n<p>Notre a\u00e9roport de Bastia Poretta a obtenu le label a\u00e9robio \u2013 niveau 1. Cette lab\u00e9lisation vient d\u00e9montrer l\u2019investissement et l\u2019engagement de la part de la CCI de Corse et des \u00e9quipes a\u00e9roportuaires en mati\u00e8re de d\u00e9veloppement durable et de pr\u00e9servation de l\u2019environnement.<br>Depuis 2016, notre plateforme est partenaire de cette d\u00e9marche. Les protocoles de sciences participatives ont \u00e9t\u00e9 suivis r\u00e9guli\u00e8rement depuis notre adh\u00e9sion.<br>En 2024, 128 esp\u00e8ces floristiques dont 13 nouvelles ont \u00e9t\u00e9 observ\u00e9es, 57 esp\u00e8ces d\u2019oiseaux dont 2 nouvelles (toutes poss\u00e8dent un statut de protection nationale), 133 esp\u00e8ces d\u2019insectes dont 48 nouvelles, 10 esp\u00e8ces de chauve-souris et 3 esp\u00e8ces de reptiles. Au cours de l\u2019ann\u00e9e \u00e9coul\u00e9e, l\u2019Association A\u00e9roBiodiversit\u00e9 a effectu\u00e9 3 sessions de protocole dont deux nocturnes.<br>Fait marquant : arr\u00eat de l\u2019utilisation des produits phytosanitaires.<\/p>\n\n\n\n<div style=\"height:29px\" aria-hidden=\"true\" class=\"wp-block-spacer\"><\/div>\n\n\n\n<h3 class=\"wp-block-heading\">Calvi Sainte-Catherine : 24 oiseaux prot\u00e9g\u00e9s<\/h3>\n\n\n\n<p>Depuis fin 2022, la plateforme a adh\u00e9r\u00e9 \u00e0 l\u2019association A\u00e9roBiodiversit\u00e9, elle a int\u00e9gr\u00e9 une d\u00e9marche responsable qui consiste \u00e0 mieux comprendre la faune, la flore et leurs habitants sur l\u2019a\u00e9rodrome. En 2024, 73 esp\u00e8ces floristiques ont \u00e9t\u00e9 r\u00e9pertori\u00e9es, 58 esp\u00e8ces d\u2019oiseaux ont \u00e9t\u00e9 recens\u00e9es, parmi lesquelles 24 sont prot\u00e9g\u00e9es. L\u2019inventaire a \u00e9galement identifi\u00e9 51 taxons d\u2019arthropodes. Deux nouvelles esp\u00e8ces de mammif\u00e8res, le rat surmulot et le lapin de garenne, ont \u00e9t\u00e9 observ\u00e9es pour la premi\u00e8re fois ainsi que 4 esp\u00e8ces de reptiles.<br>Au cours de l\u2019ann\u00e9e \u00e9coul\u00e9e, 3 sessions de protocoles dont une de nuit ont \u00e9t\u00e9 r\u00e9alis\u00e9es.<br>L\u00e0 encore, aucun produit phytosanitaire n\u2019est utilis\u00e9.<\/p>\n\n\n\n<div style=\"height:29px\" aria-hidden=\"true\" class=\"wp-block-spacer\"><\/div>\n\n\n\n<h3 class=\"wp-block-heading\">Figari Sud-Corse : royaume de la tortue d\u2019Hermann<\/h3>\n\n\n\n<p>La future expostion de Figari ne sera pas moins passionnante. La plateforme de 140 hectares, la plus au sud de la France m\u00e9tropolitaine, est \u00e9galement riche en faune et en flore favosis\u00e9es par les zones humides environnantes. Dans ce royaume la tortue d\u2019Hermann y fait l\u2019\u00e9loge de la lenteur\u2026<\/p>\n\n\n\n<div style=\"height:25px\" aria-hidden=\"true\" class=\"wp-block-spacer\"><\/div>\n\n\n\n<hr class=\"wp-block-separator has-alpha-channel-opacity\" \/>\n\n\n\n<div style=\"height:26px\" aria-hidden=\"true\" class=\"wp-block-spacer\"><\/div>\n\n\n\n<h3 class=\"wp-block-heading\">Trois questions \u00e0\u2026<br>Quentin Robert, naturaliste \u00e0 A\u00e9robiodiversit\u00e9<\/h3>\n\n\n\n<p><strong>&#8211; Au niveau de la biodiversit\u00e9, qu\u2019est-ce qui distingue les a\u00e9roports de Corse des autres a\u00e9roports ?<\/strong><br>Ce qui rend les a\u00e9roports de Corse int\u00e9ressants, ce n\u2019est pas une biodiversit\u00e9 tr\u00e8s diff\u00e9rente de celle des autres a\u00e9roports m\u00e9diterran\u00e9ens, mais plut\u00f4t le contexte de l\u2019insularit\u00e9. En Corse, les \u00e9changes de biodiversit\u00e9 avec le continent sont limit\u00e9s, surtout en ce qui concerne les plantes ou les insectes. On se retrouve donc avec des communaut\u00e9s d\u2019esp\u00e8ces tr\u00e8s sp\u00e9cifiques, souvent stables et riches, parfois m\u00eame uniques. Par exemple, sur l\u2019a\u00e9roport d\u2019Ajaccio, on a recens\u00e9 la pr\u00e9sence de l\u2019H\u00e9lix de Corse, un petit escargot end\u00e9mique, qu\u2019on ne le trouve nulle part ailleurs dans le monde. C\u2019est une esp\u00e8ce en danger critique d\u2019extinction, et pourtant elle cohabite ici avec l\u2019activit\u00e9 a\u00e9rienne. C\u2019est ce genre de d\u00e9couverte qui illustre \u00e0 quel point ces espaces sont \u00e0 prendre au s\u00e9rieux du point de vue \u00e9cologique.<\/p>\n\n\n\n<p><strong>&#8211; Que faut-il aux a\u00e9roports de l\u2019\u00eele pour grimper toutes les marches du label ?<\/strong><br>Chaque a\u00e9roport a ses points forts, ses marges de progression, ses contraintes. Mais la dynamique globale est positive : d\u00e9j\u00e0, faire appel \u00e0 A\u00e9robiodiversit\u00e9 pour dresser un inventaire r\u00e9gulier et recevoir des conseils de gestion est d\u00e9j\u00e0 un engagement fort. Maintenant, pour aller plus loin dans la d\u00e9marche et atteindre les niveaux sup\u00e9rieurs du label, il s\u2019agit de p\u00e9renniser cet engagement, et de progresser dans plusieurs domaines. Le label repose sur quatre piliers : la connaissance et la gestion respectueuse de la biodiversit\u00e9 ; l\u2019implication active du personnel ; la communication, pour valoriser les actions en interne et aupr\u00e8s du public ; l\u2019ancrage territorial, c\u2019est-\u00e0-dire le lien avec les acteurs locaux, politiques, naturalistes ou p\u00e9dagogiques. Les plateformes corses sont bien positionn\u00e9es sur plusieurs volets, mais la cl\u00e9 reste la continuit\u00e9 dans le temps.<\/p>\n\n\n\n<p><strong>&#8211; L\u2019avion et l\u2019\u00e9cologie ne font pas bon m\u00e9nage. Des initiatives comme des expositions contribuent-elles \u00e0 recoller les morceaux ?<\/strong><br>Par a priori, on oppose souvent a\u00e9roport et biodiversit\u00e9, mais les a\u00e9roports sont en r\u00e9alit\u00e9 constitu\u00e9s \u00e0 environ 70 % d\u2019espaces verts, pour la plupart des prairies. Or, ces milieux sont aujourd\u2019hui en fort d\u00e9clin en Europe : entre l\u2019urbanisation, l\u2019abandon du p\u00e2turage ou l\u2019intensification agricole, les prairies naturelles disparaissent. Les a\u00e9roports jouent donc un r\u00f4le de refuge important pour toute une s\u00e9rie d\u2019esp\u00e8ces, parfois rares ou prot\u00e9g\u00e9es, qui trouvent ici des conditions favorables pour se maintenir. Et ce r\u00f4le, il faut le faire conna\u00eetre. C\u2019est une partie essentielle du travail de terrain de notre association. Mais comme nous ne sommes pas toujours pr\u00e9sents, les a\u00e9roports prennent le relais, notamment via des expositions photos dans les a\u00e9rogares. C\u2019est une tr\u00e8s bonne mani\u00e8re de sensibiliser les voyageurs, de montrer qu\u2019un a\u00e9roport peut aussi \u00eatre un acteur de la protection de la nature.<\/p>\n\n\n\n<div style=\"height:46px\" aria-hidden=\"true\" class=\"wp-block-spacer\"><\/div>\n\n\n\n<div class=\"wp-block-media-text is-stacked-on-mobile\"><figure class=\"wp-block-media-text__media\"><img fetchpriority=\"high\" decoding=\"async\" width=\"1024\" height=\"768\" src=\"https:\/\/www.cci.corsica\/wp-content\/uploads\/2025\/07\/fb-une2-1024x768.png\" alt=\"\" class=\"wp-image-8301 size-full\" srcset=\"https:\/\/www.cci.corsica\/wp-content\/uploads\/2025\/07\/fb-une2-1024x768.png 1024w, https:\/\/www.cci.corsica\/wp-content\/uploads\/2025\/07\/fb-une2-300x225.png 300w, https:\/\/www.cci.corsica\/wp-content\/uploads\/2025\/07\/fb-une2-768x576.png 768w, https:\/\/www.cci.corsica\/wp-content\/uploads\/2025\/07\/fb-une2-1536x1152.png 1536w, https:\/\/www.cci.corsica\/wp-content\/uploads\/2025\/07\/fb-une2-16x12.png 16w, https:\/\/www.cci.corsica\/wp-content\/uploads\/2025\/07\/fb-une2.png 1667w\" sizes=\"(max-width: 1024px) 100vw, 1024px\" \/><\/figure><div class=\"wp-block-media-text__content\">\n<p><strong><a href=\"https:\/\/www.calameo.com\/read\/006340018ac70569f0c2b\">Lire La Lettre n\u00b056<\/a><\/strong><\/p>\n<\/div><\/div>\n\n\n\n<p><\/p>","protected":false},"excerpt":{"rendered":"<p>Une heureuse constatation<br \/>\nport\u00e9e \u00e0 la connaissance du public invit\u00e9 \u00e0 d\u00e9couvrir la faune et la flore \u00e0 travers des expositions photos : d\u00e8s cet \u00e9t\u00e9, dans les a\u00e9rogares d\u2019Ajaccio Napol\u00e9on-Bonaparte, Bastia-Poretta, Calvi Sainte-Catherine puis<br \/>\n\u00e0 Figari Sud-Corse dans les prochains mois<\/p>","protected":false},"author":6,"featured_media":8121,"comment_status":"closed","ping_status":"closed","sticky":false,"template":"","format":"standard","meta":{"_acf_changed":false,"_seopress_robots_primary_cat":"none","_seopress_titles_title":"","_seopress_titles_desc":"","_seopress_robots_index":"","footnotes":""},"categories":[18,25],"tags":[38],"class_list":["post-8118","post","type-post","status-publish","format-standard","has-post-thumbnail","hentry","category-a-la-une","category-actualite","tag-aerien"],"acf":[],"_links":{"self":[{"href":"https:\/\/www.cci.corsica\/co\/wp-json\/wp\/v2\/posts\/8118","targetHints":{"allow":["GET"]}}],"collection":[{"href":"https:\/\/www.cci.corsica\/co\/wp-json\/wp\/v2\/posts"}],"about":[{"href":"https:\/\/www.cci.corsica\/co\/wp-json\/wp\/v2\/types\/post"}],"author":[{"embeddable":true,"href":"https:\/\/www.cci.corsica\/co\/wp-json\/wp\/v2\/users\/6"}],"replies":[{"embeddable":true,"href":"https:\/\/www.cci.corsica\/co\/wp-json\/wp\/v2\/comments?post=8118"}],"version-history":[{"count":4,"href":"https:\/\/www.cci.corsica\/co\/wp-json\/wp\/v2\/posts\/8118\/revisions"}],"predecessor-version":[{"id":8313,"href":"https:\/\/www.cci.corsica\/co\/wp-json\/wp\/v2\/posts\/8118\/revisions\/8313"}],"wp:featuredmedia":[{"embeddable":true,"href":"https:\/\/www.cci.corsica\/co\/wp-json\/wp\/v2\/media\/8121"}],"wp:attachment":[{"href":"https:\/\/www.cci.corsica\/co\/wp-json\/wp\/v2\/media?parent=8118"}],"wp:term":[{"taxonomy":"category","embeddable":true,"href":"https:\/\/www.cci.corsica\/co\/wp-json\/wp\/v2\/categories?post=8118"},{"taxonomy":"post_tag","embeddable":true,"href":"https:\/\/www.cci.corsica\/co\/wp-json\/wp\/v2\/tags?post=8118"}],"curies":[{"name":"wp","href":"https:\/\/api.w.org\/{rel}","templated":true}]}}