{"id":8202,"date":"2025-08-26T09:24:17","date_gmt":"2025-08-26T07:24:17","guid":{"rendered":"https:\/\/www.cci.corsica\/?p=8202"},"modified":"2025-08-27T09:29:30","modified_gmt":"2025-08-27T07:29:30","slug":"communique-de-la-cci-de-corse","status":"publish","type":"post","link":"https:\/\/www.cci.corsica\/co\/communique-de-la-cci-de-corse\/","title":{"rendered":"Communiqu\u00e9 de la CCI de Corse"},"content":{"rendered":"<p><\/p>\n\n\n\n<p>A de multiples reprises depuis le d\u00e9but de l\u2019ann\u00e9e, et plus particuli\u00e8rement lors de notre Assembl\u00e9e G\u00e9n\u00e9rale du 27 mai dernier, nous avons communiqu\u00e9 publiquement le soutien de la CCI de Corse aux professionnels victimes des attentats, incendies et autres atteintes aux biens de leurs commerces et entreprises.<\/p>\n\n\n\n<p>Apr\u00e8s un court r\u00e9pit de quelques semaines, la spirale mortif\u00e8re a repris son cours qui semble d\u00e9sormais aussi inexorable que d\u00e9sesp\u00e9rant.<\/p>\n\n\n\n<p>Nous le r\u00e9p\u00e9tons avec force, les d\u00e9g\u00e2ts physiques, financiers et les impacts psychologiques anxiog\u00e8nes de ces attentats condamnent des familles, des emplois, des secteurs entiers de notre \u00e9conomie au d\u00e9clin voire \u00e0 la disparition.<\/p>\n\n\n\n<p>Priv\u00e9 de s\u00e9curit\u00e9 et d\u2019espoir, notre tissu \u00e9conomique d\u00e9j\u00e0 fragilis\u00e9 par tant de facteurs ext\u00e9rieurs est menac\u00e9 dans son ensemble par ceux qui ont d\u00e9cid\u00e9 de contraindre sur notre Ile la libert\u00e9 du commerce et celle d\u2019entreprendre.<\/p>\n\n\n\n<p>Les perspectives pourtant vitales pour notre jeunesse de participer au d\u00e9veloppement de la Corse n\u2019ont jamais \u00e9t\u00e9 autant remises en cause et l\u2019incertitude gagne chaque jour du terrain.<\/p>\n\n\n\n<p>Nous exprimons \u00e0 nouveau notre compassion et notre entier soutien aux chefs d\u2019entreprise et \u00e0 leurs familles, leurs salari\u00e9s, expos\u00e9s cette fois physiquement et personnellement, aux actes criminels qui gangr\u00e8nent notre quotidien.<\/p>","protected":false},"excerpt":{"rendered":"<p>A de multiples reprises depuis le d\u00e9but de l\u2019ann\u00e9e, et plus particuli\u00e8rement lors de notre Assembl\u00e9e G\u00e9n\u00e9rale du 27 mai dernier, nous avons communiqu\u00e9 publiquement le soutien de la CCI de Corse aux professionnels victimes des attentats, incendies et autres atteintes aux biens de leurs commerces et entreprises. Apr\u00e8s un court r\u00e9pit de quelques semaines, [&hellip;]<\/p>\n","protected":false},"author":6,"featured_media":0,"comment_status":"closed","ping_status":"closed","sticky":false,"template":"","format":"standard","meta":{"_acf_changed":false,"_seopress_robots_primary_cat":"none","_seopress_titles_title":"","_seopress_titles_desc":"","_seopress_robots_index":"","footnotes":""},"categories":[18,25],"tags":[],"class_list":["post-8202","post","type-post","status-publish","format-standard","hentry","category-a-la-une","category-actualite"],"acf":[],"_links":{"self":[{"href":"https:\/\/www.cci.corsica\/co\/wp-json\/wp\/v2\/posts\/8202","targetHints":{"allow":["GET"]}}],"collection":[{"href":"https:\/\/www.cci.corsica\/co\/wp-json\/wp\/v2\/posts"}],"about":[{"href":"https:\/\/www.cci.corsica\/co\/wp-json\/wp\/v2\/types\/post"}],"author":[{"embeddable":true,"href":"https:\/\/www.cci.corsica\/co\/wp-json\/wp\/v2\/users\/6"}],"replies":[{"embeddable":true,"href":"https:\/\/www.cci.corsica\/co\/wp-json\/wp\/v2\/comments?post=8202"}],"version-history":[{"count":2,"href":"https:\/\/www.cci.corsica\/co\/wp-json\/wp\/v2\/posts\/8202\/revisions"}],"predecessor-version":[{"id":8206,"href":"https:\/\/www.cci.corsica\/co\/wp-json\/wp\/v2\/posts\/8202\/revisions\/8206"}],"wp:attachment":[{"href":"https:\/\/www.cci.corsica\/co\/wp-json\/wp\/v2\/media?parent=8202"}],"wp:term":[{"taxonomy":"category","embeddable":true,"href":"https:\/\/www.cci.corsica\/co\/wp-json\/wp\/v2\/categories?post=8202"},{"taxonomy":"post_tag","embeddable":true,"href":"https:\/\/www.cci.corsica\/co\/wp-json\/wp\/v2\/tags?post=8202"}],"curies":[{"name":"wp","href":"https:\/\/api.w.org\/{rel}","templated":true}]}}