{"id":8223,"date":"2025-09-04T14:00:00","date_gmt":"2025-09-04T12:00:00","guid":{"rendered":"https:\/\/www.cci.corsica\/?p=8223"},"modified":"2025-11-05T11:51:33","modified_gmt":"2025-11-05T10:51:33","slug":"la-lettre-n57-septembre-2025","status":"publish","type":"post","link":"https:\/\/www.cci.corsica\/co\/la-lettre-n57-septembre-2025\/","title":{"rendered":"La Lettre n\u00b057 &#8211; Septembre 2025"},"content":{"rendered":"<p><\/p>\n\n\n\n<p>Sous l\u2019\u00e9gide de la Collectivit\u00e9 de Corse, avec le soutien de l\u2019Etat, de la ville d\u2019Ajaccio et de la CAPA, et en osmose avec notre principal partenaire, la Chambre r\u00e9gionale de M\u00e9tiers et de l\u2019Artisanat de Corse, l\u2019organisation se peaufine \u00e0 tous les niveaux et un logo, que vous pouvez d\u00e9couvrir dans la pr\u00e9sente publication, a fait l\u2019objet d\u2019un choix unanime. Et pour cause. Il refl\u00e8te \u00e0 la fois la localisation, la vocation, l\u2019identification de cette nouvelle institution attendue depuis des d\u00e9cennies au sein de la fili\u00e8re de l\u2019h\u00f4tellerie, de la restauration et de l\u2019\u00e9v\u00e8nementiel.<\/p>\n\n\n\n<p>Une rentr\u00e9e studieuse pour pr\u00e9parer \u00e9galement la mise en place dans un climat de confiance, de concertation et de p\u00e9dagogie, le futur \u00e9tablissement public approuv\u00e9 \u00e0 l\u2019unanimit\u00e9 par l\u2019ensemble de la repr\u00e9sentation consulaire, sociale, territoriale et nationale, qui reprendra bient\u00f4t les \u00e9quipes, les missions et\u2026 la bonne sant\u00e9 financi\u00e8re de l\u2019actuelle CCI de Corse.<\/p>\n\n\n\n<p>L\u2019arri\u00e8re-saison touristique commence, viendra ensuite le temps des bilans et des analyses, mais quoi qu\u2019il en soit des projets importants sont \u00e0 concr\u00e9tiser dans les mois qui viennent, comme celui dit des \u00ab&nbsp;achats de flux&nbsp;\u00bb avec la Collectivit\u00e9 de Corse pour passer \u00e0 un \u00e9tage sup\u00e9rieur avec 10 nouvelles lignes annualis\u00e9es sur nos a\u00e9roports.<\/p>\n\n\n\n<p>Vous souhaitant une bonne lecture, je vous adresse mes salutations les plus amicales.<\/p>\n\n\n\n<div style=\"height:53px\" aria-hidden=\"true\" class=\"wp-block-spacer\"><\/div>\n\n\n\n<p class=\"has-text-align-left\">                                                                                                                                  <strong>Jean DOMINICI<\/strong><\/p>\n\n\n\n<div style=\"height:100px\" aria-hidden=\"true\" class=\"wp-block-spacer\"><\/div>\n\n\n\n<div class=\"wp-block-media-text is-stacked-on-mobile\"><figure class=\"wp-block-media-text__media\"><img fetchpriority=\"high\" decoding=\"async\" width=\"1024\" height=\"768\" src=\"https:\/\/www.cci.corsica\/wp-content\/uploads\/2025\/08\/fb-1024x768.png\" alt=\"\" class=\"wp-image-8226 size-full\" srcset=\"https:\/\/www.cci.corsica\/wp-content\/uploads\/2025\/08\/fb-1024x768.png 1024w, https:\/\/www.cci.corsica\/wp-content\/uploads\/2025\/08\/fb-300x225.png 300w, https:\/\/www.cci.corsica\/wp-content\/uploads\/2025\/08\/fb-768x576.png 768w, https:\/\/www.cci.corsica\/wp-content\/uploads\/2025\/08\/fb-1536x1152.png 1536w, https:\/\/www.cci.corsica\/wp-content\/uploads\/2025\/08\/fb-16x12.png 16w, https:\/\/www.cci.corsica\/wp-content\/uploads\/2025\/08\/fb.png 1667w\" sizes=\"(max-width: 1024px) 100vw, 1024px\" \/><\/figure><div class=\"wp-block-media-text__content\">\n<p><strong><a href=\"https:\/\/www.calameo.com\/read\/006340018a805141bec06\" target=\"_blank\" rel=\"noreferrer noopener\">Lire La Lettre n\u00b0 57<\/a><\/strong><\/p>\n<\/div><\/div>\n\n\n\n<p><\/p>","protected":false},"excerpt":{"rendered":"<p>Apr\u00e8s la parenth\u00e8se estivale, retrouvez  la \u00ab Lettre \u00bb de la rentr\u00e9e, un terme qui rev\u00eat une r\u00e9sonance particuli\u00e8re puisqu\u2019il fait, au-del\u00e0 du calendrier, r\u00e9f\u00e9rence \u00e0 l\u2019ouverture imminente de l\u2019EHM, l\u2019\u00c9cole H\u00f4teli\u00e8re M\u00e9diterran\u00e9enne au Palais des Congr\u00e8s d\u2019Ajaccio r\u00e9nov\u00e9 et r\u00e9am\u00e9nag\u00e9 pour la circonstance.<\/p>","protected":false},"author":6,"featured_media":8226,"comment_status":"closed","ping_status":"closed","sticky":false,"template":"","format":"standard","meta":{"_acf_changed":false,"_seopress_robots_primary_cat":"none","_seopress_titles_title":"","_seopress_titles_desc":"","_seopress_robots_index":"","footnotes":""},"categories":[17],"tags":[58,32,34],"class_list":["post-8223","post","type-post","status-publish","format-standard","has-post-thumbnail","hentry","category-la-lettre","tag-economie","tag-formation","tag-institution"],"acf":[],"_links":{"self":[{"href":"https:\/\/www.cci.corsica\/co\/wp-json\/wp\/v2\/posts\/8223","targetHints":{"allow":["GET"]}}],"collection":[{"href":"https:\/\/www.cci.corsica\/co\/wp-json\/wp\/v2\/posts"}],"about":[{"href":"https:\/\/www.cci.corsica\/co\/wp-json\/wp\/v2\/types\/post"}],"author":[{"embeddable":true,"href":"https:\/\/www.cci.corsica\/co\/wp-json\/wp\/v2\/users\/6"}],"replies":[{"embeddable":true,"href":"https:\/\/www.cci.corsica\/co\/wp-json\/wp\/v2\/comments?post=8223"}],"version-history":[{"count":4,"href":"https:\/\/www.cci.corsica\/co\/wp-json\/wp\/v2\/posts\/8223\/revisions"}],"predecessor-version":[{"id":8230,"href":"https:\/\/www.cci.corsica\/co\/wp-json\/wp\/v2\/posts\/8223\/revisions\/8230"}],"wp:featuredmedia":[{"embeddable":true,"href":"https:\/\/www.cci.corsica\/co\/wp-json\/wp\/v2\/media\/8226"}],"wp:attachment":[{"href":"https:\/\/www.cci.corsica\/co\/wp-json\/wp\/v2\/media?parent=8223"}],"wp:term":[{"taxonomy":"category","embeddable":true,"href":"https:\/\/www.cci.corsica\/co\/wp-json\/wp\/v2\/categories?post=8223"},{"taxonomy":"post_tag","embeddable":true,"href":"https:\/\/www.cci.corsica\/co\/wp-json\/wp\/v2\/tags?post=8223"}],"curies":[{"name":"wp","href":"https:\/\/api.w.org\/{rel}","templated":true}]}}