{"id":8292,"date":"2025-09-08T14:49:50","date_gmt":"2025-09-08T12:49:50","guid":{"rendered":"https:\/\/www.cci.corsica\/?p=8292"},"modified":"2025-09-10T16:50:40","modified_gmt":"2025-09-10T14:50:40","slug":"investir-en-milieu-rural","status":"publish","type":"post","link":"https:\/\/www.cci.corsica\/co\/investir-en-milieu-rural\/","title":{"rendered":"La Lettre I Investir en milieu rural"},"content":{"rendered":"<p>Favoriser l\u2019\u00e9conomie de production locale durable, cultiver l\u2019esprit de proximit\u00e9 en milieu rural et r\u00e9pondre \u00e0 l\u2019\u00e9volution des attentes des consommateurs, affirmer le commerce et l\u2019artisanat comme\u00a0 un\u00a0 facteur\u00a0 d\u2019attractivit\u00e9\u00a0 et\u00a0 de\u00a0 polarisation sociale des territoires ruraux d\u00e9vitalis\u00e9s, encourager les activit\u00e9s privil\u00e9giant les initiatives solidaires qui facilitent la transition \u00e9cologique et \u00e9nerg\u00e9tique\u00a0: voici trac\u00e9es les grandes lignes du <strong>dispositif <em>Cresce III<\/em> <\/strong> justement appel\u00e9 \u00ab\u00a0\u00c9conomie productive et de proximit\u00e9\u00a0\u00bb d\u00e9ploy\u00e9 par l\u2019ADEC, avec le soutien de la CCI de Corse et la Chambre r\u00e9gionale de M\u00e9tiers et de l\u2019Artisanat.<\/p>\n\n\n\n<p><strong>Cet appel \u00e0 projets dot\u00e9 d\u2019une enveloppe d\u20191 M\u20ac<\/strong>, vise \u00e0 la cr\u00e9ation, \u00e0 la modernisation et au d\u00e9veloppement d\u2019activit\u00e9s exclusivement dans la ruralit\u00e9 et sur la base du zonage des communes estampill\u00e9es <em>Salvezza \u00e8 Rilanciu<\/em> du nom du plan d\u00e9cid\u00e9 par la Collectivit\u00e9 de Corse \u00e0 destination des commerces, des TPE, des artisans et des exploitants agricoles pour se relever au mieux des coups durs de la crise sanitaire.<\/p>\n\n\n\n<p>L\u2019aide aux candidats \u00e9ligibles est directe, octroy\u00e9e sous forme de subvention&nbsp;: le plancher est fix\u00e9 \u00e0 2 000 \u20ac et le plafond \u00e0 50 000 \u20ac.<\/p>\n\n\n\n<p><strong>Qui peut en b\u00e9n\u00e9ficier ?<\/strong> Les TPE corses de moins de&nbsp;11 salari\u00e9s, pr\u00e9sentant un chiffre d\u2019affaires annuel inf\u00e9rieur \u00e0&nbsp;1 million d\u2019euros HT et engag\u00e9es en zone rurale dans les activit\u00e9s de&nbsp;production, commerce ou services de proximit\u00e9.<\/p>\n\n\n\n<p><strong>Quels projets sont \u00e9ligibles ?<\/strong> Ceux qui proposent des investissements mat\u00e9riels (\u00e9quipements, vitrines, accessibilit\u00e9, s\u00e9curisation, transition \u00e9cologique ou num\u00e9rique), veulent acqu\u00e9rir des v\u00e9hicules professionnels (marchands ambulants) ou sont en qu\u00eate d\u2019\u00e9tudes ou de conseils li\u00e9s aux investissements innovants. Ne sont pas \u00e9ligibles : la valorisation immobili\u00e8re, les dispositifs de production d\u2019\u00e9nergie, l\u2019achat de fonds de commerce.<\/p>\n\n\n\n<p>Les retardataires doivent savoir que la date limite de d\u00e9p\u00f4t des candidatures est arr\u00eat\u00e9e au 30 septembre 2025. Le p\u00e9titionnaire doit d\u00e9poser sa demande sur le site www.adec.corsica en cliquant sur \u00ab L\u2019ADEC \u00c0 FIANC\u2019\u00c0 M\u00c8 &#8211; FAIRE UNE DEMANDE DE SOUTIEN \u00bb La \u00ab&nbsp;fiche projet&nbsp;\u00bb doit comporter la mention \u00ab&nbsp;AAP CRESCE 2025&nbsp;\u00bb.<\/p>\n\n\n\n<p>Les \u00e9quipes de la CCI de Corse et de la CMA de Corse sont \u00e0 leur disposition pour les conseiller et les accompagner.<\/p>\n\n\n\n<div style=\"height:53px\" aria-hidden=\"true\" class=\"wp-block-spacer\"><\/div>\n\n\n\n<div class=\"wp-block-media-text is-stacked-on-mobile\"><figure class=\"wp-block-media-text__media\"><img fetchpriority=\"high\" decoding=\"async\" width=\"1024\" height=\"768\" src=\"https:\/\/www.cci.corsica\/wp-content\/uploads\/2025\/08\/fb-1024x768.png\" alt=\"\" class=\"wp-image-8226 size-full\" srcset=\"https:\/\/www.cci.corsica\/wp-content\/uploads\/2025\/08\/fb-1024x768.png 1024w, https:\/\/www.cci.corsica\/wp-content\/uploads\/2025\/08\/fb-300x225.png 300w, https:\/\/www.cci.corsica\/wp-content\/uploads\/2025\/08\/fb-768x576.png 768w, https:\/\/www.cci.corsica\/wp-content\/uploads\/2025\/08\/fb-1536x1152.png 1536w, https:\/\/www.cci.corsica\/wp-content\/uploads\/2025\/08\/fb-16x12.png 16w, https:\/\/www.cci.corsica\/wp-content\/uploads\/2025\/08\/fb.png 1667w\" sizes=\"(max-width: 1024px) 100vw, 1024px\" \/><\/figure><div class=\"wp-block-media-text__content\">\n<p><strong><a href=\"https:\/\/www.calameo.com\/read\/006340018a805141bec06\" target=\"_blank\" rel=\"noreferrer noopener\">Lire La Lettre n\u00b0 57<\/a><\/strong><\/p>\n<\/div><\/div>","protected":false},"excerpt":{"rendered":"<p>TPE, artisans et commer\u00e7ants ont jusqu\u2019\u00e0 la fin du mois de septembre pour b\u00e9n\u00e9ficier de l\u2019op\u00e9ration \u00ab Cresce \u00bb de troisi\u00e8me g\u00e9n\u00e9ration men\u00e9e par l\u2019ADEC<\/p>","protected":false},"author":6,"featured_media":0,"comment_status":"closed","ping_status":"closed","sticky":false,"template":"","format":"standard","meta":{"_acf_changed":false,"_seopress_robots_primary_cat":"none","_seopress_titles_title":"","_seopress_titles_desc":"","_seopress_robots_index":"","footnotes":""},"categories":[18,25],"tags":[58],"class_list":["post-8292","post","type-post","status-publish","format-standard","hentry","category-a-la-une","category-actualite","tag-economie"],"acf":[],"_links":{"self":[{"href":"https:\/\/www.cci.corsica\/co\/wp-json\/wp\/v2\/posts\/8292","targetHints":{"allow":["GET"]}}],"collection":[{"href":"https:\/\/www.cci.corsica\/co\/wp-json\/wp\/v2\/posts"}],"about":[{"href":"https:\/\/www.cci.corsica\/co\/wp-json\/wp\/v2\/types\/post"}],"author":[{"embeddable":true,"href":"https:\/\/www.cci.corsica\/co\/wp-json\/wp\/v2\/users\/6"}],"replies":[{"embeddable":true,"href":"https:\/\/www.cci.corsica\/co\/wp-json\/wp\/v2\/comments?post=8292"}],"version-history":[{"count":3,"href":"https:\/\/www.cci.corsica\/co\/wp-json\/wp\/v2\/posts\/8292\/revisions"}],"predecessor-version":[{"id":8322,"href":"https:\/\/www.cci.corsica\/co\/wp-json\/wp\/v2\/posts\/8292\/revisions\/8322"}],"wp:attachment":[{"href":"https:\/\/www.cci.corsica\/co\/wp-json\/wp\/v2\/media?parent=8292"}],"wp:term":[{"taxonomy":"category","embeddable":true,"href":"https:\/\/www.cci.corsica\/co\/wp-json\/wp\/v2\/categories?post=8292"},{"taxonomy":"post_tag","embeddable":true,"href":"https:\/\/www.cci.corsica\/co\/wp-json\/wp\/v2\/tags?post=8292"}],"curies":[{"name":"wp","href":"https:\/\/api.w.org\/{rel}","templated":true}]}}