{"id":8497,"date":"2025-10-11T15:19:35","date_gmt":"2025-10-11T13:19:35","guid":{"rendered":"https:\/\/www.cci.corsica\/?p=8497"},"modified":"2025-10-13T17:53:56","modified_gmt":"2025-10-13T15:53:56","slug":"la-lettre-i-via-mare","status":"publish","type":"post","link":"https:\/\/www.cci.corsica\/co\/la-lettre-i-via-mare\/","title":{"rendered":"La Lettre I \u00ab Via Mare \u00bb pour faire naviguer l\u2019emploi"},"content":{"rendered":"<h3 class=\"wp-block-heading\"><strong>Le chiffre<\/strong> : <strong>5,1<\/strong><\/h3>\n\n\n\n<p>C\u2019est, en millions d\u2019euros, l\u2019enveloppe consacr\u00e9e au dispositif. 80 % du montant \u00e9mane du Fonds Europ\u00e9en de D\u00e9veloppement R\u00e9gional (FEDER)<\/p>\n\n\n\n<div style=\"height:44px\" aria-hidden=\"true\" class=\"wp-block-spacer\"><\/div>\n\n\n\n<hr class=\"wp-block-separator has-alpha-channel-opacity\" \/>\n\n\n\n<div style=\"height:39px\" aria-hidden=\"true\" class=\"wp-block-spacer\"><\/div>\n\n\n\n<p>Les ph\u00e9nom\u00e8nes \u00e9conomiques, climatiques, migratoires et bellicistes ne contribuent pas vraiment \u00e0 l\u2019unification de l\u2019Europe. Les passerelles se replient comme des ponts-levis sur des pays-forteresses. Il existe toutefois des archipels territoriaux o\u00f9 les \u00e9changes constructifs sont encore possibles. <\/p>\n\n\n\n<p>C\u2019est le cas du Programme de Coop\u00e9ration Interreg Italie-France \u00ab Marittimo \u00bb qui cultive la coop\u00e9ration transfrontali\u00e8re durable en M\u00e9diterran\u00e9e entre cinq grandes r\u00e9gions de France et d\u2019Italie : le Sud continental (Var et C\u00f4te d\u2019Azur), la Corse, la Sardaigne, la Ligurie et la Toscane. <\/p>\n\n\n\n<p>Le dernier dispositif qu\u2019il a engendr\u00e9 a pour nom de bapt\u00eame Via Mare, qui symbolise ces vill\u00e9giatures marines pour rapprocher les rives et les peuples. Son cap est clairement d\u00e9fini : favoriser l\u2019\u00e9mergence d\u2019un march\u00e9 du travail transfrontalier dans tous les domaines.<\/p>\n\n\n\n<div style=\"height:27px\" aria-hidden=\"true\" class=\"wp-block-spacer\"><\/div>\n\n\n\n<h3 class=\"wp-block-heading\">La plateforme \u00ab Corse Emploi \u00bb r\u00e9activ\u00e9e<\/h3>\n\n\n\n<p>Le coup d\u2019envoi de Via Mare a \u00e9t\u00e9 donn\u00e9 le 23 septembre \u00e0 notre campus CCI Formation Corsica\/Ampar\u00e0 M\u00e9di-terran\u00e9e en pr\u00e9sence des acteurs institutionnels des cinq territoires concern\u00e9s. <em>\u00ab Nous avons l\u2019ambition de b\u00e2tir un projet utile et ambitieux, connect\u00e9 \u00e0 d\u2019autres projets europ\u00e9ens et dont l\u2019emploi et la mobilit\u00e9 constituent la cl\u00e9 de vo\u00fbte. La Corse est la r\u00e9gion pilote de ce dispositif qui vise \u00e0 accompagner nos entreprises, pr\u00e9parer l\u2019avenir de nos jeunes et donner plus de coh\u00e9rence \u00e0 nos actions en faveur de l\u2019emploi et de l\u2019attractivit\u00e9 de nos territoires respectifs gr\u00e2ce \u00e0 la coop\u00e9ration m\u00e9diterran\u00e9enne \u00bb<\/em> argumente le pr\u00e9sident Jean Dominici. <\/p>\n\n\n\n<p><em>\u00ab Nous allons mettre en place des Mare Labs, des espaces o\u00f9 seront r\u00e9guli\u00e8rement invit\u00e9s des acteurs de l\u2019emploi et de l\u2019entrepreneuriat \u00e0 travailler ensemble<\/em>, pr\u00e9cise le service, en charge du projet europ\u00e9en au sein de notre chambre. <em>Aujourd\u2019hui, certains m\u00e9tiers sont en tension en Corse mais ne le sont pas en Ligurie, ou inversement. En cr\u00e9ant un march\u00e9 transfrontalier, nous recruterons intelligemment et, pour ce faire, il faut que la mobilit\u00e9 devienne plus simple, plus \u00e9vidente, plus accessible. \u00bb<\/em><\/p>\n\n\n\n<p><br>Dans cette optique, la plateforme \u00ab Corse Emploi \u00bb, con\u00e7ue il y a deux ans, est appel\u00e9e \u00e0 \u00eatre renforc\u00e9e et enrichie de nouveaux modules pour mieux assister les mobilit\u00e9s et les recrutements. <em>\u00ab On a cr\u00e9\u00e9 un outil qui repose sur les comp\u00e9tences plut\u00f4t que sur les m\u00e9tiers. Si le profil ne correspond pas pr\u00e9cis\u00e9ment, un volet formation sera propos\u00e9 pour le rendre plus conforme aux attentes. \u00bb <\/em><\/p>\n\n\n\n<p>Parall\u00e8lement, la CCI de Corse s\u2019attelle \u00e0 une attractivit\u00e9 plus sp\u00e9cifique de l\u2019\u00eele pour encourager le retour et l\u2019insertion de ses propres jeunes.<\/p>\n\n\n\n<div style=\"height:26px\" aria-hidden=\"true\" class=\"wp-block-spacer\"><\/div>\n\n\n\n<h3 class=\"wp-block-heading\">Un \u00ab livre blanc \u00bb \u00e9dit\u00e9 depuis la Corse<\/h3>\n\n\n\n<p>En attendant, le march\u00e9 du travail en Europe donne aux entreprises la capacit\u00e9 de recruter au-del\u00e0 de leur territoire et aux travailleurs celle d\u2019acc\u00e9der \u00e0 davantage d\u2019offres. Toutefois, plusieurs obstacles freinent la dynamique : les barri\u00e8res linguistiques, les \u00e9carts de salaires et de conditions de vie, la complexit\u00e9 administrative, la reconnaissance limit\u00e9e des dipl\u00f4mes et certifications. <\/p>\n\n\n\n<p>L\u2019objectif de Via Mare est de provoquer un march\u00e9 du travail plus ouvert, plus inclusif et mieux coordonn\u00e9 pour faire tomber les obstacles. Le premier axe de travail vise \u00e0 structurer la coop\u00e9ration entre les acteurs de l\u2019emploi \u00e0 l\u2019\u00e9chelle transfrontali\u00e8re via un r\u00e9seau partag\u00e9 et des rencontres r\u00e9guli\u00e8res. Un observatoire sera cr\u00e9\u00e9 pour recenser et partager les initiatives les plus efficaces. Un diagnostic approfondi est engag\u00e9 \u00e0 destination des publics qui rencontrent le plus de difficult\u00e9s d\u2019acc\u00e8s \u00e0 l\u2019emploi : jeunes sans formation, seniors, personnes en situation de handicap, travailleurs pr\u00e9caires, etc.<\/p>\n\n\n\n<p> Il s\u2019agira ensuite de canaliser les r\u00e9sultats des \u00e9tudes et des \u00e9changes dans une strat\u00e9gie commune qui facilitera le rapprochement entre l\u2019offre et la demande d\u2019emploi et donnera davantage de visibilit\u00e9 aux opportunit\u00e9s professionnelles et \u00e0 la qualit\u00e9 de vie dans les territoires de coop\u00e9ration. De nouvelles approches innovantes seront d\u00e9velopp\u00e9es, notamment l\u2019utilisation de la r\u00e9alit\u00e9 virtuelle pour \u00e9valuer les aptitudes transversales des candidats. <\/p>\n\n\n\n<p>Une campagne transfrontali\u00e8re de communication va mettre en exergue les atouts des territoires et des entreprises pour attirer de nouveaux talents. Il a \u00e9t\u00e9 demand\u00e9 \u00e0 la CCI d\u2019organiser un nouveau s\u00e9minaire en Corse qui d\u00e9bouchera sur un \u00ab livre blanc \u00bb de recommandations et d\u2019orientations pour l\u2019avenir.<br>Bon vent \u00e0 Via Mare !<\/p>\n\n\n\n<div style=\"height:56px\" aria-hidden=\"true\" class=\"wp-block-spacer\"><\/div>\n\n\n\n<div class=\"wp-block-media-text is-stacked-on-mobile\"><figure class=\"wp-block-media-text__media\"><img fetchpriority=\"high\" decoding=\"async\" width=\"1024\" height=\"768\" src=\"https:\/\/www.cci.corsica\/wp-content\/uploads\/2025\/10\/fb-1024x768.png\" alt=\"\" class=\"wp-image-8438 size-full\" srcset=\"https:\/\/www.cci.corsica\/wp-content\/uploads\/2025\/10\/fb-1024x768.png 1024w, https:\/\/www.cci.corsica\/wp-content\/uploads\/2025\/10\/fb-300x225.png 300w, https:\/\/www.cci.corsica\/wp-content\/uploads\/2025\/10\/fb-768x576.png 768w, https:\/\/www.cci.corsica\/wp-content\/uploads\/2025\/10\/fb-16x12.png 16w, https:\/\/www.cci.corsica\/wp-content\/uploads\/2025\/10\/fb.png 1333w\" sizes=\"(max-width: 1024px) 100vw, 1024px\" \/><\/figure><div class=\"wp-block-media-text__content\">\n<p><strong><a href=\"https:\/\/www.calameo.com\/read\/0063400182802b0e44244\" target=\"_blank\" rel=\"noreferrer noopener\">Lire La Lettre N\u00b0 58<\/a><\/strong><\/p>\n<\/div><\/div>","protected":false},"excerpt":{"rendered":"<p>La CCI de Corse a \u00e9t\u00e9 d\u00e9sign\u00e9e \u00ab chef de file \u00bb de ce programme europ\u00e9en qui favorise l\u2019emploi et la mobilit\u00e9 professionnelle en M\u00e9diterran\u00e9e occidentale<\/p>","protected":false},"author":6,"featured_media":8500,"comment_status":"closed","ping_status":"closed","sticky":false,"template":"","format":"standard","meta":{"_acf_changed":false,"_seopress_robots_primary_cat":"none","_seopress_titles_title":"","_seopress_titles_desc":"","_seopress_robots_index":"","footnotes":""},"categories":[18,25],"tags":[58],"class_list":["post-8497","post","type-post","status-publish","format-standard","has-post-thumbnail","hentry","category-a-la-une","category-actualite","tag-economie"],"acf":[],"_links":{"self":[{"href":"https:\/\/www.cci.corsica\/co\/wp-json\/wp\/v2\/posts\/8497","targetHints":{"allow":["GET"]}}],"collection":[{"href":"https:\/\/www.cci.corsica\/co\/wp-json\/wp\/v2\/posts"}],"about":[{"href":"https:\/\/www.cci.corsica\/co\/wp-json\/wp\/v2\/types\/post"}],"author":[{"embeddable":true,"href":"https:\/\/www.cci.corsica\/co\/wp-json\/wp\/v2\/users\/6"}],"replies":[{"embeddable":true,"href":"https:\/\/www.cci.corsica\/co\/wp-json\/wp\/v2\/comments?post=8497"}],"version-history":[{"count":3,"href":"https:\/\/www.cci.corsica\/co\/wp-json\/wp\/v2\/posts\/8497\/revisions"}],"predecessor-version":[{"id":8503,"href":"https:\/\/www.cci.corsica\/co\/wp-json\/wp\/v2\/posts\/8497\/revisions\/8503"}],"wp:featuredmedia":[{"embeddable":true,"href":"https:\/\/www.cci.corsica\/co\/wp-json\/wp\/v2\/media\/8500"}],"wp:attachment":[{"href":"https:\/\/www.cci.corsica\/co\/wp-json\/wp\/v2\/media?parent=8497"}],"wp:term":[{"taxonomy":"category","embeddable":true,"href":"https:\/\/www.cci.corsica\/co\/wp-json\/wp\/v2\/categories?post=8497"},{"taxonomy":"post_tag","embeddable":true,"href":"https:\/\/www.cci.corsica\/co\/wp-json\/wp\/v2\/tags?post=8497"}],"curies":[{"name":"wp","href":"https:\/\/api.w.org\/{rel}","templated":true}]}}