{"id":8505,"date":"2025-10-13T15:21:25","date_gmt":"2025-10-13T13:21:25","guid":{"rendered":"https:\/\/www.cci.corsica\/?p=8505"},"modified":"2025-10-16T11:20:00","modified_gmt":"2025-10-16T09:20:00","slug":"la-lettre-i-pas-deconomie","status":"publish","type":"post","link":"https:\/\/www.cci.corsica\/co\/la-lettre-i-pas-deconomie\/","title":{"rendered":"La Lettre I Pas d\u2019\u00e9conomie sans \u00e9nergie\u00a0!"},"content":{"rendered":"<p><strong>Projet SACOI 3<\/strong><\/p>\n\n\n\n<p>EDF et son jumeau italien Terna se sont associ\u00e9s pour doubler la puissance de la station\u00a0d\u2019\u00e9puration de Lucciana (de 50 \u00e0 100 MW) dans le cadre de la r\u00e9habilitation de la SACOI qui relie la Toscane \u00e0 la Sardaigne en passant par la Corse. : d\u2019une part, au niveau des \u00e9quipements, de la technologie et des enjeux environnementaux, elle est devenue obsol\u00e8te et, d\u2019autre part, la consommation \u00e9lectrique ne cesse d\u2019augmenter en raison de la mobilit\u00e9, de l\u2019abandon progressif du gaz, de la croissance d\u00e9mographique record sur le plan national et, on l\u2019esp\u00e8re du d\u00e9veloppement \u00e9conomique. <\/p>\n\n\n\n<p>C\u2019est \u00e0 ce titre que Jean Dominici, avec sa double casquette de pr\u00e9sident de la CCI de Corse et de la Communaut\u00e9 de communes de Marana-Golo, la premi\u00e8re de l\u2019\u00eele en nombre d\u2019entreprises et en volume de production, a assist\u00e9 \u00e0 la pose de la premi\u00e8re pierre de la future station le 11 septembre dernier \u00e0 Lucciana. <\/p>\n\n\n\n<p>Antoine Jourdain, directeur \u00e0 EDF des Syst\u00e8mes \u00e9lectriques insulaires, a expliqu\u00e9 que le projet d\u2019une envergure sans pr\u00e9c\u00e9dent pour la Corse, visait non seulement \u00e0 s\u00e9curiser sur le long terme l\u2019approvisionnement \u00e9lectrique du territoire, mais aussi \u00e0 faciliter l\u2019int\u00e9gration des \u00e9nergies renouvelables dans le r\u00e9seau pour atteindre l\u2019ind\u00e9pendance\u2026 \u00e9nerg\u00e9tique \u00e0 l\u2019horizon 2050\u00a0: <em>\u00ab\u00a0SACOI 3 est un \u00e9quipement strat\u00e9gique pour la Corse de dimension europ\u00e9enne. Il s\u2019agit d\u2019un projet ambitieux, r\u00e9silient, respectueux de l\u2019environnement puisqu\u2019il d\u00e9livre une \u00e9nergie d\u00e9carbon\u00e9e et fait appel aux technologies les plus avanc\u00e9es au niveau mondial\u00a0\u00bb.<\/em> <\/p>\n\n\n\n<p>Antoine Jourdain a aussi pr\u00e9cis\u00e9 que les retomb\u00e9es \u00e9conomiques pour la Corse, gr\u00e2ce au partenariat avec les entreprises locales, sont estim\u00e9es \u00e0 200 M\u20ac. Un vrai ballon d\u2019oxyg\u00e8ne par les temps qui courent.<\/p>\n\n\n\n<div style=\"height:40px\" aria-hidden=\"true\" class=\"wp-block-spacer\"><\/div>\n\n\n\n<hr class=\"wp-block-separator has-alpha-channel-opacity\" \/>\n\n\n\n<div style=\"height:34px\" aria-hidden=\"true\" class=\"wp-block-spacer\"><\/div>\n\n\n\n<h3 class=\"wp-block-heading\"><strong>SACOI 3 en cinq donn\u00e9es<\/strong><\/h3>\n\n\n\n<p><\/p>\n\n\n\n<p><strong>Capacit\u00e9 de transit\u00a0: 400 MW<\/strong><\/p>\n\n\n\n<p><strong>Puissance import\u00e9e en Corse\u00a0: 100 MW<\/strong><\/p>\n\n\n\n<p><strong>Investissement total\u00a0: 1,829 milliards d\u2019euros (dont 400 M\u20ac en Corse)<\/strong><\/p>\n\n\n\n<p><strong>Dur\u00e9e des travaux\u00a0: 5 ans<\/strong><\/p>\n\n\n\n<p><strong>Mise en exploitation\u00a0: 2030<\/strong><\/p>\n\n\n\n<div style=\"height:47px\" aria-hidden=\"true\" class=\"wp-block-spacer\"><\/div>\n\n\n\n<div class=\"wp-block-media-text is-stacked-on-mobile\"><figure class=\"wp-block-media-text__media\"><img fetchpriority=\"high\" decoding=\"async\" width=\"1024\" height=\"768\" src=\"https:\/\/www.cci.corsica\/wp-content\/uploads\/2025\/10\/fb-1024x768.png\" alt=\"\" class=\"wp-image-8438 size-full\" srcset=\"https:\/\/www.cci.corsica\/wp-content\/uploads\/2025\/10\/fb-1024x768.png 1024w, https:\/\/www.cci.corsica\/wp-content\/uploads\/2025\/10\/fb-300x225.png 300w, https:\/\/www.cci.corsica\/wp-content\/uploads\/2025\/10\/fb-768x576.png 768w, https:\/\/www.cci.corsica\/wp-content\/uploads\/2025\/10\/fb-16x12.png 16w, https:\/\/www.cci.corsica\/wp-content\/uploads\/2025\/10\/fb.png 1333w\" sizes=\"(max-width: 1024px) 100vw, 1024px\" \/><\/figure><div class=\"wp-block-media-text__content\">\n<p><strong><a href=\"https:\/\/www.calameo.com\/read\/0063400182802b0e44244\" target=\"_blank\" rel=\"noreferrer noopener\">Lire La Lettre N\u00b0 58<\/a><\/strong><\/p>\n<\/div><\/div>","protected":false},"excerpt":{"rendered":"<p>Pr\u00e8s de deux milliards sont investis sur la r\u00e9habilitation de la liaison sous-marine d\u2019approvisionnement en \u00e9lectricit\u00e9 entre la Toscane et la Sardaigne via la Corse.<\/p>","protected":false},"author":6,"featured_media":8508,"comment_status":"closed","ping_status":"closed","sticky":false,"template":"","format":"standard","meta":{"_acf_changed":false,"_seopress_robots_primary_cat":"none","_seopress_titles_title":"","_seopress_titles_desc":"","_seopress_robots_index":"","footnotes":""},"categories":[18,25],"tags":[58,57],"class_list":["post-8505","post","type-post","status-publish","format-standard","has-post-thumbnail","hentry","category-a-la-une","category-actualite","tag-economie","tag-entreprise"],"acf":[],"_links":{"self":[{"href":"https:\/\/www.cci.corsica\/co\/wp-json\/wp\/v2\/posts\/8505","targetHints":{"allow":["GET"]}}],"collection":[{"href":"https:\/\/www.cci.corsica\/co\/wp-json\/wp\/v2\/posts"}],"about":[{"href":"https:\/\/www.cci.corsica\/co\/wp-json\/wp\/v2\/types\/post"}],"author":[{"embeddable":true,"href":"https:\/\/www.cci.corsica\/co\/wp-json\/wp\/v2\/users\/6"}],"replies":[{"embeddable":true,"href":"https:\/\/www.cci.corsica\/co\/wp-json\/wp\/v2\/comments?post=8505"}],"version-history":[{"count":2,"href":"https:\/\/www.cci.corsica\/co\/wp-json\/wp\/v2\/posts\/8505\/revisions"}],"predecessor-version":[{"id":8511,"href":"https:\/\/www.cci.corsica\/co\/wp-json\/wp\/v2\/posts\/8505\/revisions\/8511"}],"wp:featuredmedia":[{"embeddable":true,"href":"https:\/\/www.cci.corsica\/co\/wp-json\/wp\/v2\/media\/8508"}],"wp:attachment":[{"href":"https:\/\/www.cci.corsica\/co\/wp-json\/wp\/v2\/media?parent=8505"}],"wp:term":[{"taxonomy":"category","embeddable":true,"href":"https:\/\/www.cci.corsica\/co\/wp-json\/wp\/v2\/categories?post=8505"},{"taxonomy":"post_tag","embeddable":true,"href":"https:\/\/www.cci.corsica\/co\/wp-json\/wp\/v2\/tags?post=8505"}],"curies":[{"name":"wp","href":"https:\/\/api.w.org\/{rel}","templated":true}]}}