{"id":8513,"date":"2025-10-15T15:33:04","date_gmt":"2025-10-15T13:33:04","guid":{"rendered":"https:\/\/www.cci.corsica\/?p=8513"},"modified":"2025-11-12T15:13:45","modified_gmt":"2025-11-12T14:13:45","slug":"la-lettre-i-un-decret-en-forme-de-pare-soleil","status":"publish","type":"post","link":"https:\/\/www.cci.corsica\/co\/la-lettre-i-un-decret-en-forme-de-pare-soleil\/","title":{"rendered":"La Lettre I Un d\u00e9cret en forme de pare-soleil"},"content":{"rendered":"<p>Les \u00e9pisodes caniculaires ont chang\u00e9 de statut, passant de l\u2019exception \u00e0 la r\u00e8gle. Les employeurs corses n\u2019ont pas attendu pour pr\u00e9munir leurs salari\u00e9s contre les coups de chaleur, surtout sur les chantiers \u00e0 ciel ouvert. <\/p>\n\n\n\n<p>D\u00e9sormais, la pr\u00e9vention devient une figure impos\u00e9e. Le d\u00e9cret du 27\u00a0mai\u00a02025, entr\u00e9 en application le 1<sup>er<\/sup>\u00a0juillet, introduit de nouvelles obligations. L&rsquo;objectif est de prot\u00e9ger les salari\u00e9s contre les risques li\u00e9s \u00e0 la chaleur, d\u00e9gradation des conditions de travail, accidents professionnels, fi\u00e8vre, migraine, crampes, d\u00e9shydratation.<\/p>\n\n\n\n<p>Le texte d\u00e9finit plusieurs seuils de vigilance fix\u00e9s par M\u00e9t\u00e9o-France&nbsp;: vigilance verte, vigilance jaune&nbsp;(exposition sur une p\u00e9riode de 24 \u00e0 48 heures \u00e0 une forte chaleur), vigilance orange&nbsp;(chaleur intense et durable susceptible de constituer un risque sanitaire), vigilance rouge&nbsp;(canicule exceptionnelle par sa dur\u00e9e, son intensit\u00e9, son ampleur g\u00e9ographique qui pr\u00e9sente un fort impact sanitaire). Les \u00ab&nbsp;p\u00e9riodes de canicule&nbsp;\u00bb, qui ouvrent droit au b\u00e9n\u00e9fice de l&rsquo;indemnisation des arr\u00eats de travail dans les entreprises du BTP, se caract\u00e9risent par l&rsquo;atteinte du seuil des niveaux de vigilance orange ou rouge.<\/p>\n\n\n\n<p>Parmi les mesures, l&rsquo;am\u00e9nagement des lieux, des postes et de l\u2019organisation du travail, y compris les p\u00e9riodes de repos ; la mise en \u0153uvre de moyens techniques pour r\u00e9duire le rayonnement solaire et l&rsquo;accumulation de chaleur dans les locaux de travail (pare-soleil, ventilateurs, brumisateurs&#8230;)&nbsp;; l\u2019augmentation de l&rsquo;eau potable fra\u00eeche mise \u00e0 disposition et la fourniture d&rsquo;\u00e9quipements de protection individuelle permettant de maintenir une temp\u00e9rature corporelle stable.<\/p>\n\n\n\n<p>Dans l\u2019\u00eele, nombre de chefs d\u2019entreprise avaient d\u00e9j\u00e0 pris les devants.<\/p>\n\n\n\n<div style=\"height:45px\" aria-hidden=\"true\" class=\"wp-block-spacer\"><\/div>\n\n\n\n<div class=\"wp-block-media-text is-stacked-on-mobile\"><figure class=\"wp-block-media-text__media\"><img fetchpriority=\"high\" decoding=\"async\" width=\"1024\" height=\"768\" src=\"https:\/\/www.cci.corsica\/wp-content\/uploads\/2025\/10\/fb-1024x768.png\" alt=\"\" class=\"wp-image-8438 size-full\" srcset=\"https:\/\/www.cci.corsica\/wp-content\/uploads\/2025\/10\/fb-1024x768.png 1024w, https:\/\/www.cci.corsica\/wp-content\/uploads\/2025\/10\/fb-300x225.png 300w, https:\/\/www.cci.corsica\/wp-content\/uploads\/2025\/10\/fb-768x576.png 768w, https:\/\/www.cci.corsica\/wp-content\/uploads\/2025\/10\/fb-16x12.png 16w, https:\/\/www.cci.corsica\/wp-content\/uploads\/2025\/10\/fb.png 1333w\" sizes=\"(max-width: 1024px) 100vw, 1024px\" \/><\/figure><div class=\"wp-block-media-text__content\">\n<p><strong><a href=\"https:\/\/www.calameo.com\/read\/0063400182802b0e44244\" target=\"_blank\" rel=\"noreferrer noopener\">Lire La Lettre N\u00b0 58<\/a><\/strong><\/p>\n<\/div><\/div>\n\n\n\n<p><\/p>","protected":false},"excerpt":{"rendered":"<p>En Corse comme ailleurs, les coups de chaud se multiplient au point que le gouvernement impose un mode d\u2019emploi aux entreprises<\/p>","protected":false},"author":6,"featured_media":8516,"comment_status":"closed","ping_status":"closed","sticky":false,"template":"","format":"standard","meta":{"_acf_changed":false,"_seopress_robots_primary_cat":"none","_seopress_titles_title":"","_seopress_titles_desc":"","_seopress_robots_index":"","footnotes":""},"categories":[25],"tags":[57],"class_list":["post-8513","post","type-post","status-publish","format-standard","has-post-thumbnail","hentry","category-actualite","tag-entreprise"],"acf":[],"_links":{"self":[{"href":"https:\/\/www.cci.corsica\/co\/wp-json\/wp\/v2\/posts\/8513","targetHints":{"allow":["GET"]}}],"collection":[{"href":"https:\/\/www.cci.corsica\/co\/wp-json\/wp\/v2\/posts"}],"about":[{"href":"https:\/\/www.cci.corsica\/co\/wp-json\/wp\/v2\/types\/post"}],"author":[{"embeddable":true,"href":"https:\/\/www.cci.corsica\/co\/wp-json\/wp\/v2\/users\/6"}],"replies":[{"embeddable":true,"href":"https:\/\/www.cci.corsica\/co\/wp-json\/wp\/v2\/comments?post=8513"}],"version-history":[{"count":1,"href":"https:\/\/www.cci.corsica\/co\/wp-json\/wp\/v2\/posts\/8513\/revisions"}],"predecessor-version":[{"id":8517,"href":"https:\/\/www.cci.corsica\/co\/wp-json\/wp\/v2\/posts\/8513\/revisions\/8517"}],"wp:featuredmedia":[{"embeddable":true,"href":"https:\/\/www.cci.corsica\/co\/wp-json\/wp\/v2\/media\/8516"}],"wp:attachment":[{"href":"https:\/\/www.cci.corsica\/co\/wp-json\/wp\/v2\/media?parent=8513"}],"wp:term":[{"taxonomy":"category","embeddable":true,"href":"https:\/\/www.cci.corsica\/co\/wp-json\/wp\/v2\/categories?post=8513"},{"taxonomy":"post_tag","embeddable":true,"href":"https:\/\/www.cci.corsica\/co\/wp-json\/wp\/v2\/tags?post=8513"}],"curies":[{"name":"wp","href":"https:\/\/api.w.org\/{rel}","templated":true}]}}