{"id":8518,"date":"2025-10-16T15:34:41","date_gmt":"2025-10-16T13:34:41","guid":{"rendered":"https:\/\/www.cci.corsica\/?p=8518"},"modified":"2025-11-12T15:13:00","modified_gmt":"2025-11-12T14:13:00","slug":"la-lettre-i-une-boussole-rse","status":"publish","type":"post","link":"https:\/\/www.cci.corsica\/co\/la-lettre-i-une-boussole-rse\/","title":{"rendered":"La Lettre I Une \u00ab\u00a0boussole RSE\u00a0\u00bb pour la Corse"},"content":{"rendered":"<p><\/p>\n\n\n\n<p>La RSE, la responsabilit\u00e9 sociale des entreprises, constitue un engagement de solidarit\u00e9 \u2013 voire de fraternit\u00e9 \u2013 pour une entreprise soucieuse d\u2019emprunter un chemin balis\u00e9 par la double volont\u00e9 d\u2019int\u00e9grer ses responsabilit\u00e9s sociales et environnementales dans son fonctionnement quotidien, au b\u00e9n\u00e9ficie de ses salari\u00e9s, de ses clients, de ses partenaires commerciaux, mais aussi dans ses plans de d\u00e9veloppement.<\/p>\n\n\n\n<p>Sous l\u2019impulsion de la CCI de Corse, les clubs d\u00e9partementaux \u00ab\u00a0Les entreprises s\u2019engagent\u00a0\u00bb, r\u00e9unis le 25 septembre \u00e0 Corte, se sont appropri\u00e9 cette philosophie vertueuse en posant les premiers jalons d\u2019un mod\u00e8le RSE adapt\u00e9 \u00e0 notre territoire.<\/p>\n\n\n\n<p>La cr\u00e9ation d\u2019un label, la constitution d\u2019une coop\u00e9rative d\u2019achats, l\u2019optimisation de ses valeurs de r\u00e9f\u00e9rence pour \u00eatre plus attirant&nbsp;: voil\u00e0 quelques-unes des pistes abord\u00e9es lors de cette r\u00e9union. La \u00ab&nbsp;Boussole RSE&nbsp;\u00bb de la CCI de Corse, outil num\u00e9rique, ouvert \u00e0 tous sera un lieu de diffusion d\u2019informations et de veille partag\u00e9e.<\/p>\n\n\n\n<p>La r\u00e9union constructive de Corte a fait \u00e9merger des outils communs, simples et accessibles, \u00e0 la hauteur des enjeux environnementaux, sociaux et \u00e9conomiques de notre \u00eele pour laquelle la promotion de bonnes conditions de travail et de r\u00e9mun\u00e9ration, l\u2019\u00e9galit\u00e9, l\u2019inclusion, la diversit\u00e9, l\u2019\u00e9conomie circulaire et durable, redore l\u2019image, la rendant plus attractive, plus novatrice et, in fine, plus enviable.<\/p>\n\n\n\n<div style=\"height:41px\" aria-hidden=\"true\" class=\"wp-block-spacer\"><\/div>\n\n\n\n<div class=\"wp-block-media-text is-stacked-on-mobile\"><figure class=\"wp-block-media-text__media\"><img fetchpriority=\"high\" decoding=\"async\" width=\"1024\" height=\"768\" src=\"https:\/\/www.cci.corsica\/wp-content\/uploads\/2025\/10\/fb-1024x768.png\" alt=\"\" class=\"wp-image-8438 size-full\" srcset=\"https:\/\/www.cci.corsica\/wp-content\/uploads\/2025\/10\/fb-1024x768.png 1024w, https:\/\/www.cci.corsica\/wp-content\/uploads\/2025\/10\/fb-300x225.png 300w, https:\/\/www.cci.corsica\/wp-content\/uploads\/2025\/10\/fb-768x576.png 768w, https:\/\/www.cci.corsica\/wp-content\/uploads\/2025\/10\/fb-16x12.png 16w, https:\/\/www.cci.corsica\/wp-content\/uploads\/2025\/10\/fb.png 1333w\" sizes=\"(max-width: 1024px) 100vw, 1024px\" \/><\/figure><div class=\"wp-block-media-text__content\">\n<p><strong><a href=\"https:\/\/www.calameo.com\/read\/0063400182802b0e44244\" target=\"_blank\" rel=\"noreferrer noopener\">Lire La Lettre N\u00b0 58<\/a><\/strong><\/p>\n<\/div><\/div>\n\n\n\n<p><\/p>","protected":false},"excerpt":{"rendered":"<p>Club \u00ab Les entreprises s\u2019engagent \u00bb : pour une soci\u00e9t\u00e9 inclusive et un monde durable<\/p>","protected":false},"author":6,"featured_media":8521,"comment_status":"closed","ping_status":"closed","sticky":false,"template":"","format":"standard","meta":{"_acf_changed":false,"_seopress_robots_primary_cat":"none","_seopress_titles_title":"","_seopress_titles_desc":"","_seopress_robots_index":"","footnotes":""},"categories":[25],"tags":[57],"class_list":["post-8518","post","type-post","status-publish","format-standard","has-post-thumbnail","hentry","category-actualite","tag-entreprise"],"acf":[],"_links":{"self":[{"href":"https:\/\/www.cci.corsica\/co\/wp-json\/wp\/v2\/posts\/8518","targetHints":{"allow":["GET"]}}],"collection":[{"href":"https:\/\/www.cci.corsica\/co\/wp-json\/wp\/v2\/posts"}],"about":[{"href":"https:\/\/www.cci.corsica\/co\/wp-json\/wp\/v2\/types\/post"}],"author":[{"embeddable":true,"href":"https:\/\/www.cci.corsica\/co\/wp-json\/wp\/v2\/users\/6"}],"replies":[{"embeddable":true,"href":"https:\/\/www.cci.corsica\/co\/wp-json\/wp\/v2\/comments?post=8518"}],"version-history":[{"count":3,"href":"https:\/\/www.cci.corsica\/co\/wp-json\/wp\/v2\/posts\/8518\/revisions"}],"predecessor-version":[{"id":8526,"href":"https:\/\/www.cci.corsica\/co\/wp-json\/wp\/v2\/posts\/8518\/revisions\/8526"}],"wp:featuredmedia":[{"embeddable":true,"href":"https:\/\/www.cci.corsica\/co\/wp-json\/wp\/v2\/media\/8521"}],"wp:attachment":[{"href":"https:\/\/www.cci.corsica\/co\/wp-json\/wp\/v2\/media?parent=8518"}],"wp:term":[{"taxonomy":"category","embeddable":true,"href":"https:\/\/www.cci.corsica\/co\/wp-json\/wp\/v2\/categories?post=8518"},{"taxonomy":"post_tag","embeddable":true,"href":"https:\/\/www.cci.corsica\/co\/wp-json\/wp\/v2\/tags?post=8518"}],"curies":[{"name":"wp","href":"https:\/\/api.w.org\/{rel}","templated":true}]}}